{"id":181674,"date":"2019-07-13T15:01:49","date_gmt":"2019-07-13T12:01:49","guid":{"rendered":"http:\/\/www.tvturk.com\/index.php\/15-temmuzda-adanada-20-bin-kisiye-helva-dagitilacak\/"},"modified":"2019-07-13T15:01:49","modified_gmt":"2019-07-13T12:01:49","slug":"15-temmuzda-adanada-20-bin-kisiye-helva-dagitilacak","status":"publish","type":"post","link":"http:\/\/www.tvturk.com\/index.php\/15-temmuzda-adanada-20-bin-kisiye-helva-dagitilacak\/","title":{"rendered":"15 Temmuz\u2019da Adana\u2019da 20 bin ki\u015fiye helva da\u011f\u0131t\u0131lacak"},"content":{"rendered":"<p>Adana\u2019da 15 Temmuz Pazartesi g\u00fcn\u00fc d\u00fczenlenecek \u201cDemokrasi ve Milli Birlik G\u00fcn\u00fc\u201d etkinlikleri dolay\u0131s\u0131yla Adana Valili\u011fi, Adana Sanayi Odas\u0131 ve Adana A\u015f\u00e7\u0131lar ve Pastac\u0131lar Derne\u011fi ortakl\u0131\u011f\u0131nda 20 bin ki\u015fiye irmik helvas\u0131 da\u011f\u0131t\u0131lacak.<\/p>\n<p>Adana\u2019da 15 Temmuz Demokrasi ve Milli Birlik G\u00fcn\u00fc\u2019n\u00fcn 3\u2019\u00fcnc\u00fc y\u0131l\u0131 dolay\u0131s\u0131yla 15 Temmuz Pazartesi g\u00fcn\u00fc Merkez Park\u2019ta d\u00fczenlenecek anma t\u00f6reni i\u00e7in Adana A\u015f\u00e7\u0131lar ve Pastac\u0131lar Derne\u011fi, 20 bin ki\u015fiye da\u011f\u0131tmak \u00fczere irmik helvas\u0131 haz\u0131rl\u0131yor. Ge\u00e7ti\u011fimiz g\u00fcn haz\u0131rl\u0131klar\u0131na ba\u015flanan helva yap\u0131m\u0131nda tamamen g\u00f6n\u00fcll\u00fc olarak 40 a\u015f\u00e7\u0131 ve usta \u00e7al\u0131\u015f\u0131yor. 20 bin ki\u015fiye da\u011f\u0131t\u0131lacak helva malzemesi olan 500 kilogram \u015feker, 250 kilogram irmik, 100 litre s\u0131v\u0131ya\u011f, 150 adet margarin, 50 kilogram tereya\u011f\u0131 ve \u00e7e\u015fitli \u00fcst malzemelerin hepsi Adana Sanayi Odas\u0131 taraf\u0131ndan kar\u015f\u0131land\u0131.<\/p>\n<p>Toplamda 8 kazanda pazartesi g\u00fcn\u00fcne kadar haz\u0131rlanacak helvalar, 15 Temmuz Demokrasi ve Milli Birlik G\u00fcn\u00fcnde vatanda\u015flara da\u011f\u0131t\u0131lacak. Ger\u00e7ekle\u015ftirilen \u00e7al\u0131\u015fmalarla ilgili a\u00e7\u0131klamalarda bulunan Adana A\u015f\u00e7\u0131lar ve Pastac\u0131lar Derne\u011fi Ba\u015fkan\u0131 Dervi\u015f G\u00f6\u00e7men, helvan\u0131n t\u00fcm p\u00fcf noktalar\u0131na dikkat ederek haz\u0131rland\u0131\u011f\u0131n\u0131 belirterek, \u201cT\u00fcm usta arkada\u015flar\u0131m\u0131z b\u00fcy\u00fck bir \u00f6zveriyle ve tamamen g\u00f6n\u00fcll\u00fcl\u00fck esas\u0131na g\u00f6re \u00e7al\u0131\u015f\u0131yor. Bu helvay\u0131 yaparken herhangi bir \u00fccret talebimiz de olmad\u0131. Gelene\u011fimizde \u00f6l\u00fclerin arkas\u0131ndan irmik helvas\u0131 da\u011f\u0131t\u0131l\u0131r. Biz de 15 Temmuz \u015fehitleri ve t\u00fcm \u015fehitlerimizin ruhu i\u00e7in irmik helvas\u0131 haz\u0131rl\u0131yoruz. T\u00fcm \u015fehitlerimizin ruhlar\u0131 \u015fad, mekanlar\u0131 cennet olsun. \u0130n\u015fallah \u00f6n\u00fcm\u00fczdeki y\u0131llarda 30 bin, 50 bin ki\u015fiye helva da\u011f\u0131tabiliriz\u201d diye konu\u015ftu.<\/p>\n","protected":false},"excerpt":{"rendered":"<p>ADANA\u2019DA 15 TEMMUZ PAZARTES\u0130 G\u00dcN\u00dc D\u00dcZENLENECEK \u201cDEMOKRAS\u0130 VE M\u0130LL\u0130 B\u0130RL\u0130K G\u00dcN\u00dc\u201d ETK\u0130NL\u0130KLER\u0130 DOLAYISIYLA ADANA VAL\u0130L\u0130\u011e\u0130, ADANA SANAY\u0130 ODASI VE ADANA A\u015e\u00c7ILAR VE PASTACILAR DERNE\u011e\u0130 ORTAKLI\u011eINDA 20 B\u0130N K\u0130\u015e\u0130YE \u0130RM\u0130K HELVASI DA\u011eITILACAK.<\/p>\n","protected":false},"author":1,"featured_media":181675,"comment_status":"closed","ping_status":"open","sticky":false,"template":"","format":"standard","meta":{"jetpack_post_was_ever_published":false,"_jetpack_newsletter_access":"","_jetpack_dont_email_post_to_subs":false,"_jetpack_newsletter_tier_id":0,"_jetpack_memberships_contains_paywalled_content":false,"_jetpack_memberships_contains_paid_content":false,"footnotes":"","jetpack_publicize_message":"","jetpack_publicize_feature_enabled":true,"jetpack_social_post_already_shared":true,"jetpack_social_options":{"image_generator_settings":{"template":"highway","default_image_id":0,"font":"","enabled":false},"version":2}},"categories":[1],"tags":[25114,2887,213,6549,2667,18783],"class_list":["post-181674","post","type-post","status-publish","format-standard","has-post-thumbnail","hentry","category-genel","tag-helva","tag-adanada","tag-bin","tag-dagitilacak","tag-kisiye","tag-temmuzda"],"jetpack_publicize_connections":[],"jetpack_featured_media_url":"https:\/\/i0.wp.com\/www.tvturk.com\/wp-content\/uploads\/2019\/07\/15-temmuzda-adanada-20-bin-kisiye-helva-dagitilacak_c96e4c3.jpg?fit=1000%2C662","jetpack_sharing_enabled":true,"jetpack_shortlink":"https:\/\/wp.me\/paKIfm-Lge","_links":{"self":[{"href":"http:\/\/www.tvturk.com\/index.php\/wp-json\/wp\/v2\/posts\/181674","targetHints":{"allow":["GET"]}}],"collection":[{"href":"http:\/\/www.tvturk.com\/index.php\/wp-json\/wp\/v2\/posts"}],"about":[{"href":"http:\/\/www.tvturk.com\/index.php\/wp-json\/wp\/v2\/types\/post"}],"author":[{"embeddable":true,"href":"http:\/\/www.tvturk.com\/index.php\/wp-json\/wp\/v2\/users\/1"}],"replies":[{"embeddable":true,"href":"http:\/\/www.tvturk.com\/index.php\/wp-json\/wp\/v2\/comments?post=181674"}],"version-history":[{"count":0,"href":"http:\/\/www.tvturk.com\/index.php\/wp-json\/wp\/v2\/posts\/181674\/revisions"}],"wp:featuredmedia":[{"embeddable":true,"href":"http:\/\/www.tvturk.com\/index.php\/wp-json\/wp\/v2\/media\/181675"}],"wp:attachment":[{"href":"http:\/\/www.tvturk.com\/index.php\/wp-json\/wp\/v2\/media?parent=181674"}],"wp:term":[{"taxonomy":"category","embeddable":true,"href":"http:\/\/www.tvturk.com\/index.php\/wp-json\/wp\/v2\/categories?post=181674"},{"taxonomy":"post_tag","embeddable":true,"href":"http:\/\/www.tvturk.com\/index.php\/wp-json\/wp\/v2\/tags?post=181674"}],"curies":[{"name":"wp","href":"https:\/\/api.w.org\/{rel}","templated":true}]}}