{"id":181676,"date":"2019-07-13T15:02:08","date_gmt":"2019-07-13T12:02:08","guid":{"rendered":"http:\/\/www.tvturk.com\/index.php\/altayin-ucagi-rotar-yapinca-ekip-havalimanini-costurdu\/"},"modified":"2019-07-13T15:02:08","modified_gmt":"2019-07-13T12:02:08","slug":"altayin-ucagi-rotar-yapinca-ekip-havalimanini-costurdu","status":"publish","type":"post","link":"http:\/\/www.tvturk.com\/index.php\/altayin-ucagi-rotar-yapinca-ekip-havalimanini-costurdu\/","title":{"rendered":"Altay\u2019\u0131n u\u00e7a\u011f\u0131 r\u00f6tar yap\u0131nca ekip havaliman\u0131n\u0131 co\u015fturdu"},"content":{"rendered":"<p>\u00dcnl\u00fc sanat\u00e7\u0131 Altay, bir konser i\u00e7in Antalya\u2019dan K\u0131br\u0131s\u2019a gitmek istedi. K\u0131br\u0131s\u2019a gidece\u011fi u\u00e7ak r\u00f6tar yapan Altay\u2019\u0131n orkestras\u0131, havaliman\u0131nda mini bir konser ve dans g\u00f6sterisi yaparak havaliman\u0131ndaki yolcular\u0131 e\u011flendirdi. Ortaya ise renkli g\u00f6r\u00fcnt\u00fcler \u00e7\u0131kt\u0131.<\/p>\n<p>\u00dcnl\u00fc sanat\u00e7\u0131 Altay ve orkestras\u0131, bir konser nedeniyle Antalya\u2019dan K\u0131br\u0131s\u2019a gitmek istedi. Antalya Havaliman\u0131\u2019na gelen ekip, bir m\u00fcddet bekledi, daha sonra ise K\u0131br\u0131s u\u00e7a\u011f\u0131n\u0131n r\u00f6tar yapt\u0131\u011f\u0131 yolculara bildirildi.<\/p>\n<p>Bunun \u00fczerine D\u0131\u015f Hatlar Terminalinde bekleyen ekip, enstr\u00fcmanlar\u0131n\u0131 \u00e7almaya ba\u015flad\u0131. Orkestra, hareketli par\u00e7alar \u00e7ald\u0131k\u00e7a dikkatleri \u00fczerine \u00e7ekti ve adeta mini bir konser verdi. Bekleme salonundaki yolcularda, ekibin \u00e7ald\u0131\u011f\u0131 par\u00e7alara e\u015flik ederek canl\u0131 m\u00fczik performans\u0131n\u0131n tad\u0131n\u0131 \u00e7\u0131kard\u0131. T\u00fcm bu anlar ise cep telefonlar\u0131na kaydedildi.<\/p>\n<p>&#8220;Komando Mar\u015f\u0131&#8221; ile konsere haz\u0131rland\u0131lar<\/p>\n<p>\u00dcnl\u00fc sanat\u00e7\u0131n\u0131n sahne alaca\u011f\u0131 K\u0131br\u0131s\u2019ta ise konser \u00f6ncesi Altay ve ekibi d\u00fcz ko\u015fu ile \u0131s\u0131nma turu att\u0131. &#8220;Komando Mar\u015f\u0131&#8221; ile sahne alaca\u011f\u0131 mekanda \u0131s\u0131nma turu atan Altay ve orkestras\u0131, bu g\u00f6r\u00fcnt\u00fcleri de sosyal medyadan payla\u015ft\u0131. Altay ve ekibinin e\u011flenceli anlar\u0131 renkli g\u00f6r\u00fcnt\u00fclere sahne oldu.<\/p>\n","protected":false},"excerpt":{"rendered":"<p>\u00dcNL\u00dc SANAT\u00c7ININ SAHNE ALACA\u011eI KIBRIS&#8217;TA \u0130SE KONSER \u00d6NCES\u0130 ALTAY VE EK\u0130B\u0130 D\u00dcZ KO\u015eU \u0130LE ISINMA TURU ATTI. &#8220;KOMANDO MAR\u015eI&#8221; \u0130LE SAHNE ALACA\u011eI MEKANDA ISINMA TURU ATAN ALTAY VE ORKESTRASI, BU G\u00d6R\u00dcNT\u00dcLER\u0130 DE SOSYAL MEDYADAN PAYLA\u015eTI. ALTAY VE EK\u0130B\u0130N\u0130N E\u011eLENCEL\u0130 ANLARI RENKL\u0130 G\u00d6R\u00dcNT\u00dcLERE SAHNE OLDU.<\/p>\n","protected":false},"author":1,"featured_media":181677,"comment_status":"closed","ping_status":"open","sticky":false,"template":"","format":"standard","meta":{"jetpack_post_was_ever_published":false,"_jetpack_newsletter_access":"","_jetpack_dont_email_post_to_subs":false,"_jetpack_newsletter_tier_id":0,"_jetpack_memberships_contains_paywalled_content":false,"_jetpack_memberships_contains_paid_content":false,"footnotes":"","jetpack_publicize_message":"","jetpack_publicize_feature_enabled":true,"jetpack_social_post_already_shared":true,"jetpack_social_options":{"image_generator_settings":{"template":"highway","default_image_id":0,"font":"","enabled":false},"version":2}},"categories":[1],"tags":[17802,23170,18772,30892,44818,17580,19441],"class_list":["post-181676","post","type-post","status-publish","format-standard","has-post-thumbnail","hentry","category-genel","tag-altayin","tag-costurdu","tag-ekip","tag-havalimanini","tag-rotar","tag-ucagi","tag-yapinca"],"jetpack_publicize_connections":[],"jetpack_featured_media_url":"https:\/\/i0.wp.com\/www.tvturk.com\/wp-content\/uploads\/2019\/07\/altayin-ucagi-rotar-yapinca-ekip-havalimanini-costurdu_199ec2c.jpg?fit=1000%2C600","jetpack_sharing_enabled":true,"jetpack_shortlink":"https:\/\/wp.me\/paKIfm-Lgg","_links":{"self":[{"href":"http:\/\/www.tvturk.com\/index.php\/wp-json\/wp\/v2\/posts\/181676","targetHints":{"allow":["GET"]}}],"collection":[{"href":"http:\/\/www.tvturk.com\/index.php\/wp-json\/wp\/v2\/posts"}],"about":[{"href":"http:\/\/www.tvturk.com\/index.php\/wp-json\/wp\/v2\/types\/post"}],"author":[{"embeddable":true,"href":"http:\/\/www.tvturk.com\/index.php\/wp-json\/wp\/v2\/users\/1"}],"replies":[{"embeddable":true,"href":"http:\/\/www.tvturk.com\/index.php\/wp-json\/wp\/v2\/comments?post=181676"}],"version-history":[{"count":0,"href":"http:\/\/www.tvturk.com\/index.php\/wp-json\/wp\/v2\/posts\/181676\/revisions"}],"wp:featuredmedia":[{"embeddable":true,"href":"http:\/\/www.tvturk.com\/index.php\/wp-json\/wp\/v2\/media\/181677"}],"wp:attachment":[{"href":"http:\/\/www.tvturk.com\/index.php\/wp-json\/wp\/v2\/media?parent=181676"}],"wp:term":[{"taxonomy":"category","embeddable":true,"href":"http:\/\/www.tvturk.com\/index.php\/wp-json\/wp\/v2\/categories?post=181676"},{"taxonomy":"post_tag","embeddable":true,"href":"http:\/\/www.tvturk.com\/index.php\/wp-json\/wp\/v2\/tags?post=181676"}],"curies":[{"name":"wp","href":"https:\/\/api.w.org\/{rel}","templated":true}]}}