{"id":181686,"date":"2019-07-13T15:46:30","date_gmt":"2019-07-13T12:46:30","guid":{"rendered":"http:\/\/www.tvturk.com\/index.php\/ankara-buyuksehir-belediye-baskani-mansur-yavas-projelerini-radyo-temsilcilerine-anlatti\/"},"modified":"2019-07-13T15:46:30","modified_gmt":"2019-07-13T12:46:30","slug":"ankara-buyuksehir-belediye-baskani-mansur-yavas-projelerini-radyo-temsilcilerine-anlatti","status":"publish","type":"post","link":"http:\/\/www.tvturk.com\/index.php\/ankara-buyuksehir-belediye-baskani-mansur-yavas-projelerini-radyo-temsilcilerine-anlatti\/","title":{"rendered":"Ankara B\u00fcy\u00fck\u015fehir Belediye Ba\u015fkan\u0131 Mansur Yava\u015f projelerini radyo temsilcilerine anlatt\u0131"},"content":{"rendered":"<p>Ankara B\u00fcy\u00fck\u015fehir Belediye Ba\u015fkan\u0131 Mansur Yava\u015f, Ankara\u2019da faaliyet g\u00f6steren radyo istasyonlar\u0131n\u0131n temsilcileri ile bir araya geldi.<\/p>\n<p>Radyo temsilerinin t\u00fcm sorular\u0131na i\u00e7tenlikle yan\u0131t veren Ba\u015fkan Yava\u015f, Ba\u015fkent ve Ba\u015fkent\u2019e dair projelerini de payla\u015ft\u0131.<\/p>\n<p>\u015eeffaf belediyecilik vurgusu<\/p>\n<p>Son olarak Rusya\u2019ya yapt\u0131\u011f\u0131 ziyaret ve yurt d\u0131\u015f\u0131 temaslar\u0131na ili\u015fkin g\u00f6zlemlerini radyoculara anlatan Ba\u015fkan Yava\u015f, Ba\u015fkent ekonomisini canland\u0131racak projelere \u00f6ncelik vereceklerini s\u00f6yledi.<\/p>\n<p>\u015eeffaf belediyecilik anlay\u0131\u015f\u0131n\u0131 yayg\u0131nla\u015ft\u0131racak uygulamalar\u0131 teker teker hayata ge\u00e7irmeye ba\u015flad\u0131klar\u0131n\u0131 belirten Ba\u015fkan Yava\u015f, Belediye ihalelerini sosyal medya hesaplar\u0131 \u00fczerinden canl\u0131 yay\u0131nlamaya ba\u015flad\u0131klar\u0131n\u0131 ve olumlu geri d\u00f6n\u00fc\u015fler ald\u0131klar\u0131n\u0131 ifade etti.<\/p>\n<p>Bas\u0131n \u00f6zg\u00fcrl\u00fc\u011f\u00fc<\/p>\n<p>Bas\u0131n \u00f6zg\u00fcrl\u00fc\u011f\u00fcn\u00fcn ve tarafs\u0131zl\u0131\u011f\u0131n\u0131n \u00f6nemine dikkat \u00e7eken Ba\u015fkan Yava\u015f, \u00f6zelikle 31 Mart yerel se\u00e7imlerinde tarafs\u0131z yay\u0131n yapan radyolara te\u015fekk\u00fcr ederek, minnettar oldu\u011funu s\u00f6yledi.<\/p>\n<p>Sekt\u00f6rel sorunlar\u0131 yak\u0131ndan takip ettiklerinin alt\u0131n\u0131 \u00e7izen Ba\u015fkan Yava\u015f, \u201cHalk\u0131n sesini duyurabilecek tek mecra bas\u0131n. Onun i\u00e7in biz \u00f6zellikle hem yerel bas\u0131n\u0131 hem de Ankara\u2019daki radyolar\u0131 g\u00fcc\u00fcm\u00fcz\u00fcn yetti\u011fi kadar desteklemeye devam edece\u011fiz\u201d dedi.<\/p>\n<p>Fakirlikle m\u00fccadele<\/p>\n<p>Radyo temsilcileriyle sohbetinde Ba\u015fkent\u2019te sosyal belediyecilik projelerini yayg\u0131nla\u015ft\u0131rmaya \u00e7al\u0131\u015facaklar\u0131n\u0131 s\u00f6yleyen Ba\u015fkan Yava\u015f, toplumsal bar\u0131\u015f\u0131n tabana yay\u0131lmas\u0131 i\u00e7in yo\u011fun \u00e7aba harcayacaklar\u0131n\u0131 vurgulad\u0131.<\/p>\n<p>Yerel y\u00f6netimlerin en \u00f6nemli g\u00f6revleri aras\u0131nda fakirlikle m\u00fccadelenin geldi\u011fini belirten Ba\u015fkan Yava\u015f, \u201cEn b\u00fcy\u00fck amac\u0131m dar gelirli ailelerin \u00e7ocuklar\u0131n\u0131 okutmak. Biz muzdarip olan kesimlerin sorunlar\u0131n\u0131n \u00e7\u00f6z\u00fcm\u00fc i\u00e7in g\u00f6n\u00fcll\u00fc olan guruplar\u0131 yan yana getirip bunlarla \u00e7al\u0131\u015ftay yap\u0131p bir y\u00fcr\u00fctme konseyi olu\u015fturaca\u011f\u0131z. Sorunlar\u0131n takip\u00e7isi de olaca\u011f\u0131m. Projelerimizi sizlere ve halk\u0131m\u0131za da dan\u0131\u015faca\u011f\u0131z\u201d de\u011ferlendirmesinde bulundu.<\/p>\n","protected":false},"excerpt":{"rendered":"<p>ANKARA B\u00dcY\u00dcK\u015eEH\u0130R BELED\u0130YE BA\u015eKANI MANSUR YAVA\u015e, ANKARA\u2019DA FAAL\u0130YET G\u00d6STEREN RADYO \u0130STASYONLARININ TEMS\u0130LC\u0130LER\u0130 \u0130LE B\u0130R ARAYA GELD\u0130.<\/p>\n","protected":false},"author":1,"featured_media":181687,"comment_status":"closed","ping_status":"open","sticky":false,"template":"","format":"standard","meta":{"jetpack_post_was_ever_published":false,"_jetpack_newsletter_access":"","_jetpack_dont_email_post_to_subs":false,"_jetpack_newsletter_tier_id":0,"_jetpack_memberships_contains_paywalled_content":false,"_jetpack_memberships_contains_paid_content":false,"footnotes":"","jetpack_publicize_message":"","jetpack_publicize_feature_enabled":true,"jetpack_social_post_already_shared":true,"jetpack_social_options":{"image_generator_settings":{"template":"highway","default_image_id":0,"font":"","enabled":false},"version":2}},"categories":[1],"tags":[1475,356,216,134,191,16884,2581,11527,6878,16885],"class_list":["post-181686","post","type-post","status-publish","format-standard","has-post-thumbnail","hentry","category-genel","tag-ankara","tag-anlatti","tag-baskani","tag-belediye","tag-buyuksehir","tag-mansur","tag-projelerini","tag-radyo","tag-temsilcilerine","tag-yavas"],"jetpack_publicize_connections":[],"jetpack_featured_media_url":"https:\/\/i0.wp.com\/www.tvturk.com\/wp-content\/uploads\/2019\/07\/ankara-buyuksehir-belediye-baskani-mansur-yavas-projelerini-radyo-temsilcilerine-anlatti_dce2f3a.jpg?fit=1000%2C597","jetpack_sharing_enabled":true,"jetpack_shortlink":"https:\/\/wp.me\/paKIfm-Lgq","_links":{"self":[{"href":"http:\/\/www.tvturk.com\/index.php\/wp-json\/wp\/v2\/posts\/181686","targetHints":{"allow":["GET"]}}],"collection":[{"href":"http:\/\/www.tvturk.com\/index.php\/wp-json\/wp\/v2\/posts"}],"about":[{"href":"http:\/\/www.tvturk.com\/index.php\/wp-json\/wp\/v2\/types\/post"}],"author":[{"embeddable":true,"href":"http:\/\/www.tvturk.com\/index.php\/wp-json\/wp\/v2\/users\/1"}],"replies":[{"embeddable":true,"href":"http:\/\/www.tvturk.com\/index.php\/wp-json\/wp\/v2\/comments?post=181686"}],"version-history":[{"count":0,"href":"http:\/\/www.tvturk.com\/index.php\/wp-json\/wp\/v2\/posts\/181686\/revisions"}],"wp:featuredmedia":[{"embeddable":true,"href":"http:\/\/www.tvturk.com\/index.php\/wp-json\/wp\/v2\/media\/181687"}],"wp:attachment":[{"href":"http:\/\/www.tvturk.com\/index.php\/wp-json\/wp\/v2\/media?parent=181686"}],"wp:term":[{"taxonomy":"category","embeddable":true,"href":"http:\/\/www.tvturk.com\/index.php\/wp-json\/wp\/v2\/categories?post=181686"},{"taxonomy":"post_tag","embeddable":true,"href":"http:\/\/www.tvturk.com\/index.php\/wp-json\/wp\/v2\/tags?post=181686"}],"curies":[{"name":"wp","href":"https:\/\/api.w.org\/{rel}","templated":true}]}}