{"id":181696,"date":"2019-07-13T15:47:19","date_gmt":"2019-07-13T12:47:19","guid":{"rendered":"http:\/\/www.tvturk.com\/index.php\/galatasaray-ile-sevilla-arasinda-son-2-senede-3-transfer\/"},"modified":"2019-07-13T15:47:19","modified_gmt":"2019-07-13T12:47:19","slug":"galatasaray-ile-sevilla-arasinda-son-2-senede-3-transfer","status":"publish","type":"post","link":"http:\/\/www.tvturk.com\/index.php\/galatasaray-ile-sevilla-arasinda-son-2-senede-3-transfer\/","title":{"rendered":"Galatasaray ile Sevilla aras\u0131nda son 2 senede 3 transfer"},"content":{"rendered":"<p>Galatasaray ile Sevilla aras\u0131nda son iki y\u0131lda 3 futbolcu transferi ger\u00e7ekle\u015fti. Sar\u0131-k\u0131rm\u0131z\u0131l\u0131lar Mariano\u2019y\u0131 al\u0131rken, \u0130spanyol temsilcisi ise Carole\u2019u kiral\u0131k olarak, Fernando\u2019yu da bonservisiyle kadrosuna katt\u0131. Aslan\u2019\u0131n transfer g\u00fcndeminde yine bir ba\u015fka Sevillal\u0131 futbolcu Ever Banega bulunuyor.<\/p>\n<p>Galatasaray ile \u0130spanyol ekibi Sevilla aras\u0131nda son y\u0131llarda transfer d\u00f6nemleri hareketli ge\u00e7iyor. \u0130ki tak\u0131m da birbirlerinden futbolcu transferi ger\u00e7ekle\u015ftiriyor. Son olarak sar\u0131-k\u0131rm\u0131z\u0131l\u0131lar\u0131n Brezilyal\u0131 futbolcu Fernando Reges, Sevilla\u2019ya transfer oldu. Bu transferden \u00f6nce 2017 y\u0131l\u0131nda sar\u0131-k\u0131rm\u0131z\u0131l\u0131lar, Brezilyal\u0131 sa\u011f bek Mariano\u2019yu kadrosuna katarken, Cimbom\u2019dan da Lionel Carole \u0130spanyol temsilcisine kiral\u0131k olarak gitmi\u015fti.<\/p>\n<p>Galatasaray, Mariano\u2019nun transferinde bonservisine bonuslar hari\u00e7 4 milyon Euro \u00f6dedi. Sevilla ise sar\u0131-k\u0131rm\u0131z\u0131l\u0131lara Carole\u2019un kiralanmas\u0131na 350 bin Euro, Fernando\u2019nun bonservisine de 4 milyon 500 Euro olmak \u00fczere toplam 4 milyon 850 bin Euro verdi.<\/p>\n<p>Aslan\u2019\u0131n \u015fu aralar transfer g\u00fcndeminde yine bir ba\u015fka Sevillal\u0131 futbolcu Ever Banega bulunuyor.<\/p>\n<p>Galatasaray 2008 y\u0131l\u0131nda da Sevilla\u2019dan \u0130talyan kaleci Morgan de Sanctis\u2019i kiral\u0131k olarak kadrosuna dahil etmi\u015fti.<\/p>\n","protected":false},"excerpt":{"rendered":"<p>GALATASARAY \u0130LE SEV\u0130LLA ARASINDA SON \u0130K\u0130 YILDA 3 FUTBOLCU TRANSFER\u0130 GER\u00c7EKLE\u015eT\u0130. SARI-KIRMIZILILAR MAR\u0130ANO&#8217;YI ALIRKEN, \u0130SPANYOL TEMS\u0130LC\u0130S\u0130 \u0130SE CAROLE&#8217;U K\u0130RALIK OLARAK, FERNANDO&#8217;YU DA BONSERV\u0130S\u0130YLE KADROSUNA KATTI. ASLAN&#8217;IN TRANSFER G\u00dcNDEM\u0130NDE Y\u0130NE B\u0130R BA\u015eKA SEV\u0130LLALI FUTBOLCU EVER BANEGA BULUNUYOR.<\/p>\n","protected":false},"author":1,"featured_media":181697,"comment_status":"closed","ping_status":"open","sticky":false,"template":"","format":"standard","meta":{"jetpack_post_was_ever_published":false,"_jetpack_newsletter_access":"","_jetpack_dont_email_post_to_subs":false,"_jetpack_newsletter_tier_id":0,"_jetpack_memberships_contains_paywalled_content":false,"_jetpack_memberships_contains_paid_content":false,"footnotes":"","jetpack_publicize_message":"","jetpack_publicize_feature_enabled":true,"jetpack_social_post_already_shared":true,"jetpack_social_options":{"image_generator_settings":{"template":"highway","default_image_id":0,"font":"","enabled":false},"version":2}},"categories":[657],"tags":[1882,1976,192,29197,44822,1240,2518],"class_list":["post-181696","post","type-post","status-publish","format-standard","has-post-thumbnail","hentry","category-spor","tag-arasinda","tag-galatasaray","tag-ile","tag-senede","tag-sevilla","tag-son","tag-transfer"],"jetpack_publicize_connections":[],"jetpack_featured_media_url":"https:\/\/i0.wp.com\/www.tvturk.com\/wp-content\/uploads\/2019\/07\/galatasaray-ile-sevilla-arasinda-son-2-senede-3-transfer_d632c9f.jpg?fit=1000%2C842","jetpack_sharing_enabled":true,"jetpack_shortlink":"https:\/\/wp.me\/paKIfm-LgA","_links":{"self":[{"href":"http:\/\/www.tvturk.com\/index.php\/wp-json\/wp\/v2\/posts\/181696","targetHints":{"allow":["GET"]}}],"collection":[{"href":"http:\/\/www.tvturk.com\/index.php\/wp-json\/wp\/v2\/posts"}],"about":[{"href":"http:\/\/www.tvturk.com\/index.php\/wp-json\/wp\/v2\/types\/post"}],"author":[{"embeddable":true,"href":"http:\/\/www.tvturk.com\/index.php\/wp-json\/wp\/v2\/users\/1"}],"replies":[{"embeddable":true,"href":"http:\/\/www.tvturk.com\/index.php\/wp-json\/wp\/v2\/comments?post=181696"}],"version-history":[{"count":0,"href":"http:\/\/www.tvturk.com\/index.php\/wp-json\/wp\/v2\/posts\/181696\/revisions"}],"wp:featuredmedia":[{"embeddable":true,"href":"http:\/\/www.tvturk.com\/index.php\/wp-json\/wp\/v2\/media\/181697"}],"wp:attachment":[{"href":"http:\/\/www.tvturk.com\/index.php\/wp-json\/wp\/v2\/media?parent=181696"}],"wp:term":[{"taxonomy":"category","embeddable":true,"href":"http:\/\/www.tvturk.com\/index.php\/wp-json\/wp\/v2\/categories?post=181696"},{"taxonomy":"post_tag","embeddable":true,"href":"http:\/\/www.tvturk.com\/index.php\/wp-json\/wp\/v2\/tags?post=181696"}],"curies":[{"name":"wp","href":"https:\/\/api.w.org\/{rel}","templated":true}]}}