{"id":181698,"date":"2019-07-13T16:01:31","date_gmt":"2019-07-13T13:01:31","guid":{"rendered":"http:\/\/www.tvturk.com\/index.php\/turkler-15-temmuz-tatili-sebebiyle-yunan-adalarina-akin-etti\/"},"modified":"2019-07-13T16:01:31","modified_gmt":"2019-07-13T13:01:31","slug":"turkler-15-temmuz-tatili-sebebiyle-yunan-adalarina-akin-etti","status":"publish","type":"post","link":"http:\/\/www.tvturk.com\/index.php\/turkler-15-temmuz-tatili-sebebiyle-yunan-adalarina-akin-etti\/","title":{"rendered":"T\u00fcrkler 15 Temmuz tatili sebebiyle Yunan adalar\u0131na ak\u0131n etti"},"content":{"rendered":"<p>Hain darbe giri\u015fiminin 3. y\u0131ld\u00f6n\u00fcm\u00fcne rastlayan 15 Temmuz Pazartesi g\u00fcn\u00fcn\u00fcn resmi tatil ilan edilmesini f\u0131rsat bilen T\u00fcrk tatilciler, hafta sonu ile birlikte 3 g\u00fcne \u00e7\u0131kan tatilini Yunan adalar\u0131nda ge\u00e7irmek i\u00e7in harekete ge\u00e7ti. T\u00fcrk tatilciler, Yunanistan\u2019\u0131n Midilli adas\u0131 ba\u015fta olmak \u00fczere bu \u00fclkenin Ege\u2019deki adalar\u0131na gidebilmek i\u00e7in Bal\u0131kesir\u2019in Ayval\u0131k il\u00e7esinde bulunan deniz hudut kap\u0131s\u0131 \u00f6n\u00fcnde uzun kuyruklar olu\u015fturdu.<\/p>\n<p>Sabah\u0131n ilk saatlerinde hudut kap\u0131s\u0131 \u00f6n\u00fcnde beklemeye ba\u015flayan tatilcilerin g\u00f6sterdi\u011fi bu yo\u011funluk Yunanl\u0131lar taraf\u0131ndan memnuniyetle kar\u015f\u0131land\u0131. Midilli ile Ayval\u0131k aras\u0131nda 36 y\u0131ldan bu yana kar\u015f\u0131l\u0131kl\u0131 feribot seferleri d\u00fczenleyen Jalem Turizm\u2019in sahiplerinden E\u015fref Jale, ya\u015fan\u0131lan durumun son y\u0131llar\u0131n en b\u00fcy\u00fck yo\u011funlu\u011fu oldu\u011funu vurgulayarak, \u201cVatanda\u015flar 3 g\u00fcnl\u00fck tatil f\u0131rsat\u0131n\u0131 Yunan adalar\u0131nda ge\u00e7irmeyi tercih ettiler. Bu kez hi\u00e7 beklemedi\u011fimiz bir kalabal\u0131k Midilli\u2019ye ge\u00e7mek i\u00e7in kuyru\u011fa girdi. \u015eu ana kadar yakla\u015f\u0131k bin 500 tatilci biletlerini alm\u0131\u015f durumda. Bu yo\u011funluk firma olarak sadece bizde de\u011fil, ayn\u0131 g\u00fczergahta feribotlar\u0131 bulunan di\u011fer firmalarda da ayn\u0131 oranlarda. Bizim tahminimiz 15 Temmuz\u2019un ard\u0131ndan da bu yo\u011funluk s\u00fcrecek. Bu yo\u011funlu\u011fun yaz sezonu s\u00fcresince devam edece\u011fini \u00fcmit ediyoruz. Zira Yunanistan\u2019\u0131n Ege\u2019deki 2. b\u00fcy\u00fck adas\u0131 olan Midilli\u2019de T\u00fcrk tatilciler i\u00e7in olduk\u00e7a g\u00fczel tatil imkan\u0131 var. Bu y\u00fczden tatilcilerimiz Midilli adas\u0131 olmak \u00fczere Yunanistan\u2019\u0131n Ege adalar\u0131n\u0131 tercih ediyorlar \u201cdedi.<\/p>\n<p>ATO Ba\u015fkan\u0131 B\u00fcy\u00fck\u00e7\u0131vg\u0131n memnun<\/p>\n<p>Ayval\u0131k Ticaret Odas\u0131 Ba\u015fkan\u0131 Mustafa B\u00fcy\u00fck\u00e7\u0131vg\u0131n da, &#8220;Midilli Ticaret Odas\u0131 Ba\u015fkan\u0131 Evangelos Myrs\u0131n\u0131as ve y\u00f6netim kurulu \u00fcyeleri ziyaretimize geldiklerinde T\u00fcrklerin Yunan adalar\u0131na az say\u0131da geldi\u011fini iddia etmi\u015fti. Fakat bug\u00fcn bu kalabal\u0131\u011f\u0131 g\u00f6r\u00fcnce, onlar da T\u00fcrklerin Yunan adalar\u0131n\u0131 tercih etti\u011fine ve T\u00fcrkiye\u2019den \u00f6zellikle Midilli adas\u0131na \u00e7ok fazla say\u0131da turistin gitti\u011fine ikna oldular. \u00c7ok memnun oldular. Ger\u00e7ekten de bug\u00fcn Ayval\u0131k\u2019tan Midilli adas\u0131na giden 3 feribotla bini a\u015fk\u0131n insan Midilli\u2019ye ge\u00e7ecekler. Tabii bu durum oradaki turizme ve ekonomiye de katk\u0131 sa\u011flam\u0131\u015f olacak. Tabii Midilli ile Ayval\u0131k aras\u0131ndaki bu ekonomik hareket kar\u015f\u0131l\u0131kl\u0131 oluyor. Ayval\u0131k\u2019a da her per\u015fembe ve cuma g\u00fcnleri Midilli\u2019den binlerce insan gelip her al\u0131\u015fveri\u015flerini buradan yap\u0131yorlar. Bu kar\u015f\u0131l\u0131kl\u0131 ekonomik al\u0131\u015fveri\u015f ve diyalog sayesinde Ege\u2019nin iki yakas\u0131nda hem dostluk hem de ticaret geli\u015fiyor\u201d ifadelerini kulland\u0131.<\/p>\n<p>Midilli Ticaret Odas\u0131 Ba\u015fkan\u0131 Evangelos Myrs\u0131n\u0131as da yapt\u0131\u011f\u0131 a\u00e7\u0131klamada, \u201cAyval\u0131k Ticaret Odas\u0131 ba\u015fkan\u0131 ve y\u00f6netimiyle Midilli ile Ayval\u0131k aras\u0131nda kar\u015f\u0131l\u0131kl\u0131 ticari ili\u015fkileri daha da ileriye g\u00f6t\u00fcrebilme konular\u0131n\u0131 g\u00f6r\u00fc\u015ft\u00fck. Bu karde\u015fli\u011fi ve dostlu\u011fu her iki tarafta da kar\u015f\u0131l\u0131kl\u0131 olarak  devam ettirmeyi hedefliyoruz. \u015eu anda her iki taraftan da birbirine kar\u015f\u0131l\u0131kl\u0131 gidi\u015f-geli\u015fler var. Buda ekonomik bir hareketlili\u011fi beraberinde getiriyor. Bu durumun daha da artarak b\u00fcy\u00fcmesini ve yaz-k\u0131\u015f devam etmesini arzuluyoruz\u201c diye konu\u015ftu.<\/p>\n","protected":false},"excerpt":{"rendered":"<p>KUYRUKLAR OLU\u015eTU<\/p>\n","protected":false},"author":1,"featured_media":181699,"comment_status":"closed","ping_status":"open","sticky":false,"template":"","format":"standard","meta":{"jetpack_post_was_ever_published":false,"_jetpack_newsletter_access":"","_jetpack_dont_email_post_to_subs":false,"_jetpack_newsletter_tier_id":0,"_jetpack_memberships_contains_paywalled_content":false,"_jetpack_memberships_contains_paid_content":false,"footnotes":"","jetpack_publicize_message":"","jetpack_publicize_feature_enabled":true,"jetpack_social_post_already_shared":true,"jetpack_social_options":{"image_generator_settings":{"template":"highway","default_image_id":0,"font":"","enabled":false},"version":2}},"categories":[19],"tags":[39431,328,207,1924,2210,1148,12021,10036],"class_list":["post-181698","post","type-post","status-publish","format-standard","has-post-thumbnail","hentry","category-ekonomi","tag-adalarina","tag-akin","tag-etti","tag-sebebiyle","tag-tatili","tag-temmuz","tag-turkler","tag-yunan"],"jetpack_publicize_connections":[],"jetpack_featured_media_url":"https:\/\/i0.wp.com\/www.tvturk.com\/wp-content\/uploads\/2019\/07\/turkler-15-temmuz-tatili-sebebiyle-yunan-adalarina-akin-etti_8ab31d0.jpg?fit=1000%2C666","jetpack_sharing_enabled":true,"jetpack_shortlink":"https:\/\/wp.me\/paKIfm-LgC","_links":{"self":[{"href":"http:\/\/www.tvturk.com\/index.php\/wp-json\/wp\/v2\/posts\/181698","targetHints":{"allow":["GET"]}}],"collection":[{"href":"http:\/\/www.tvturk.com\/index.php\/wp-json\/wp\/v2\/posts"}],"about":[{"href":"http:\/\/www.tvturk.com\/index.php\/wp-json\/wp\/v2\/types\/post"}],"author":[{"embeddable":true,"href":"http:\/\/www.tvturk.com\/index.php\/wp-json\/wp\/v2\/users\/1"}],"replies":[{"embeddable":true,"href":"http:\/\/www.tvturk.com\/index.php\/wp-json\/wp\/v2\/comments?post=181698"}],"version-history":[{"count":0,"href":"http:\/\/www.tvturk.com\/index.php\/wp-json\/wp\/v2\/posts\/181698\/revisions"}],"wp:featuredmedia":[{"embeddable":true,"href":"http:\/\/www.tvturk.com\/index.php\/wp-json\/wp\/v2\/media\/181699"}],"wp:attachment":[{"href":"http:\/\/www.tvturk.com\/index.php\/wp-json\/wp\/v2\/media?parent=181698"}],"wp:term":[{"taxonomy":"category","embeddable":true,"href":"http:\/\/www.tvturk.com\/index.php\/wp-json\/wp\/v2\/categories?post=181698"},{"taxonomy":"post_tag","embeddable":true,"href":"http:\/\/www.tvturk.com\/index.php\/wp-json\/wp\/v2\/tags?post=181698"}],"curies":[{"name":"wp","href":"https:\/\/api.w.org\/{rel}","templated":true}]}}