{"id":181706,"date":"2019-07-13T16:16:45","date_gmt":"2019-07-13T13:16:45","guid":{"rendered":"http:\/\/www.tvturk.com\/index.php\/bakan-kurum-rizede-etaplar-halinde-2023-yilina-kadar-tum-sahil-guzergahi-uzerindeki-o-riskli-alanlarin-donusumunu-yapmis-olacagiz\/"},"modified":"2019-07-13T16:16:45","modified_gmt":"2019-07-13T13:16:45","slug":"bakan-kurum-rizede-etaplar-halinde-2023-yilina-kadar-tum-sahil-guzergahi-uzerindeki-o-riskli-alanlarin-donusumunu-yapmis-olacagiz","status":"publish","type":"post","link":"http:\/\/www.tvturk.com\/index.php\/bakan-kurum-rizede-etaplar-halinde-2023-yilina-kadar-tum-sahil-guzergahi-uzerindeki-o-riskli-alanlarin-donusumunu-yapmis-olacagiz\/","title":{"rendered":"Bakan Kurum: &#8220;Rize\u2019de etaplar halinde 2023 y\u0131l\u0131na kadar t\u00fcm sahil g\u00fczergah\u0131 \u00fczerindeki o riskli alanlar\u0131n d\u00f6n\u00fc\u015f\u00fcm\u00fcn\u00fc yapm\u0131\u015f olaca\u011f\u0131z&#8221;"},"content":{"rendered":"<p>\u00c7evre ve \u015eehircilik Bakan\u0131 Murat Kurum, Rize \u015fehir merkezindeki t\u00fcm sahil g\u00fczergah\u0131 \u00fczerindeki riskli alanlar\u0131n 2023 y\u0131l\u0131na kadar d\u00f6n\u00fc\u015f\u00fcm\u00fcn\u00fc yapm\u0131\u015f olacaklar\u0131n\u0131 s\u00f6yledi.<\/p>\n<p>Bakan Murat Kurum, Do\u011fu Karadeniz B\u00f6lgesi\u2019nin ve T\u00fcrkiye\u2019nin d\u00fcnyaca \u00fcnl\u00fc turizm merkezi Ayder Yaylas\u0131\u2019ndaki incelemelerinin ard\u0131ndan bakanl\u0131\u011f\u0131 ile ilgili Rize\u2019deki \u00e7al\u0131\u015fmalar hakk\u0131nda bilgi verdi. Rize\u2019de dolgu \u00fczerinde yer alan binalar\u0131n y\u0131k\u0131m\u0131yla ilgili konu\u015fan Bakan Kurum &#8220;Vatanda\u015flar\u0131m\u0131zla \u00f6n\u00fcm\u00fczdeki hafta itibariyle g\u00f6r\u00fc\u015fmeye ba\u015fl\u0131yoruz. Bu \u00e7er\u00e7evede ilk etab\u0131n\u0131 26 bin metre karelik alanda yapmak suretiyle Rizemize yak\u0131\u015facak \u00f6rnek bir kentsel d\u00f6n\u00fc\u015f\u00fcm projesini belediye bloklar\u0131ndan ba\u015flayarak yap\u0131yoruz. Bu y\u0131l itibariyle de in\u015fallah orada temel atarak etaplar halinde de 2023 y\u0131l\u0131na kadar t\u00fcm sahil g\u00fczergah\u0131 \u00fczerindeki o riskli alanlar\u0131n d\u00f6n\u00fc\u015f\u00fcm\u00fcn\u00fc yapm\u0131\u015f olaca\u011f\u0131z. Buna ili\u015fkin daha \u00f6ne de a\u00e7\u0131klad\u0131\u011f\u0131m\u0131z hem Salarha b\u00f6lgesinde hem de Ya\u011fl\u0131ta\u015f b\u00f6lgesinde rezerv konutlar \u00fcretece\u011fiz. Vatanda\u015flar\u0131m\u0131zla el birli\u011fi i\u00e7erisinde onlar\u0131n r\u0131zas\u0131 \u00e7er\u00e7evesinde kentsel d\u00f6n\u00fc\u015f\u00fcm projesini ger\u00e7ekle\u015ftiriyor olaca\u011f\u0131z&#8221; diye konu\u015ftu.<\/p>\n<p>Rize\u2019ye millet bah\u00e7esi<\/p>\n<p>Rize\u2019de millet bah\u00e7esi projesi ile ilgili olarak da bilgi veren Kurum &#8220;Valili\u011fimizi kald\u0131r\u0131laca\u011f\u0131m\u0131z alanda bir Millet Bah\u00e7esi projesi ger\u00e7ekle\u015ftirece\u011fiz. Yakla\u015f\u0131k 50 d\u00f6n\u00fcml\u00fck alanda Rize merkezimizde End\u00fcstri Meslek Lisesini yapaca\u011f\u0131m\u0131z yeni sanayi alan\u0131na ta\u015f\u0131mak suretiyle hem Emniyet M\u00fcd\u00fcrl\u00fc\u011f\u00fcm\u00fcz\u00fcn bulundu\u011fu bina, hem Meslek Lisesi\u2019nin bulundu\u011fu binay\u0131 da \u00f6rnek Rize\u2019ye yak\u0131\u015f\u0131r bir Millet bah\u00e7esi haline \u00e7evirmi\u015f olaca\u011f\u0131z. Di\u011fer taraftan Rize merkezdeki meydan d\u00fczenlememiz son safhaya geldi. Di\u011fer taraftan sahil yolundaki y\u00fcr\u00fcy\u00fc\u015f yolu ve bisiklet yolunu belediyemizle birlikte projelerini y\u00fcr\u00fct\u00fcyoruz&#8221; ifadelerini kulland\u0131.<\/p>\n<p>Ayder\u2019deki kentsel d\u00f6n\u00fc\u015f\u00fcm<\/p>\n<p>Bakan Kurum, Ayder Yaylas\u0131\u2019ndaki kentsel d\u00f6n\u00fc\u015f\u00fcm \u00e7al\u0131\u015fmalar\u0131 ile ilgili olarak da \u015funlar\u0131 s\u00f6yledi:<\/p>\n<p>&#8220;Ayder b\u00f6lgemiz i\u00e7in de buray\u0131 do\u011fal g\u00fczelliklerini koruyacak ger\u00e7ekten ecdad\u0131n bize b\u0131rakt\u0131\u011f\u0131 bu do\u011fal g\u00fczellikleri gelecek nesillere aktaracak \u00e7ok \u00f6nemli projeyi hayata ge\u00e7iriyoruz. Ayder projemiz kapsam\u0131nda A\u011fustos ay\u0131 i\u00e7erisinde ihalesini neticelendirece\u011fimiz bin 800 ara\u00e7 kapasiteli otopark in\u015faat\u0131na ba\u015fl\u0131yoruz. Yine rezev konut alan\u0131 belirledi\u011fimiz yerde vatanda\u015flar\u0131m\u0131z\u0131n imar plan\u0131na uymayan yap\u0131lar\u0131n\u0131 rezerv konut alan\u0131na ta\u015f\u0131mak suretiyle de yakla\u015f\u0131k 55-60 adet bir rezerv bir konut \u00fcretiyoruz. Burada bizim yap\u0131 olarak uygun g\u00f6rmedi\u011fimiz yap\u0131lar\u0131 da vatanda\u015flar\u0131m\u0131za destek olmak suretiyle bu alanlara ta\u015f\u0131m\u0131\u015f olaca\u011f\u0131z. Kapl\u0131ca oteli olarak bildi\u011fimiz alana da hem kapl\u0131ca termal tesisimizi yenileyerek hem de oraya bu b\u00f6lgeye turizmi canland\u0131racak buradaki istihdam\u0131 art\u0131racak bir yeri geldi\u011finde kongre dahi yap\u0131labilecek \u00f6nemli bir tesisi de kazand\u0131racak projeyi de ba\u015flat\u0131yoruz. Onu da bu y\u0131l i\u00e7erisinde in\u015fas\u0131n\u0131 yapm\u0131\u015f olaca\u011f\u0131z. Kamuoyunda sal\u0131ncak alanlar\u0131 olarak bilinen bu alanlar\u0131 da kamula\u015ft\u0131rarak hazine m\u00fclkiyetine ge\u00e7irme s\u00fcrecini ba\u015flatt\u0131k. Bu s\u00fcrece m\u00fcteakip de burada sal\u0131ncaklar\u0131 olan vatanda\u015flar\u0131m\u0131za da kamula\u015ft\u0131rma bedelleri d\u0131\u015f\u0131nda da kira yard\u0131m\u0131 yapmak suretiyle de sal\u0131ncaklar\u0131m\u0131z\u0131 da A\u011fustos ay\u0131n sonu itibariyle bu b\u00f6lgeden ta\u015f\u0131m\u0131\u015f olaca\u011f\u0131z. 50 adet imar bar\u0131\u015f\u0131na uymayan yine b\u00f6lgedeki plan ko\u015fullar\u0131na uymayan yap\u0131lar var. Bu yap\u0131lar\u0131 da A\u011fustos ay\u0131 sonu itibariyle y\u0131k\u0131mlar\u0131n\u0131 gerekli tebligatlar\u0131 yaparak Ayderimizi in\u015fallah 2020 y\u0131l\u0131 sonu itibariyle kald\u0131r\u0131m\u0131 ile yoluyla, ayd\u0131nlatma dire\u011fi ve y\u00fcr\u00fcy\u00fc\u015f yollar\u0131 ile t\u00fcm T\u00fcrkiye\u2019ye d\u00fcnyaya \u00f6rnek bir turizm cenneti haline getirmek istiyoruz.&#8221;<\/p>\n","protected":false},"excerpt":{"rendered":"<p>\u00c7EVRE VE \u015eEH\u0130RC\u0130L\u0130K BAKANI MURAT KURUM, R\u0130ZE \u015eEH\u0130R MERKEZ\u0130NDEK\u0130 T\u00dcM SAH\u0130L G\u00dcZERGAHI \u00dcZER\u0130NDEK\u0130 R\u0130SKL\u0130 ALANLARIN 2023 YILINA KADAR D\u00d6N\u00dc\u015e\u00dcM\u00dcN\u00dc YAPMI\u015e OLACAKLARINI S\u00d6YLED\u0130.<\/p>\n","protected":false},"author":1,"featured_media":181707,"comment_status":"closed","ping_status":"open","sticky":false,"template":"","format":"standard","meta":{"jetpack_post_was_ever_published":false,"_jetpack_newsletter_access":"","_jetpack_dont_email_post_to_subs":false,"_jetpack_newsletter_tier_id":0,"_jetpack_memberships_contains_paywalled_content":false,"_jetpack_memberships_contains_paid_content":false,"footnotes":"","jetpack_publicize_message":"","jetpack_publicize_feature_enabled":true,"jetpack_social_post_already_shared":true,"jetpack_social_options":{"image_generator_settings":{"template":"highway","default_image_id":0,"font":"","enabled":false},"version":2}},"categories":[1],"tags":[5011,35906,742,40110,44824,44825,4875,3702,2582,2373,15706,2926,8591,1325,10617,24866,7195],"class_list":["post-181706","post","type-post","status-publish","format-standard","has-post-thumbnail","hentry","category-genel","tag-5011","tag-alanlarin","tag-bakan","tag-donusumunu","tag-etaplar","tag-guzergahi","tag-halinde","tag-kadar","tag-kurum","tag-olacagiz","tag-riskli","tag-rizede","tag-sahil","tag-tum","tag-uzerindeki","tag-yapmis","tag-yilina"],"jetpack_publicize_connections":[],"jetpack_featured_media_url":"https:\/\/i0.wp.com\/www.tvturk.com\/wp-content\/uploads\/2019\/07\/bakan-kurum-rizede-etaplar-halinde-2023-yilina-kadar-tum-sahil-guzergahi-uzerindeki-o-riskli-alanlarin-donusumunu-yapmis-olacagiz_0680a69.jpg?fit=1000%2C666","jetpack_sharing_enabled":true,"jetpack_shortlink":"https:\/\/wp.me\/paKIfm-LgK","_links":{"self":[{"href":"http:\/\/www.tvturk.com\/index.php\/wp-json\/wp\/v2\/posts\/181706","targetHints":{"allow":["GET"]}}],"collection":[{"href":"http:\/\/www.tvturk.com\/index.php\/wp-json\/wp\/v2\/posts"}],"about":[{"href":"http:\/\/www.tvturk.com\/index.php\/wp-json\/wp\/v2\/types\/post"}],"author":[{"embeddable":true,"href":"http:\/\/www.tvturk.com\/index.php\/wp-json\/wp\/v2\/users\/1"}],"replies":[{"embeddable":true,"href":"http:\/\/www.tvturk.com\/index.php\/wp-json\/wp\/v2\/comments?post=181706"}],"version-history":[{"count":0,"href":"http:\/\/www.tvturk.com\/index.php\/wp-json\/wp\/v2\/posts\/181706\/revisions"}],"wp:featuredmedia":[{"embeddable":true,"href":"http:\/\/www.tvturk.com\/index.php\/wp-json\/wp\/v2\/media\/181707"}],"wp:attachment":[{"href":"http:\/\/www.tvturk.com\/index.php\/wp-json\/wp\/v2\/media?parent=181706"}],"wp:term":[{"taxonomy":"category","embeddable":true,"href":"http:\/\/www.tvturk.com\/index.php\/wp-json\/wp\/v2\/categories?post=181706"},{"taxonomy":"post_tag","embeddable":true,"href":"http:\/\/www.tvturk.com\/index.php\/wp-json\/wp\/v2\/tags?post=181706"}],"curies":[{"name":"wp","href":"https:\/\/api.w.org\/{rel}","templated":true}]}}