{"id":181722,"date":"2019-07-13T17:16:35","date_gmt":"2019-07-13T14:16:35","guid":{"rendered":"http:\/\/www.tvturk.com\/index.php\/turkiye-burslusu-ogrenciler-ankara-universitesinde-medya-atolyesine-katildi\/"},"modified":"2019-07-13T17:16:35","modified_gmt":"2019-07-13T14:16:35","slug":"turkiye-burslusu-ogrenciler-ankara-universitesinde-medya-atolyesine-katildi","status":"publish","type":"post","link":"http:\/\/www.tvturk.com\/index.php\/turkiye-burslusu-ogrenciler-ankara-universitesinde-medya-atolyesine-katildi\/","title":{"rendered":"T\u00fcrkiye burslusu \u00f6\u011frenciler Ankara \u00dcniversitesi\u2019nde medya at\u00f6lyesine kat\u0131ld\u0131"},"content":{"rendered":"<p>Yurtd\u0131\u015f\u0131 T\u00fcrkler ve Akraba Topluluklar Ba\u015fkanl\u0131\u011f\u0131 (YTB) ve Ankara \u00dcniversitesi \u0130leti\u015fim Fak\u00fcltesi i\u015fbirli\u011fiyle \u201cMedya At\u00f6lyesi\u201d program\u0131 d\u00fczenlendi. T\u00fcrkiye Burslar\u0131 ile T\u00fcrkiye\u2019de ileti\u015fim e\u011fitimi alan uluslararas\u0131 \u00f6\u011frenciler ve Ankara \u00dcniversitesi \u0130leti\u015fim Fak\u00fcltesi \u00f6\u011frencilerinin kat\u0131l\u0131m\u0131yla ger\u00e7ekle\u015ftirilen be\u015f g\u00fcnl\u00fck programda \u00f6\u011frenciler medya alan\u0131nda at\u00f6lye \u00e7al\u0131\u015fmalar\u0131na kat\u0131ld\u0131. Alan\u0131nda uzman e\u011fitici ve akademisyenlerden uygulamal\u0131 ders alan \u00f6\u011frenciler, \u0130leti\u015fim Fak\u00fcltelerinde teorik olarak g\u00f6rd\u00fckleri e\u011fitimlerinin pratik uygulamalar\u0131n\u0131 ger\u00e7ekle\u015ftirme imk\u00e2n\u0131 buldu. \u00d6\u011frenciler at\u00f6lye \u00e7al\u0131\u015fmalar\u0131nda \u201cT\u00fcrkiye Burslar\u0131\u201d konulu tan\u0131t\u0131m materyalleri de tasarlad\u0131lar.<\/p>\n<p>At\u00f6lyelerde \u00e7al\u0131\u015ft\u0131lar<\/p>\n<p>Programa kat\u0131lan \u00f6\u011frenciler Yurtd\u0131\u015f\u0131 T\u00fcrkler ve Akraba Topluluklar Ba\u015fkanl\u0131\u011f\u0131 ile YTB Hamam\u00f6n\u00fc Ofisi\u2019ne de ziyaret ger\u00e7ekle\u015ftirdiler. Program esnas\u0131na \u00f6\u011frenciler Ankara \u00dcniversitesi \u0130leti\u015fim Fak\u00fcltesi Foto\u011fraf, Film, Halkla \u0130li\u015fkiler, G\u00f6r\u00fcn\u00fcm, Reklam ve Radyo at\u00f6lyelerinde be\u015f g\u00fcn boyunca tam zamanl\u0131 olarak \u00e7al\u0131\u015fmalara kat\u0131ld\u0131. Be\u015f g\u00fcnl\u00fck at\u00f6lye \u00e7al\u0131\u015fmalar\u0131n\u0131 tamamlayan \u00f6\u011frencilere kat\u0131l\u0131m belgesi verildi. 8 ile 12 Temmuz 2019 tarihleri aras\u0131nda y\u00fcr\u00fct\u00fclen \u00e7al\u0131\u015fmalara 70\u2019den fazla \u0130leti\u015fim Fak\u00fcltesi \u00f6\u011frencisi i\u015ftirak etti. \u00d6\u011frenciler, ilk kez kat\u0131ld\u0131klar\u0131 uygulamal\u0131 programdan duyduklar\u0131 memnuniyeti ifade ederek, at\u00f6lye \u00e7al\u0131\u015fmalar\u0131nda alanlar\u0131yla ilgili tecr\u00fcbe kazand\u0131klar\u0131n\u0131 ifade etti.<\/p>\n","protected":false},"excerpt":{"rendered":"<p>YURTDI\u015eI T\u00dcRKLER VE AKRABA TOPLULUKLAR BA\u015eKANLI\u011eI (YTB) VE ANKARA \u00dcN\u0130VERS\u0130TES\u0130 \u0130LET\u0130\u015e\u0130M FAK\u00dcLTES\u0130 \u0130\u015eB\u0130RL\u0130\u011e\u0130YLE \u201cMEDYA AT\u00d6LYES\u0130\u201d PROGRAMI D\u00dcZENLEND\u0130. T\u00dcRK\u0130YE BURSLARI \u0130LE T\u00dcRK\u0130YE\u2019DE \u0130LET\u0130\u015e\u0130M E\u011e\u0130T\u0130M\u0130 ALAN ULUSLARARASI \u00d6\u011eRENC\u0130LER VE ANKARA \u00dcN\u0130VERS\u0130TES\u0130 \u0130LET\u0130\u015e\u0130M FAK\u00dcLTES\u0130 \u00d6\u011eRENC\u0130LER\u0130N\u0130N KATILIMIYLA GER\u00c7EKLE\u015eT\u0130R\u0130LEN BE\u015e G\u00dcNL\u00dcK PROGRAMDA \u00d6\u011eRENC\u0130LER MEDYA ALANINDA AT\u00d6LYE \u00c7ALI\u015eMALARINA KATILDI.<\/p>\n","protected":false},"author":1,"featured_media":181723,"comment_status":"closed","ping_status":"open","sticky":false,"template":"","format":"standard","meta":{"jetpack_post_was_ever_published":false,"_jetpack_newsletter_access":"","_jetpack_dont_email_post_to_subs":false,"_jetpack_newsletter_tier_id":0,"_jetpack_memberships_contains_paywalled_content":false,"_jetpack_memberships_contains_paid_content":false,"footnotes":"","jetpack_publicize_message":"","jetpack_publicize_feature_enabled":true,"jetpack_social_post_already_shared":true,"jetpack_social_options":{"image_generator_settings":{"template":"highway","default_image_id":0,"font":"","enabled":false},"version":2}},"categories":[1],"tags":[1475,44832,44831,1757,5066,1293,453,1889],"class_list":["post-181722","post","type-post","status-publish","format-standard","has-post-thumbnail","hentry","category-genel","tag-ankara","tag-atolyesine","tag-burslusu","tag-katildi","tag-medya","tag-ogrenciler","tag-turkiye","tag-universitesinde"],"jetpack_publicize_connections":[],"jetpack_featured_media_url":"https:\/\/i0.wp.com\/www.tvturk.com\/wp-content\/uploads\/2019\/07\/turkiye-burslusu-ogrenciler-ankara-universitesinde-medya-atolyesine-katildi_59938ba.jpg?fit=1000%2C666","jetpack_sharing_enabled":true,"jetpack_shortlink":"https:\/\/wp.me\/paKIfm-Lh0","_links":{"self":[{"href":"http:\/\/www.tvturk.com\/index.php\/wp-json\/wp\/v2\/posts\/181722","targetHints":{"allow":["GET"]}}],"collection":[{"href":"http:\/\/www.tvturk.com\/index.php\/wp-json\/wp\/v2\/posts"}],"about":[{"href":"http:\/\/www.tvturk.com\/index.php\/wp-json\/wp\/v2\/types\/post"}],"author":[{"embeddable":true,"href":"http:\/\/www.tvturk.com\/index.php\/wp-json\/wp\/v2\/users\/1"}],"replies":[{"embeddable":true,"href":"http:\/\/www.tvturk.com\/index.php\/wp-json\/wp\/v2\/comments?post=181722"}],"version-history":[{"count":0,"href":"http:\/\/www.tvturk.com\/index.php\/wp-json\/wp\/v2\/posts\/181722\/revisions"}],"wp:featuredmedia":[{"embeddable":true,"href":"http:\/\/www.tvturk.com\/index.php\/wp-json\/wp\/v2\/media\/181723"}],"wp:attachment":[{"href":"http:\/\/www.tvturk.com\/index.php\/wp-json\/wp\/v2\/media?parent=181722"}],"wp:term":[{"taxonomy":"category","embeddable":true,"href":"http:\/\/www.tvturk.com\/index.php\/wp-json\/wp\/v2\/categories?post=181722"},{"taxonomy":"post_tag","embeddable":true,"href":"http:\/\/www.tvturk.com\/index.php\/wp-json\/wp\/v2\/tags?post=181722"}],"curies":[{"name":"wp","href":"https:\/\/api.w.org\/{rel}","templated":true}]}}