{"id":181724,"date":"2019-07-13T17:16:40","date_gmt":"2019-07-13T14:16:40","guid":{"rendered":"http:\/\/www.tvturk.com\/index.php\/36nci-kara-kuvvetleri-komutani-orgeneral-bayar-son-yolculuguna-ugurlandi\/"},"modified":"2019-07-13T17:16:40","modified_gmt":"2019-07-13T14:16:40","slug":"36nci-kara-kuvvetleri-komutani-orgeneral-bayar-son-yolculuguna-ugurlandi","status":"publish","type":"post","link":"http:\/\/www.tvturk.com\/index.php\/36nci-kara-kuvvetleri-komutani-orgeneral-bayar-son-yolculuguna-ugurlandi\/","title":{"rendered":"36\u2019nc\u0131 Kara Kuvvetleri Komutan\u0131 Orgeneral Bayar son yolculu\u011funa u\u011furland\u0131"},"content":{"rendered":"<p>Milli Savunma Bakan\u0131 Hulusi Akar, 36\u2019nc\u0131 Kara Kuvvetleri Komutan\u0131 Orgeneral Mehmet Hikmet Bayar\u2019\u0131n cenaze t\u00f6renine kat\u0131ld\u0131.<\/p>\n<p>Milli Savunma Bakan\u0131 Hulusi Akar beraberinde Genelkurmay Ba\u015fkan\u0131 Orgeneral Ya\u015far G\u00fcler ve Kuvvet Komutanlar\u0131 ile birlikte eski Kara Kuvvetleri Komutanlar\u0131ndan Orgeneral Mehmet Hikmet Bayar i\u00e7in d\u00fczenlenen cenaze t\u00f6renine kat\u0131ld\u0131. T\u00f6rene eski Genelkurmay Ba\u015fkanlar\u0131  Orgeneral Necdet \u00dcru\u011f, Orgeneral H\u00fcseyin K\u0131vr\u0131ko\u011flu, eski Kuvvet Komutanlar\u0131 ile emekli Orgeneral ve Oramiraller de kat\u0131ld\u0131.<\/p>\n<p>Devam eden rahats\u0131zl\u0131\u011f\u0131n\u0131n ard\u0131ndan hayat\u0131n\u0131 kaybeden 36\u2019nc\u0131 Kara Kuvvetleri Komutan\u0131 Bayar i\u00e7in ilk t\u00f6ren 1\u2019inci Ordu Komutanl\u0131\u011f\u0131 Karargah\u0131\u2019nda d\u00fczenlendi. Sayg\u0131 duru\u015funun ard\u0131ndan Orgeneral Bayar\u2019\u0131n \u00f6zge\u00e7mi\u015fi okundu.<\/p>\n<p>T\u00f6rende konu\u015fan Kara Kuvvetleri Komutan\u0131 Orgeneral \u00dcmit D\u00fcndar, m\u00fcmtaz bir asker ve de\u011ferli bir komutan\u0131n\u0131n ebediyete u\u011furland\u0131\u011f\u0131n\u0131 aktard\u0131. Orgeneral Bayar\u2019\u0131n 47 y\u0131l boyunca b\u00fcy\u00fck bir gurur ve \u015ferefle ta\u015f\u0131d\u0131\u011f\u0131 \u00fcniformas\u0131yla Kara Kuvvetlerinin hemen hemen her kademesinde ba\u015far\u0131yla g\u00f6rev yapt\u0131\u011f\u0131n\u0131 anlatan D\u00fcndar, \u201cKomutan\u0131m\u0131z g\u00f6revde bulundu\u011fu s\u00fcrece \u00e7e\u015fitli k\u0131ta ve karargahlarda \u00fclkemize ve T\u00fcrk Silahl\u0131 Kuvvetlerine \u00f6nemli hizmetlerde bulunmu\u015f, Kara Kuvvetlerinin her bak\u0131mdan geli\u015fmesi i\u00e7in \u00f6zveriyle \u00e7al\u0131\u015fm\u0131\u015f, kendisi gibi se\u00e7kin komutanlar yeti\u015ftirmi\u015ftir\u201d \u015feklinde konu\u015ftu.<\/p>\n<p>Orgeneral Bayar\u2019\u0131n kalplerde derin izler b\u0131rakt\u0131\u011f\u0131n\u0131 s\u00f6yleyen Orgeneral D\u00fcndar, &#8220;Komutan\u0131m\u0131za Kara Kuvvetleri Komutanl\u0131\u011f\u0131n\u0131n bug\u00fcnk\u00fc seviyesine getirilmesine yapt\u0131\u011f\u0131 katk\u0131lardan dolay\u0131 bir kez daha \u015f\u00fckranlar\u0131m\u0131z\u0131 sunuyoruz&#8221; diye konu\u015ftu.<\/p>\n<p>Konu\u015fmalar\u0131n ard\u0131ndan Orgeneral Bayar\u2019\u0131n naa\u015f\u0131, Selimiye Camii\u2019nde k\u0131l\u0131nan \u00f6\u011fle namaz\u0131n\u0131 m\u00fcteakip Zincirlikuyu Mezarl\u0131\u011f\u0131nda topra\u011fa verildi.<\/p>\n","protected":false},"excerpt":{"rendered":"<p>M\u0130LL\u0130 SAVUNMA BAKANI HULUS\u0130 AKAR, 36&#8217;NCI KARA KUVVETLER\u0130 KOMUTANI ORGENERAL MEHMET H\u0130KMET BAYAR&#8217;IN CENAZE T\u00d6REN\u0130NE KATILDI.<\/p>\n","protected":false},"author":1,"featured_media":181725,"comment_status":"closed","ping_status":"open","sticky":false,"template":"","format":"standard","meta":{"jetpack_post_was_ever_published":false,"_jetpack_newsletter_access":"","_jetpack_dont_email_post_to_subs":false,"_jetpack_newsletter_tier_id":0,"_jetpack_memberships_contains_paywalled_content":false,"_jetpack_memberships_contains_paid_content":false,"footnotes":"","jetpack_publicize_message":"","jetpack_publicize_feature_enabled":true,"jetpack_social_post_already_shared":true,"jetpack_social_options":{"image_generator_settings":{"template":"highway","default_image_id":0,"font":"","enabled":false},"version":2}},"categories":[1],"tags":[35240,8225,2053,943,18755,6737,1240,2516,2515],"class_list":["post-181724","post","type-post","status-publish","format-standard","has-post-thumbnail","hentry","category-genel","tag-36nci","tag-bayar","tag-kara","tag-komutani","tag-kuvvetleri","tag-orgeneral","tag-son","tag-ugurlandi","tag-yolculuguna"],"jetpack_publicize_connections":[],"jetpack_featured_media_url":"https:\/\/i0.wp.com\/www.tvturk.com\/wp-content\/uploads\/2019\/07\/36nci-kara-kuvvetleri-komutani-orgeneral-bayar-son-yolculuguna-ugurlandi_d5b6db8.jpg?fit=900%2C600","jetpack_sharing_enabled":true,"jetpack_shortlink":"https:\/\/wp.me\/paKIfm-Lh2","_links":{"self":[{"href":"http:\/\/www.tvturk.com\/index.php\/wp-json\/wp\/v2\/posts\/181724","targetHints":{"allow":["GET"]}}],"collection":[{"href":"http:\/\/www.tvturk.com\/index.php\/wp-json\/wp\/v2\/posts"}],"about":[{"href":"http:\/\/www.tvturk.com\/index.php\/wp-json\/wp\/v2\/types\/post"}],"author":[{"embeddable":true,"href":"http:\/\/www.tvturk.com\/index.php\/wp-json\/wp\/v2\/users\/1"}],"replies":[{"embeddable":true,"href":"http:\/\/www.tvturk.com\/index.php\/wp-json\/wp\/v2\/comments?post=181724"}],"version-history":[{"count":0,"href":"http:\/\/www.tvturk.com\/index.php\/wp-json\/wp\/v2\/posts\/181724\/revisions"}],"wp:featuredmedia":[{"embeddable":true,"href":"http:\/\/www.tvturk.com\/index.php\/wp-json\/wp\/v2\/media\/181725"}],"wp:attachment":[{"href":"http:\/\/www.tvturk.com\/index.php\/wp-json\/wp\/v2\/media?parent=181724"}],"wp:term":[{"taxonomy":"category","embeddable":true,"href":"http:\/\/www.tvturk.com\/index.php\/wp-json\/wp\/v2\/categories?post=181724"},{"taxonomy":"post_tag","embeddable":true,"href":"http:\/\/www.tvturk.com\/index.php\/wp-json\/wp\/v2\/tags?post=181724"}],"curies":[{"name":"wp","href":"https:\/\/api.w.org\/{rel}","templated":true}]}}