{"id":181730,"date":"2019-07-13T17:31:56","date_gmt":"2019-07-13T14:31:56","guid":{"rendered":"http:\/\/www.tvturk.com\/index.php\/tarihi-osmanli-kenti-safranboluda-miniklerin-temiz-cevre-duyarliligi\/"},"modified":"2019-07-13T17:31:56","modified_gmt":"2019-07-13T14:31:56","slug":"tarihi-osmanli-kenti-safranboluda-miniklerin-temiz-cevre-duyarliligi","status":"publish","type":"post","link":"http:\/\/www.tvturk.com\/index.php\/tarihi-osmanli-kenti-safranboluda-miniklerin-temiz-cevre-duyarliligi\/","title":{"rendered":"Tarihi Osmanl\u0131 Kenti Safranbolu\u2019da miniklerin temiz \u00e7evre duyarl\u0131l\u0131\u011f\u0131"},"content":{"rendered":"<p>UNESO Miras Listesi\u2019nde yer alan Safranbolu\u2019da d\u00fczenlenen \u00e7evre temizli\u011fi etkinli\u011fine kat\u0131lan minikler mahalle ve okul \u00e7evrelerinde bulunan sokaklar\u0131 temizledi.<\/p>\n<p>Safranbolu Belediyesi \u00f6nc\u00fcl\u00fc\u011f\u00fcnde \u2018Daha Temiz Bir Safranbolu \u0130\u00e7in Var M\u0131s\u0131n?\u2019 slogan\u0131yla \u00e7evre temizleme etkinli\u011fi d\u00fczenlendi. UNESCO\u2019nun en iyi korunan kentleri aras\u0131nda yer alan Safranbolu\u2019daki etkinli\u011fe Safranbolu Belediye Ba\u015fkan\u0131 Elif K\u00f6se, belediye personeli, vatanda\u015flar ve \u00e7ocuklar kat\u0131ld\u0131. Ellerine eldivenlerini takan \u00e7ocuklar ve vatanda\u015flar, Ba\u015fkan K\u00f6se \u00f6nc\u00fcl\u00fc\u011f\u00fcnde \u00e7evre duyarl\u0131l\u0131\u011f\u0131 ve temizli\u011fi bilinci uyand\u0131rmak amac\u0131yla mahallede ve okulun \u00e7evresinde bulunan sokaklar\u0131 temizledi. \u00dc\u00e7 ba\u015flang\u0131\u00e7 noktas\u0131nda ba\u015flayan ve 1 saat s\u00fcren temizlik \u00e7al\u0131\u015fmas\u0131 M\u0131sak-\u0131 Milli Meydan\u0131\u2019nda sona erdi.<\/p>\n<p>\u00c7evre temizli\u011fi etkinli\u011finin ard\u0131ndan meydanda konu\u015fma yapan Safranbolu Belediye Ba\u015fkan\u0131 K\u00f6se, \u201c\u00dc\u00e7 ayr\u0131 noktada ba\u015flad\u0131\u011f\u0131m\u0131z temizlik kampanyam\u0131z\u0131 Misak-\u0131 Milli Meydan\u0131nda bitirdik. \u00d6zellikle izmaritleri ayr\u0131 toplad\u0131k. B\u00fct\u00fcn Safranbolu halk\u0131ndan \u00f6zellikle d\u0131\u015farda sigara i\u00e7en erkeklerden tekrar rica ediyorum. L\u00fctfen izmaritlerinizi yerlere atmay\u0131n. Bizler bunun ne kadar k\u00f6t\u00fc g\u00f6r\u00fcnd\u00fc\u011f\u00fcn\u00fc bir araya geldi\u011finde fark etsinler istedik. \u00c7ocuklar\u0131m\u0131zla, gen\u00e7lerimizle, \u00f6zel e\u011fitimdeki \u00e7ocuklar\u0131m\u0131zla, Safranbolu halk\u0131yla kat\u0131ld\u0131k. Umar\u0131m ba\u015far\u0131l\u0131 olmu\u015ftur \u00e7al\u0131\u015fmam\u0131z. Fark\u0131ndal\u0131\u011f\u0131n \u00fcst seviyede oldu\u011funu tahmin ediyorum\u201d dedi.<\/p>\n<p>Ba\u015fkan K\u00f6se, miniklerin \u00e7evre temizli\u011fi etkinli\u011fine olan duyarl\u0131l\u0131klar\u0131 kendisini \u00e7ok mutlu etti\u011fini ve bu \u00e7al\u0131\u015fman\u0131n onlar i\u00e7in bir deneyim olabilece\u011fini s\u00f6yledi.<\/p>\n","protected":false},"excerpt":{"rendered":"<p>UNESO M\u0130RAS L\u0130STES\u0130\u2019NDE YER ALAN SAFRANBOLU\u2019DA D\u00dcZENLENEN \u00c7EVRE TEM\u0130ZL\u0130\u011e\u0130 ETK\u0130NL\u0130\u011e\u0130NE KATILAN M\u0130N\u0130KLER MAHALLEDE, OKUL \u00c7EVRELER\u0130NDE BULUNAN SOKAKLARI TEM\u0130ZLED\u0130.<\/p>\n","protected":false},"author":1,"featured_media":181731,"comment_status":"closed","ping_status":"open","sticky":false,"template":"","format":"standard","meta":{"jetpack_post_was_ever_published":false,"_jetpack_newsletter_access":"","_jetpack_dont_email_post_to_subs":false,"_jetpack_newsletter_tier_id":0,"_jetpack_memberships_contains_paywalled_content":false,"_jetpack_memberships_contains_paid_content":false,"footnotes":"","jetpack_publicize_message":"","jetpack_publicize_feature_enabled":true,"jetpack_social_post_already_shared":true,"jetpack_social_options":{"image_generator_settings":{"template":"highway","default_image_id":0,"font":"","enabled":false},"version":2}},"categories":[1],"tags":[2636,5410,3957,28864,13838,6387,10382,800],"class_list":["post-181730","post","type-post","status-publish","format-standard","has-post-thumbnail","hentry","category-genel","tag-cevre","tag-osmanli","tag-temiz","tag-duyarliligi","tag-kenti","tag-miniklerin","tag-safranboluda","tag-tarihi"],"jetpack_publicize_connections":[],"jetpack_featured_media_url":"https:\/\/i0.wp.com\/www.tvturk.com\/wp-content\/uploads\/2019\/07\/tarihi-osmanli-kenti-safranboluda-miniklerin-temiz-cevre-duyarliligi_a2a07ca.jpg?fit=1000%2C562","jetpack_sharing_enabled":true,"jetpack_shortlink":"https:\/\/wp.me\/paKIfm-Lh8","_links":{"self":[{"href":"http:\/\/www.tvturk.com\/index.php\/wp-json\/wp\/v2\/posts\/181730","targetHints":{"allow":["GET"]}}],"collection":[{"href":"http:\/\/www.tvturk.com\/index.php\/wp-json\/wp\/v2\/posts"}],"about":[{"href":"http:\/\/www.tvturk.com\/index.php\/wp-json\/wp\/v2\/types\/post"}],"author":[{"embeddable":true,"href":"http:\/\/www.tvturk.com\/index.php\/wp-json\/wp\/v2\/users\/1"}],"replies":[{"embeddable":true,"href":"http:\/\/www.tvturk.com\/index.php\/wp-json\/wp\/v2\/comments?post=181730"}],"version-history":[{"count":0,"href":"http:\/\/www.tvturk.com\/index.php\/wp-json\/wp\/v2\/posts\/181730\/revisions"}],"wp:featuredmedia":[{"embeddable":true,"href":"http:\/\/www.tvturk.com\/index.php\/wp-json\/wp\/v2\/media\/181731"}],"wp:attachment":[{"href":"http:\/\/www.tvturk.com\/index.php\/wp-json\/wp\/v2\/media?parent=181730"}],"wp:term":[{"taxonomy":"category","embeddable":true,"href":"http:\/\/www.tvturk.com\/index.php\/wp-json\/wp\/v2\/categories?post=181730"},{"taxonomy":"post_tag","embeddable":true,"href":"http:\/\/www.tvturk.com\/index.php\/wp-json\/wp\/v2\/tags?post=181730"}],"curies":[{"name":"wp","href":"https:\/\/api.w.org\/{rel}","templated":true}]}}