{"id":181742,"date":"2019-07-13T18:16:37","date_gmt":"2019-07-13T15:16:37","guid":{"rendered":"http:\/\/www.tvturk.com\/index.php\/vatan-yildizlari-vakfiindan-15-temmuz-etkinligi\/"},"modified":"2019-07-13T18:16:37","modified_gmt":"2019-07-13T15:16:37","slug":"vatan-yildizlari-vakfiindan-15-temmuz-etkinligi","status":"publish","type":"post","link":"http:\/\/www.tvturk.com\/index.php\/vatan-yildizlari-vakfiindan-15-temmuz-etkinligi\/","title":{"rendered":"Vatan Y\u0131ld\u0131zlar\u0131 Vakf\u0131\u2019\u0131ndan 15 Temmuz etkinli\u011fi"},"content":{"rendered":"<p>15 Temmuz\u2019da darbeci general Semih Terzi\u2019yi \u00f6ld\u00fcren kahraman \u015fehit Astsubay \u00d6mer Halisdemir\u2019in karde\u015fi Vatan Y\u0131ld\u0131zlar\u0131 Vakf\u0131 Genel Ba\u015fkan\u0131 Soner Halisdemir, a\u011fabeyini d\u00fczenledikleri etkinliklerle and\u0131.<\/p>\n<p>\u00c7ukurkuyu Beldesi \u00d6mer Halisdemir Park\u0131nda d\u00fczenlenen etkinlikte Dirili\u015f Ertu\u011frul oyuncular\u0131, Sanat\u00e7\u0131 K\u00fcr\u015fat ve Ali Ercan ile \u00e7ok say\u0131da vatanda\u015f kat\u0131ld\u0131. Programda \u015fiir okuyan Eymen G\u00f6kku\u015f, \u015eehit \u00d6mer Halisdemir\u2019in babas\u0131 Hasan H\u00fcseyin Halisdemir\u2019e duygulu anlar ya\u015fatt\u0131. \u015eiir sonras\u0131 Dirili\u015f Ertu\u011frul dizi oyuncular\u0131 atl\u0131 g\u00f6steri yapt\u0131. Vatan Y\u0131ld\u0131zlar\u0131 Genel Ba\u015fkan\u0131 Soner Halisdemir, &#8220;T\u00fcm \u015fehitlerimizin Kahramanl\u0131k destan\u0131n\u0131 ya\u015fatmak, canl\u0131 tutmak Milli birlik ve beraberlik ruhunu gelecek nesillere aktarmak, vatan\u0131n b\u00f6l\u00fcnmez b\u00fct\u00fcnl\u00fc\u011f\u00fcn\u00fc korunmas\u0131 amac\u0131yla yeni nesillere bu duyguyu vermeye destek olmak istiyoruz. \u015eehit ve Gazi ailelerinin yan\u0131nda olaca\u011f\u0131z. \u00d6mer Halisdemir ve t\u00fcm aziz \u015fehitlerimizin ruhu \u015fad olsun. Tarihimizden bu yana felsefe yazan bir millet de\u011filiz, biz tarihimizi destanla yazan bir milletiz&#8221; dedi.<\/p>\n<p>Programa, Bor Kaymakam\u0131 Bekir S\u0131tk\u0131 Da\u011f, MHP Mersin Milletvekili Olcay K\u0131lavzu, \u015fehidin babas\u0131 Hasan H\u00fcseyin Halisdemir, a\u011fabeyi Do\u011fan Halisdemir ve vatanda\u015flar kat\u0131ld\u0131.<\/p>\n","protected":false},"excerpt":{"rendered":"<p>15 TEMMUZ\u2019DA DARBEC\u0130 GENERAL SEM\u0130H TERZ\u0130\u2019Y\u0130 \u00d6LD\u00dcREN KAHRAMAN \u015eEH\u0130T ASTSUBAY \u00d6MER HAL\u0130SDEM\u0130R\u2019\u0130N KARDE\u015e\u0130 VATAN YILDIZLARI VAKFI GENEL BA\u015eKANI SONER HAL\u0130SDEM\u0130R, A\u011eABEY\u0130N\u0130 D\u00dcZENLED\u0130KLER\u0130 ETK\u0130NL\u0130KLERLE ANDI.<\/p>\n","protected":false},"author":1,"featured_media":181743,"comment_status":"closed","ping_status":"open","sticky":false,"template":"","format":"standard","meta":{"jetpack_post_was_ever_published":false,"_jetpack_newsletter_access":"","_jetpack_dont_email_post_to_subs":false,"_jetpack_newsletter_tier_id":0,"_jetpack_memberships_contains_paywalled_content":false,"_jetpack_memberships_contains_paid_content":false,"footnotes":"","jetpack_publicize_message":"","jetpack_publicize_feature_enabled":true,"jetpack_social_post_already_shared":true,"jetpack_social_options":{"image_generator_settings":{"template":"highway","default_image_id":0,"font":"","enabled":false},"version":2}},"categories":[1],"tags":[69,1148,44838,4708,13549],"class_list":["post-181742","post","type-post","status-publish","format-standard","has-post-thumbnail","hentry","category-genel","tag-etkinligi","tag-temmuz","tag-vakfiindan","tag-vatan","tag-yildizlari"],"jetpack_publicize_connections":[],"jetpack_featured_media_url":"https:\/\/i0.wp.com\/www.tvturk.com\/wp-content\/uploads\/2019\/07\/vatan-yildizlari-vakfiindan-15-temmuz-etkinligi_0a4780f.jpg?fit=1000%2C666","jetpack_sharing_enabled":true,"jetpack_shortlink":"https:\/\/wp.me\/paKIfm-Lhk","_links":{"self":[{"href":"http:\/\/www.tvturk.com\/index.php\/wp-json\/wp\/v2\/posts\/181742","targetHints":{"allow":["GET"]}}],"collection":[{"href":"http:\/\/www.tvturk.com\/index.php\/wp-json\/wp\/v2\/posts"}],"about":[{"href":"http:\/\/www.tvturk.com\/index.php\/wp-json\/wp\/v2\/types\/post"}],"author":[{"embeddable":true,"href":"http:\/\/www.tvturk.com\/index.php\/wp-json\/wp\/v2\/users\/1"}],"replies":[{"embeddable":true,"href":"http:\/\/www.tvturk.com\/index.php\/wp-json\/wp\/v2\/comments?post=181742"}],"version-history":[{"count":0,"href":"http:\/\/www.tvturk.com\/index.php\/wp-json\/wp\/v2\/posts\/181742\/revisions"}],"wp:featuredmedia":[{"embeddable":true,"href":"http:\/\/www.tvturk.com\/index.php\/wp-json\/wp\/v2\/media\/181743"}],"wp:attachment":[{"href":"http:\/\/www.tvturk.com\/index.php\/wp-json\/wp\/v2\/media?parent=181742"}],"wp:term":[{"taxonomy":"category","embeddable":true,"href":"http:\/\/www.tvturk.com\/index.php\/wp-json\/wp\/v2\/categories?post=181742"},{"taxonomy":"post_tag","embeddable":true,"href":"http:\/\/www.tvturk.com\/index.php\/wp-json\/wp\/v2\/tags?post=181742"}],"curies":[{"name":"wp","href":"https:\/\/api.w.org\/{rel}","templated":true}]}}