{"id":181756,"date":"2019-07-13T19:16:29","date_gmt":"2019-07-13T16:16:29","guid":{"rendered":"http:\/\/www.tvturk.com\/index.php\/orman-genel-mudurlugunden-mugla-yanginina-iliskin-iddialara-cevap\/"},"modified":"2019-07-13T19:16:29","modified_gmt":"2019-07-13T16:16:29","slug":"orman-genel-mudurlugunden-mugla-yanginina-iliskin-iddialara-cevap","status":"publish","type":"post","link":"http:\/\/www.tvturk.com\/index.php\/orman-genel-mudurlugunden-mugla-yanginina-iliskin-iddialara-cevap\/","title":{"rendered":"Orman Genel M\u00fcd\u00fcrl\u00fc\u011f\u00fcnden Mu\u011fla yang\u0131n\u0131na ili\u015fkin iddialara cevap"},"content":{"rendered":"<p>Orman Genel M\u00fcd\u00fcrl\u00fc\u011f\u00fc, Mu\u011fla yang\u0131na y\u00f6nelik iddialarla ilgili \u201cT\u00fcm d\u00fcnyada oldu\u011fu gibi \u00fclkemizde de orman yang\u0131nlar\u0131na m\u00fcdahalede helikopterler etkin bir bi\u00e7imde kullan\u0131lmaktad\u0131r. Helikopter pervanelerinin yang\u0131nlar\u0131 k\u00f6r\u00fckledi\u011fi ve alevlendirdi\u011fi iddias\u0131 son derece g\u00fcl\u00fcn\u00e7, kas\u0131tl\u0131 ve yang\u0131n ko\u015fullar\u0131ndan bihaber ki\u015filerin \u00e7\u0131karabilece\u011fi bir s\u00f6ylentidir\u201d a\u00e7\u0131klamas\u0131n\u0131 yapt\u0131.<\/p>\n<p>Orman Genel M\u00fcd\u00fcrl\u00fc\u011f\u00fcnden yap\u0131lan yaz\u0131l\u0131 a\u00e7\u0131klamada, 2019 y\u0131l\u0131nda 1 y\u0131l s\u00fcre ile 5 adet g\u00fcn\u00fcm\u00fcz \u015fartlar\u0131na uygun teknolojiye sahip yang\u0131n s\u00f6nd\u00fcrme u\u00e7a\u011f\u0131 kiralanmas\u0131 i\u00e7in ihaleye \u00e7\u0131k\u0131lm\u0131\u015f olup, bu ihaleye T\u00fcrk Hava Kurumu dahil hi\u00e7 bir kat\u0131l\u0131m olmad\u0131\u011f\u0131 vurgulanarak &#8220;Bunun \u00fczerine kurumumuz farkl\u0131 bir tarihte pazarl\u0131k usul\u00fc ile tekrar ihaleye \u00e7\u0131km\u0131\u015ft\u0131r. Bu ihaleye sadece T\u00fcrk Hava Kurumu teklif vermi\u015ftir. T\u00fcrk Hava Kurumunun bir adet yang\u0131n s\u00f6nd\u00fcrme u\u00e7a\u011f\u0131 i\u00e7in teklif etti\u011fi birim fiyat, ayn\u0131 y\u0131l ihale edilen helikopterin birim fiyat\u0131n\u0131n 3 kat\u0131ndan daha fazla olup, piyasa fiyat\u0131n\u0131n da \u00e7ok \u00fczerindedir. T\u00fcrk Hava Kurumunun sadece 5 adet u\u00e7ak i\u00e7in vermi\u015f oldu\u011fu toplam teklif miktar\u0131, kiralanmas\u0131 gereken helikopter say\u0131s\u0131n\u0131n yar\u0131s\u0131ndan daha fazla bir maliyete tekab\u00fcl etmektedir&#8221; denildi.<\/p>\n<p>&#8220;Bu y\u0131l 34 helikopter ile yang\u0131nlara m\u00fcdahale ediliyor&#8221;<\/p>\n<p>Bunun \u00fczerine Orman Genel M\u00fcd\u00fcrl\u00fc\u011f\u00fc taraf\u0131ndan 2019 y\u0131l\u0131 i\u00e7in daha fazla say\u0131da helikopterlerle yang\u0131n s\u00f6nd\u00fcrme faaliyetlerine devam edilmesi karar\u0131 verildi\u011fine dikkat \u00e7ekilen a\u00e7\u0131klama \u015f\u00f6yle devam etti:<\/p>\n<p>&#8220;\u00d6nceki y\u0131llardan s\u00f6zle\u015fmeleri devam eden farkl\u0131 iki y\u00fckleniciden 16 adet helikoptere ek olarak, 1 y\u0131l s\u00fcreli 18 adet helikopter kiralanmas\u0131 ile ilgili yap\u0131lan ihaleye T\u00fcrk Hava Kurumu da davet edilmi\u015f ve kat\u0131l\u0131m sa\u011flam\u0131\u015ft\u0131r. Bu ihaleye teklif sunan T\u00fcrk Hava Kurumunun, teklif etti\u011fi tutar\u0131n y\u00fcksek olmas\u0131 nedeni ile ihale mevzuat\u0131 gere\u011fi en d\u00fc\u015f\u00fck teklif sunan di\u011fer farkl\u0131 istekliye ihale edilmi\u015f ve s\u00f6zle\u015fme imzalanm\u0131\u015ft\u0131r. Son 3 y\u0131ld\u0131r 24 helikopter ile y\u00fcr\u00fct\u00fclen yang\u0131n s\u00f6nd\u00fcrme faaliyetleri bu y\u0131l toplamda 34 adet helikopter ile y\u00fcr\u00fct\u00fclmektedir. \u0130ddia edildi\u011fi \u015fekilde orman yang\u0131nlar\u0131na m\u00fcdahalede hava g\u00fcc\u00fcm\u00fcz yetersiz oldu\u011fu do\u011fru de\u011fildir.&#8221;<\/p>\n<p>&#8220;T\u00fcm d\u00fcnyada oldu\u011fu gibi garanti u\u00e7u\u015f saati uygulan\u0131yor&#8221;<\/p>\n<p>&#8220;Baz\u0131 haber kaynaklar\u0131nda yer ald\u0131\u011f\u0131 gibi hava ara\u00e7lar\u0131 i\u00e7in, \u2019Ne kadar yanarsa o kadar \u00f6deriz\u2019 iddias\u0131 kesinlikle do\u011fru olmay\u0131p, b\u00f6ylesi bir uygulama s\u00f6z konusu de\u011fildir&#8221; denilen a\u00e7\u0131klamada t\u00fcm d\u00fcnyada oldu\u011fu gibi \u00fclkemizde de yang\u0131n s\u00f6nd\u00fcrme u\u00e7a\u011f\u0131 ve helikopter kiralanmas\u0131nda, \u00f6nceden belirlenen garanti u\u00e7u\u015f saati uygulamalar\u0131 yap\u0131ld\u0131\u011f\u0131 kaydedilerek, &#8220;\u00d6nceki y\u0131llarda oldu\u011fu gibi T\u00fcrk Hava Kurumu dahil di\u011fer t\u00fcm y\u00fcklenicilerle yap\u0131lan yang\u0131n s\u00f6nd\u00fcrme u\u00e7a\u011f\u0131 ve helikopter kiralanmas\u0131 hizmet al\u0131m s\u00f6zle\u015fmelerinde de bu usul ayn\u0131 \u015fekilde yer almaktad\u0131r&#8221; ifadelerine yer verildi.<\/p>\n<p>&#8220;Helikopterler yang\u0131nlarda daha etkin kullan\u0131l\u0131yor&#8221;<\/p>\n<p>A\u00e7\u0131klama \u015f\u00f6yle devam etti: &#8220;T\u00fcrk Hava Kurumuna ait mevcut yang\u0131n s\u00f6nd\u00fcrme u\u00e7aklar\u0131n\u0131n, fiili su ta\u015f\u0131ma kapasitesi iddia edildi\u011fi gibi helikopterin 4-5 kat\u0131 olmay\u0131p, helikopterin 2 kat\u0131 kadar bile de\u011fildir. Helikopterin hareket kabiliyetinin y\u00fcksek olmas\u0131 sebebiyle, orman yang\u0131nlar\u0131 ile m\u00fccadelede e\u011fimli ve k\u0131r\u0131k arazilerde daha etkili oldu\u011fu bilinmektedir. Mevcut u\u00e7aklar teknik olarak sadece deniz, b\u00fcy\u00fck g\u00f6let ve barajlardan su ikmali yapabilmektedir. D\u00fcnyada yeni nesil yang\u0131n s\u00f6nd\u00fcrme u\u00e7aklar\u0131 daha k\u0131sa mesafeli su kaynaklar\u0131ndan da ikmal yapabildi\u011fi bilinmektedir.  Helikopterler ise, deniz, b\u00fcy\u00fck g\u00f6let ve barajlar\u0131n yan\u0131nda, orman yang\u0131nlar\u0131na hassas b\u00f6lgelerde idaremiz taraf\u0131ndan in\u015fa edilen ve say\u0131lar\u0131 3 bin 600\u2019\u00fc ge\u00e7en havuz ve g\u00f6letlerden de su ikmali yapabilme kabiliyeti ile orman yang\u0131nlar\u0131 ile m\u00fccadele idaremiz taraf\u0131ndan daha etkin kullan\u0131lmaktad\u0131r.<\/p>\n<p>Yang\u0131n u\u00e7aklar\u0131nda gece u\u00e7u\u015fu uygulamas\u0131 yok<\/p>\n<p>Di\u011fer yandan iddialar\u0131n aksine havadan s\u00f6nd\u00fcrme operasyonlar\u0131nda ne T\u00fcrk Hava Kurumu u\u00e7aklar\u0131 taraf\u0131ndan ne de di\u011fer hava ara\u00e7lar\u0131nca bug\u00fcne kadar orman yang\u0131nlar\u0131nda gece u\u00e7u\u015fu icra edilmemi\u015ftir. G\u00fcnd\u00fcz \u015fartlar\u0131nda bile \u00e7ok riskli ve zor \u015fartlarda yap\u0131lan havadan yang\u0131n s\u00f6nd\u00fcrme operasyonlar\u0131n\u0131n gece \u015fartlar\u0131nda yap\u0131lmas\u0131 hususu t\u00fcm d\u00fcnya \u00fclkelerinde oldu\u011fu gibi \u00fclkemizde de \u00e7ok yak\u0131ndan takip edilmektedir. D\u00fcnya genelinde pilot uygulamalar d\u0131\u015f\u0131nda hen\u00fcz orman yang\u0131nlar\u0131yla m\u00fccadelede hava ara\u00e7lar\u0131n\u0131n gece u\u00e7u\u015fu mevcut de\u011fildir.<\/p>\n<p>T\u00fcm d\u00fcnyada oldu\u011fu gibi \u00fclkemizde de orman yang\u0131nlar\u0131na m\u00fcdahalede helikopterler etkin bir bi\u00e7imde kullan\u0131lmaktad\u0131r. Helikopter pervanelerinin yang\u0131nlar\u0131 k\u00f6r\u00fckledi\u011fi ve alevlendirdi\u011fi iddias\u0131 son derece g\u00fcl\u00fcn\u00e7, kas\u0131tl\u0131 ve yang\u0131n ko\u015fullar\u0131ndan bihaber ki\u015filerin \u00e7\u0131karabilece\u011fi bir s\u00f6ylentidir.&#8221;<\/p>\n","protected":false},"excerpt":{"rendered":"<p>(AR\u015e\u0130V) ORMAN GENEL M\u00dcD\u00dcRL\u00dc\u011e\u00dc, MU\u011eLA YANGINA Y\u00d6NEL\u0130K \u0130DD\u0130ALARLA \u0130LG\u0130L\u0130 \u201cT\u00dcM D\u00dcNYADA OLDU\u011eU G\u0130B\u0130 \u00dcLKEM\u0130ZDE DE ORMAN YANGINLARINA M\u00dcDAHALEDE HEL\u0130KOPTERLER ETK\u0130N B\u0130R B\u0130\u00c7\u0130MDE KULLANILMAKTADIR. HEL\u0130KOPTER PERVANELER\u0130N\u0130N YANGINLARI K\u00d6R\u00dcKLED\u0130\u011e\u0130 VE ALEVLEND\u0130RD\u0130\u011e\u0130 \u0130DD\u0130ASI SON DERECE G\u00dcL\u00dcN\u00c7, KASITLI VE YANGIN KO\u015eULLARINDAN B\u0130HABER K\u0130\u015e\u0130LER\u0130N \u00c7IKARAB\u0130LECE\u011e\u0130 B\u0130R S\u00d6YLENT\u0130D\u0130R\u201d A\u00c7IKLAMASINI YAPTI.<\/p>\n","protected":false},"author":1,"featured_media":181757,"comment_status":"closed","ping_status":"open","sticky":false,"template":"","format":"standard","meta":{"jetpack_post_was_ever_published":false,"_jetpack_newsletter_access":"","_jetpack_dont_email_post_to_subs":false,"_jetpack_newsletter_tier_id":0,"_jetpack_memberships_contains_paywalled_content":false,"_jetpack_memberships_contains_paid_content":false,"footnotes":"","jetpack_publicize_message":"","jetpack_publicize_feature_enabled":true,"jetpack_social_post_already_shared":true,"jetpack_social_options":{"image_generator_settings":{"template":"highway","default_image_id":0,"font":"","enabled":false},"version":2}},"categories":[1],"tags":[5174,869,1844,9764,2222,6214,2404,44843],"class_list":["post-181756","post","type-post","status-publish","format-standard","has-post-thumbnail","hentry","category-genel","tag-cevap","tag-genel","tag-iddialara","tag-iliskin","tag-mudurlugunden","tag-mugla","tag-orman","tag-yanginina"],"jetpack_publicize_connections":[],"jetpack_featured_media_url":"https:\/\/i0.wp.com\/www.tvturk.com\/wp-content\/uploads\/2019\/07\/orman-genel-mudurlugunden-mugla-yanginina-iliskin-iddialara-cevap_4b34eb3.jpg?fit=1000%2C765","jetpack_sharing_enabled":true,"jetpack_shortlink":"https:\/\/wp.me\/paKIfm-Lhy","_links":{"self":[{"href":"http:\/\/www.tvturk.com\/index.php\/wp-json\/wp\/v2\/posts\/181756","targetHints":{"allow":["GET"]}}],"collection":[{"href":"http:\/\/www.tvturk.com\/index.php\/wp-json\/wp\/v2\/posts"}],"about":[{"href":"http:\/\/www.tvturk.com\/index.php\/wp-json\/wp\/v2\/types\/post"}],"author":[{"embeddable":true,"href":"http:\/\/www.tvturk.com\/index.php\/wp-json\/wp\/v2\/users\/1"}],"replies":[{"embeddable":true,"href":"http:\/\/www.tvturk.com\/index.php\/wp-json\/wp\/v2\/comments?post=181756"}],"version-history":[{"count":0,"href":"http:\/\/www.tvturk.com\/index.php\/wp-json\/wp\/v2\/posts\/181756\/revisions"}],"wp:featuredmedia":[{"embeddable":true,"href":"http:\/\/www.tvturk.com\/index.php\/wp-json\/wp\/v2\/media\/181757"}],"wp:attachment":[{"href":"http:\/\/www.tvturk.com\/index.php\/wp-json\/wp\/v2\/media?parent=181756"}],"wp:term":[{"taxonomy":"category","embeddable":true,"href":"http:\/\/www.tvturk.com\/index.php\/wp-json\/wp\/v2\/categories?post=181756"},{"taxonomy":"post_tag","embeddable":true,"href":"http:\/\/www.tvturk.com\/index.php\/wp-json\/wp\/v2\/tags?post=181756"}],"curies":[{"name":"wp","href":"https:\/\/api.w.org\/{rel}","templated":true}]}}