{"id":181762,"date":"2019-07-13T20:01:45","date_gmt":"2019-07-13T17:01:45","guid":{"rendered":"http:\/\/www.tvturk.com\/index.php\/cumhurbaskani-erdogan-bisikletle-hac-yolculuguna-cikan-8-ingiliz-vatandasini-kabul-etti\/"},"modified":"2019-07-13T20:01:45","modified_gmt":"2019-07-13T17:01:45","slug":"cumhurbaskani-erdogan-bisikletle-hac-yolculuguna-cikan-8-ingiliz-vatandasini-kabul-etti","status":"publish","type":"post","link":"http:\/\/www.tvturk.com\/index.php\/cumhurbaskani-erdogan-bisikletle-hac-yolculuguna-cikan-8-ingiliz-vatandasini-kabul-etti\/","title":{"rendered":"Cumhurba\u015fkan\u0131 Erdo\u011fan, bisikletle hac yolculu\u011funa \u00e7\u0131kan 8 \u0130ngiliz vatanda\u015f\u0131n\u0131 kabul etti"},"content":{"rendered":"<p>Cumhurba\u015fkan\u0131 Recep Tayyip Erdo\u011fan, Londra\u2019dan Medine\u2019ye bisikletleri ile hac yolculu\u011funa \u00e7\u0131kan 8 \u0130ngiliz vatanda\u015f\u0131n\u0131 kabul etti.<\/p>\n<p>Cumhurba\u015fkan\u0131 Recep Tayyip Erdo\u011fan, Londra\u2019dan Medine\u2019ye bisikletleri ile hac yolculu\u011funa \u00e7\u0131kan 8 \u0130ngiliz vatanda\u015f\u0131n\u0131 kabul etti. Bisikletli \u0130ngiliz vatanda\u015flar\u0131yla sohbet eden Cumhurba\u015fkan\u0131 Erdo\u011fan, onlar\u0131n foto\u011fraf \u00e7ektirme taleplerini geri \u00e7evirmedi.<\/p>\n","protected":false},"excerpt":{"rendered":"<p>CUMHURBA\u015eKANI RECEP TAYY\u0130P ERDO\u011eAN, LONDRA\u2019DAN MED\u0130NE\u2019YE B\u0130S\u0130KLETLER\u0130 \u0130LE HAC YOLCULU\u011eUNA \u00c7IKAN 8 \u0130NG\u0130L\u0130Z VATANDA\u015eINI KABUL ETT\u0130.<\/p>\n","protected":false},"author":1,"featured_media":181763,"comment_status":"closed","ping_status":"open","sticky":false,"template":"","format":"standard","meta":{"jetpack_post_was_ever_published":false,"_jetpack_newsletter_access":"","_jetpack_dont_email_post_to_subs":false,"_jetpack_newsletter_tier_id":0,"_jetpack_memberships_contains_paywalled_content":false,"_jetpack_memberships_contains_paid_content":false,"footnotes":"","jetpack_publicize_message":"","jetpack_publicize_feature_enabled":true,"jetpack_social_post_already_shared":true,"jetpack_social_options":{"image_generator_settings":{"template":"highway","default_image_id":0,"font":"","enabled":false},"version":2}},"categories":[1],"tags":[12310,2114,503,649,207,17231,4656,654,44847,2515],"class_list":["post-181762","post","type-post","status-publish","format-standard","has-post-thumbnail","hentry","category-genel","tag-bisikletle","tag-cikan","tag-cumhurbaskani","tag-erdogan","tag-etti","tag-hac","tag-ingiliz","tag-kabul","tag-vatandasini","tag-yolculuguna"],"jetpack_publicize_connections":[],"jetpack_featured_media_url":"https:\/\/i0.wp.com\/www.tvturk.com\/wp-content\/uploads\/2019\/07\/cumhurbaskani-erdogan-bisikletle-hac-yolculuguna-cikan-8-ingiliz-vatandasini-kabul-etti_306d976.jpg?fit=1000%2C666","jetpack_sharing_enabled":true,"jetpack_shortlink":"https:\/\/wp.me\/paKIfm-LhE","_links":{"self":[{"href":"http:\/\/www.tvturk.com\/index.php\/wp-json\/wp\/v2\/posts\/181762","targetHints":{"allow":["GET"]}}],"collection":[{"href":"http:\/\/www.tvturk.com\/index.php\/wp-json\/wp\/v2\/posts"}],"about":[{"href":"http:\/\/www.tvturk.com\/index.php\/wp-json\/wp\/v2\/types\/post"}],"author":[{"embeddable":true,"href":"http:\/\/www.tvturk.com\/index.php\/wp-json\/wp\/v2\/users\/1"}],"replies":[{"embeddable":true,"href":"http:\/\/www.tvturk.com\/index.php\/wp-json\/wp\/v2\/comments?post=181762"}],"version-history":[{"count":0,"href":"http:\/\/www.tvturk.com\/index.php\/wp-json\/wp\/v2\/posts\/181762\/revisions"}],"wp:featuredmedia":[{"embeddable":true,"href":"http:\/\/www.tvturk.com\/index.php\/wp-json\/wp\/v2\/media\/181763"}],"wp:attachment":[{"href":"http:\/\/www.tvturk.com\/index.php\/wp-json\/wp\/v2\/media?parent=181762"}],"wp:term":[{"taxonomy":"category","embeddable":true,"href":"http:\/\/www.tvturk.com\/index.php\/wp-json\/wp\/v2\/categories?post=181762"},{"taxonomy":"post_tag","embeddable":true,"href":"http:\/\/www.tvturk.com\/index.php\/wp-json\/wp\/v2\/tags?post=181762"}],"curies":[{"name":"wp","href":"https:\/\/api.w.org\/{rel}","templated":true}]}}