{"id":181791,"date":"2019-07-13T23:17:12","date_gmt":"2019-07-13T20:17:12","guid":{"rendered":"http:\/\/www.tvturk.com\/index.php\/22-sampiyonluk-cifte-kupa-ile-artvinde-kutlandi\/"},"modified":"2019-07-13T23:17:12","modified_gmt":"2019-07-13T20:17:12","slug":"22-sampiyonluk-cifte-kupa-ile-artvinde-kutlandi","status":"publish","type":"post","link":"http:\/\/www.tvturk.com\/index.php\/22-sampiyonluk-cifte-kupa-ile-artvinde-kutlandi\/","title":{"rendered":"22. \u015eampiyonluk \u00e7ifte kupa ile Artvin\u2019de kutland\u0131"},"content":{"rendered":"<p>Galatasaray\u2019\u0131n S\u00fcper Lig\u2019de elde etti\u011fi 22. \u015eampiyonluk ve 18. Ziraat T\u00fcrkiye Kupas\u0131 sevinci bu kez de Artvin\u2019de kutland\u0131.<\/p>\n<p>Galatasaray Artvin Taraftarlar Derne\u011fi taraf\u0131ndan d\u00fczenlenen \u00e7ifte kupal\u0131 \u015fampiyonluk gecesine T\u00fcrkiye Galatasaray Dernekleri Federasyonu Ba\u015fkan Yard\u0131mc\u0131s\u0131 Mahir Alpaslan, Papal Mustafa lakapl\u0131 Galatasaray eski futbolcusu Mustafa Kocabey, Artvin Galatasaray Taraftarlar Derne\u011fi Ba\u015fkan\u0131 Resul Murat Varan ve \u00e7ok say\u0131da Galatasaray taraflar\u0131 kat\u0131ld\u0131.<\/p>\n<p>Artvin Grant otelde ger\u00e7ekle\u015fen \u015fampiyonluk kutlamas\u0131na yo\u011fun i\u015f program\u0131 nedeniyle kat\u0131lamayan Galatasaray Ba\u015fkan\u0131 Mustafa Cengiz\u2019in g\u00f6nderdi\u011fi mesaj barkovizyondan izlendi.<\/p>\n<p>Kutlama gecesi halk oyunlar\u0131 g\u00f6sterisi ve canl\u0131 m\u00fczik programlar\u0131yla devam ederken geceye yo\u011fun ilgi g\u00f6steren Galatasaray taraftarlar\u0131 \u00e7ifte kupa ile doyas\u0131ya foto\u011fraf \u00e7ektirdi.<\/p>\n<p>22. \u015eampiyonlu\u011fun \u00f6nemine vurgu yapan T\u00fcrkiye Galatasaray Dernekleri Federasyonu Ba\u015fkan Yard\u0131mc\u0131s\u0131 Mahir Alpaslan, \u201cSezon boyunca b\u00fct\u00fcn olumsuzluklara ra\u011fmen b\u00fcy\u00fck Galatasaray taraftar\u0131n\u0131n deste\u011fi, Teknik Sorumlumuz Fatih Terimin \u00f6nderli\u011finde ve futbolcular\u0131m\u0131z\u0131n gayretiyle 22. kez \u015fampiyon olduk. T\u00fcrkiye Kupas\u0131n\u0131 18. kez kazand\u0131k ve sezonu \u00e7ifte kupa ile kapatt\u0131k. \u0130lklerin tak\u0131m\u0131m\u0131z bizlere hakl\u0131 bir mutluluk ya\u015fatt\u0131. Bizler de bu mutlulu\u011fu T\u00fcrkiye\u2019nin d\u00f6rt bir taraf\u0131na ula\u015ft\u0131rarak hakl\u0131 ve gururlu \u015fampiyonlu\u011fumuzu taraftarlar\u0131m\u0131zla payla\u015f\u0131yoruz\u201d dedi.<\/p>\n<p>Galatasaray taraftarlar\u0131 da \u00e7ifte kupay\u0131 Artvin\u2019de g\u00f6rmekten duyduklar\u0131 mutlulu\u011fu dile getirerek, Fatih Terim \u00f6nderli\u011finde \u015fampiyonluklara ambargo koyup 5. y\u0131ld\u0131z\u0131 takacaklar\u0131n\u0131 s\u00f6yledi.<\/p>\n<p>\u015eampiyonluk kutlamas\u0131 pasta kesimi ve toplu foto\u011fraf \u00e7ekiminin ard\u0131ndan sona erdi.<\/p>\n","protected":false},"excerpt":{"rendered":"<p>GALATASARAY\u2019IN S\u00dcPER L\u0130G\u2019DE ELDE ETT\u0130\u011e\u0130 22. \u015eAMP\u0130YONLUK VE 18.ZIRAAT T\u00dcRK\u0130YE KUPASI KUTLAMALARI BU KEZ DE ARTV\u0130N\u2019DE KUTLANDI.<\/p>\n","protected":false},"author":1,"featured_media":181792,"comment_status":"closed","ping_status":"open","sticky":false,"template":"","format":"standard","meta":{"jetpack_post_was_ever_published":false,"_jetpack_newsletter_access":"","_jetpack_dont_email_post_to_subs":false,"_jetpack_newsletter_tier_id":0,"_jetpack_memberships_contains_paywalled_content":false,"_jetpack_memberships_contains_paid_content":false,"footnotes":"","jetpack_publicize_message":"","jetpack_publicize_feature_enabled":true,"jetpack_social_post_already_shared":true,"jetpack_social_options":{"image_generator_settings":{"template":"highway","default_image_id":0,"font":"","enabled":false},"version":2}},"categories":[657],"tags":[1177,20020,6744,192,3794,2822,4694],"class_list":["post-181791","post","type-post","status-publish","format-standard","has-post-thumbnail","hentry","category-spor","tag-1177","tag-artvinde","tag-cifte","tag-ile","tag-kupa","tag-kutlandi","tag-sampiyonluk"],"jetpack_publicize_connections":[],"jetpack_featured_media_url":"https:\/\/i0.wp.com\/www.tvturk.com\/wp-content\/uploads\/2019\/07\/22-sampiyonluk-cifte-kupa-ile-artvinde-kutlandi_5b7f368.jpg?fit=1000%2C662","jetpack_sharing_enabled":true,"jetpack_shortlink":"https:\/\/wp.me\/paKIfm-Li7","_links":{"self":[{"href":"http:\/\/www.tvturk.com\/index.php\/wp-json\/wp\/v2\/posts\/181791","targetHints":{"allow":["GET"]}}],"collection":[{"href":"http:\/\/www.tvturk.com\/index.php\/wp-json\/wp\/v2\/posts"}],"about":[{"href":"http:\/\/www.tvturk.com\/index.php\/wp-json\/wp\/v2\/types\/post"}],"author":[{"embeddable":true,"href":"http:\/\/www.tvturk.com\/index.php\/wp-json\/wp\/v2\/users\/1"}],"replies":[{"embeddable":true,"href":"http:\/\/www.tvturk.com\/index.php\/wp-json\/wp\/v2\/comments?post=181791"}],"version-history":[{"count":0,"href":"http:\/\/www.tvturk.com\/index.php\/wp-json\/wp\/v2\/posts\/181791\/revisions"}],"wp:featuredmedia":[{"embeddable":true,"href":"http:\/\/www.tvturk.com\/index.php\/wp-json\/wp\/v2\/media\/181792"}],"wp:attachment":[{"href":"http:\/\/www.tvturk.com\/index.php\/wp-json\/wp\/v2\/media?parent=181791"}],"wp:term":[{"taxonomy":"category","embeddable":true,"href":"http:\/\/www.tvturk.com\/index.php\/wp-json\/wp\/v2\/categories?post=181791"},{"taxonomy":"post_tag","embeddable":true,"href":"http:\/\/www.tvturk.com\/index.php\/wp-json\/wp\/v2\/tags?post=181791"}],"curies":[{"name":"wp","href":"https:\/\/api.w.org\/{rel}","templated":true}]}}