{"id":181799,"date":"2019-07-14T09:01:16","date_gmt":"2019-07-14T06:01:16","guid":{"rendered":"http:\/\/www.tvturk.com\/index.php\/maltepe-cocuk-kapali-cezaevi-mahkumlarina-15-temmuz-belgeseli-izletildi\/"},"modified":"2019-07-14T09:01:16","modified_gmt":"2019-07-14T06:01:16","slug":"maltepe-cocuk-kapali-cezaevi-mahkumlarina-15-temmuz-belgeseli-izletildi","status":"publish","type":"post","link":"http:\/\/www.tvturk.com\/index.php\/maltepe-cocuk-kapali-cezaevi-mahkumlarina-15-temmuz-belgeseli-izletildi\/","title":{"rendered":"Maltepe \u00c7ocuk Kapal\u0131 Cezaevi mahkumlar\u0131na 15 Temmuz belgeseli izletildi"},"content":{"rendered":"<p>Maltepe \u00c7ocuk Kapal\u0131 Ceza \u0130nfaz Kurumundaki \u00e7ocuk mahkumlara, &#8220;15 Temmuz Demokrasi ve Milli Birlik G\u00fcn\u00fc Anma Etkinlikleri&#8221; kapsam\u0131nda &#8220;\u0130\u015fgal Giri\u015fiminden Dirili\u015fe 15 Temmuz\u2019un Anatomisi&#8221; isimli belgesel filmin g\u00f6sterimi yap\u0131ld\u0131.<\/p>\n<p>Maltepe \u00c7ocuk Kapal\u0131 Ceza \u0130nfaz Kurumunda, \u201815 Temmuz Demokrasi ve Milli Birlik G\u00fcn\u00fc Anma Etkinlikleri\u2019 kapsam\u0131nda belgesel film g\u00f6sterimi etkinli\u011fi d\u00fczenlendi. Cezaevindeki \u00e7ocuk mahkumlara, T\u00fcrkiye Radyo ve Televizyon Kurumu (TRT) taraf\u0131ndan haz\u0131rlanan \u201c\u0130\u015fgal Giri\u015fiminden Dirili\u015fe 15 Temmuz\u2019un Anatomisi\u201d isimli belgesel filmi izletildi. Etkinli\u011fe Cezaevleri Kamp\u00fcs\u00fc Jandarma Tabur Komutan\u0131 Jandarma Yarbay Muhammet Sever, Cezaevi Kurum M\u00fcd\u00fcr\u00fc Orhan Toygar, kurum \u00e7al\u0131\u015fanlar\u0131 ve 180 \u00e7ocuk mahkum kat\u0131ld\u0131. Sayg\u0131 duru\u015fu ve \u0130stiklal Mar\u015f\u0131\u2019n\u0131n okunmas\u0131 ile ba\u015flayan etkinlik, bir bu\u00e7uk saat s\u00fcren \u201c\u0130\u015fgal Giri\u015fiminden Dirili\u015fe 15 Temmuz\u2019un Anatomisi\u201d isimli belgesel izletisi ile devam etti. Belgeseli izlemeye gelemeyen di\u011fer \u00e7ocuk mahkumlar i\u00e7in odalar\u0131nda bulunan televizyonda etkinlik ve belgesel yay\u0131nland\u0131. Kat\u0131l\u0131mc\u0131lara \u00e7e\u015fitli ikramlar\u0131n sunuldu\u011fu etkinlikte t\u00fcm \u00e7ocuk mahkumlara A\u00e7\u0131k Cezaevi ve \u00c7ocuk Cezaevi a\u015f\u00e7\u0131 yard\u0131mc\u0131l\u0131\u011f\u0131 kursu taraf\u0131ndan haz\u0131rlanan ikramlar sunuldu.<\/p>\n<p>Belgeselin g\u00f6steriminin sonunda konu\u015fma yapan Cezaevi M\u00fcd\u00fcr\u00fc Orhan Toygar, \u201cBu bayra\u011f\u0131n alt\u0131nda ya\u015famak kolay de\u011fil. Kolay sahip olunmuyor g\u00f6rd\u00fc\u011f\u00fcn\u00fcz gibi. 250 can, 3 bine yak\u0131n gazi, bunun k\u0131ymetini bilmek laz\u0131m. Bunun de\u011ferini bilmek laz\u0131m. Ona g\u00f6re vatan\u0131m\u0131za, milletimize sahip \u00e7\u0131kmam\u0131z laz\u0131m. Hep birlikte, hep beraber omuz omuza bu vatan i\u00e7in, bu millet i\u00e7in \u00e7al\u0131\u015fmam\u0131z laz\u0131m. Ben bu etkinli\u011fin d\u00fczenlenmesinde katk\u0131s\u0131 olan herkese \u00f6zellikle ikramlar\u0131n yap\u0131lmas\u0131nda katk\u0131s\u0131 olan a\u00e7\u0131k cezaevi ile a\u015f\u00e7\u0131 yard\u0131mc\u0131l\u0131\u011f\u0131 kursumuzun hocas\u0131na \u00e7ok te\u015fekk\u00fcr ediyorum\u201d ifadelerini kulland\u0131.<\/p>\n","protected":false},"excerpt":{"rendered":"<p>MALTEPE \u00c7OCUK KAPALI CEZA \u0130NFAZ KURUMUNDAK\u0130 \u00c7OCUK MAHKUMLARA, &#8220;15 TEMMUZ DEMOKRAS\u0130 VE M\u0130LL\u0130 B\u0130RL\u0130K G\u00dcN\u00dc ANMA ETK\u0130NL\u0130KLER\u0130&#8221; KAPSAMINDA &#8220;\u0130\u015eGAL G\u0130R\u0130\u015e\u0130M\u0130NDEN D\u0130R\u0130L\u0130\u015eE 15 TEMMUZ&#8217;UN ANATOM\u0130S\u0130\u201d \u0130S\u0130ML\u0130 BELGESEL F\u0130LM\u0130N G\u00d6STER\u0130M\u0130 YAPILDI.<\/p>\n","protected":false},"author":1,"featured_media":181800,"comment_status":"closed","ping_status":"open","sticky":false,"template":"","format":"standard","meta":{"jetpack_post_was_ever_published":false,"_jetpack_newsletter_access":"","_jetpack_dont_email_post_to_subs":false,"_jetpack_newsletter_tier_id":0,"_jetpack_memberships_contains_paywalled_content":false,"_jetpack_memberships_contains_paid_content":false,"footnotes":"","jetpack_publicize_message":"","jetpack_publicize_feature_enabled":true,"jetpack_social_post_already_shared":true,"jetpack_social_options":{"image_generator_settings":{"template":"highway","default_image_id":0,"font":"","enabled":false},"version":2}},"categories":[1],"tags":[11065,5420,1008,44856,2004,44855,9513,1148],"class_list":["post-181799","post","type-post","status-publish","format-standard","has-post-thumbnail","hentry","category-genel","tag-belgeseli","tag-cezaevi","tag-cocuk","tag-izletildi","tag-kapali","tag-mahkumlarina","tag-maltepe","tag-temmuz"],"jetpack_publicize_connections":[],"jetpack_featured_media_url":"https:\/\/i0.wp.com\/www.tvturk.com\/wp-content\/uploads\/2019\/07\/maltepe-cocuk-kapali-cezaevi-mahkumlarina-15-temmuz-belgeseli-izletildi_0a4780f.jpg?fit=1000%2C662","jetpack_sharing_enabled":true,"jetpack_shortlink":"https:\/\/wp.me\/paKIfm-Lif","_links":{"self":[{"href":"http:\/\/www.tvturk.com\/index.php\/wp-json\/wp\/v2\/posts\/181799","targetHints":{"allow":["GET"]}}],"collection":[{"href":"http:\/\/www.tvturk.com\/index.php\/wp-json\/wp\/v2\/posts"}],"about":[{"href":"http:\/\/www.tvturk.com\/index.php\/wp-json\/wp\/v2\/types\/post"}],"author":[{"embeddable":true,"href":"http:\/\/www.tvturk.com\/index.php\/wp-json\/wp\/v2\/users\/1"}],"replies":[{"embeddable":true,"href":"http:\/\/www.tvturk.com\/index.php\/wp-json\/wp\/v2\/comments?post=181799"}],"version-history":[{"count":0,"href":"http:\/\/www.tvturk.com\/index.php\/wp-json\/wp\/v2\/posts\/181799\/revisions"}],"wp:featuredmedia":[{"embeddable":true,"href":"http:\/\/www.tvturk.com\/index.php\/wp-json\/wp\/v2\/media\/181800"}],"wp:attachment":[{"href":"http:\/\/www.tvturk.com\/index.php\/wp-json\/wp\/v2\/media?parent=181799"}],"wp:term":[{"taxonomy":"category","embeddable":true,"href":"http:\/\/www.tvturk.com\/index.php\/wp-json\/wp\/v2\/categories?post=181799"},{"taxonomy":"post_tag","embeddable":true,"href":"http:\/\/www.tvturk.com\/index.php\/wp-json\/wp\/v2\/tags?post=181799"}],"curies":[{"name":"wp","href":"https:\/\/api.w.org\/{rel}","templated":true}]}}