{"id":181803,"date":"2019-07-14T09:16:08","date_gmt":"2019-07-14T06:16:08","guid":{"rendered":"http:\/\/www.tvturk.com\/index.php\/ilk-defa-drone-goren-masum-cocuklar-2\/"},"modified":"2019-07-14T09:16:08","modified_gmt":"2019-07-14T06:16:08","slug":"ilk-defa-drone-goren-masum-cocuklar-2","status":"publish","type":"post","link":"http:\/\/www.tvturk.com\/index.php\/ilk-defa-drone-goren-masum-cocuklar-2\/","title":{"rendered":"\u0130lk defa drone g\u00f6ren masum \u00e7ocuklar"},"content":{"rendered":"<p>Mangal k\u00f6m\u00fcr\u00fc yap\u0131m\u0131 i\u00e7in mevsimlik i\u015f\u00e7i olan aileleriyle birlikte Mardin\u2019in Derik il\u00e7esinden Erzincan\u2019\u0131n \u0130li\u00e7 il\u00e7esine ba\u011fl\u0131 Yakuplu k\u00f6y\u00fcne gelen onlarca \u00e7ocuk, hayatlar\u0131nda ilk kez drone g\u00f6rmenin mutlulu\u011funu ve \u015fa\u015fk\u0131nl\u0131\u011f\u0131n\u0131 ya\u015fad\u0131.<\/p>\n<p>Mangal k\u00f6m\u00fcr\u00fcn\u00fcn yap\u0131m\u0131n\u0131 haberle\u015ftirmek i\u00e7in Erzincan\u2019a 90 kilometre mesafedeki Yakuplu k\u00f6y\u00fcne giden gazetecileri k\u00f6y\u00fcn \u00e7ocuklar\u0131 kar\u015f\u0131lad\u0131. Aileleri, Yakuplu k\u00f6y\u00fcne yakla\u015f\u0131k 2 kilometre uzakl\u0131ktaki da\u011f\u0131n ete\u011fine kurduklar\u0131 \u00e7ad\u0131rlarda mangal k\u00f6m\u00fcr\u00fc \u00fcretirlerken \u00e7ocuklarda zor \u015fartlar alt\u0131nda ya\u015fam m\u00fccadelesi veriyor. Mardin\u2019in Derik il\u00e7esinden Erzincan\u2019\u0131n \u0130li\u00e7 il\u00e7esine ba\u011fl\u0131 Yakuplu k\u00f6y\u00fcne gelen ve 8 ay b\u00f6lgede ya\u015fayan i\u015f\u00e7iler, sabah da\u011fl\u0131k alanlarda kestikleri odunlar\u0131n toplayarak ba\u015flad\u0131klar\u0131 mesailerini, yakt\u0131klar\u0131 ate\u015fin ba\u015f\u0131nda gece yar\u0131s\u0131na kadar devam ettiriyor. G\u00fcnlerce a\u011f\u0131r duman\u0131n alt\u0131nda s\u00fcren n\u00f6betin ard\u0131ndan \u00fcretilen mangal k\u00f6m\u00fcr\u00fc, daha sonra sat\u0131\u015fa sunuluyor.<\/p>\n<p>\u201c\u0130lk defa drone g\u00f6ren masum \u00e7ocuklar\u201d<\/p>\n<p>Haber yapmak i\u00e7in k\u00f6ye giden gazeteciler, \u00e7ocuklar\u0131n yak\u0131n ilgisiyle kar\u015f\u0131la\u015ft\u0131. Hayatlar\u0131nda ilk kez gazetecilerin yanlar\u0131nda getirdikleri drone\u2019u inceleyen \u00e7ocuklar, sorular\u0131yla da operat\u00f6rden bilgi ald\u0131. \u00c7ocuklar hem mutluluk hem de \u015fa\u015fk\u0131nl\u0131k ya\u015fad\u0131.<\/p>\n<p>Birka\u00e7\u0131n\u0131n televizyonda g\u00f6rd\u00fc\u011f\u00fc \u00e7o\u011funlu\u011funun ise hi\u00e7 g\u00f6rmeyip u\u00e7ak sand\u0131\u011f\u0131 drone\u2019unun u\u00e7u\u015funu merakl\u0131 g\u00f6zlerle izleyen \u00e7ocuklar, mutluluktan havaya z\u0131plad\u0131.<\/p>\n<p>6 ya\u015f\u0131ndaki \u00e7ocuk Murat Akg\u00fcn, \u201cDaha \u00f6nce bunu hi\u00e7 g\u00f6rmedim. U\u00e7ak m\u0131 bu? Nas\u0131l u\u00e7uyor\u201d dedi.<\/p>\n<p>Daha \u00f6nce sadece drone\u2019u televizyonda g\u00f6rd\u00fc\u011f\u00fcn\u00fc ifade eden 6 ya\u015f\u0131ndaki S\u0131la Akg\u00fcn de &#8220;\u00c7ok g\u00fczel. U\u00e7uyor. Bug\u00fcn \u00e7ok sevindik biz\u201d diye mutlulu\u011funu dile getirdi.<\/p>\n","protected":false},"excerpt":{"rendered":"<p>MANGAL K\u00d6M\u00dcR\u00dc YAPIMI \u0130\u00c7\u0130N MEVS\u0130ML\u0130K \u0130\u015e\u00c7\u0130 OLAN A\u0130LELER\u0130YLE B\u0130RL\u0130KTE MARD\u0130N\u2019\u0130N DER\u0130K \u0130L\u00c7ES\u0130NDEN ERZ\u0130NCAN\u2019IN \u0130L\u0130\u00c7 \u0130L\u00c7ES\u0130NE BA\u011eLI YAKUPLU K\u00d6Y\u00dcNE GELEN ONLARCA \u00c7OCUK, HAYATLARINDA \u0130LK KEZ DRONE G\u00d6RMEN\u0130N MUTLULU\u011eUNU VE \u015eA\u015eKINLI\u011eINI YA\u015eADI.<\/p>\n","protected":false},"author":1,"featured_media":181804,"comment_status":"closed","ping_status":"open","sticky":false,"template":"","format":"standard","meta":{"jetpack_post_was_ever_published":false,"_jetpack_newsletter_access":"","_jetpack_dont_email_post_to_subs":false,"_jetpack_newsletter_tier_id":0,"_jetpack_memberships_contains_paywalled_content":false,"_jetpack_memberships_contains_paid_content":false,"footnotes":"","jetpack_publicize_message":"","jetpack_publicize_feature_enabled":true,"jetpack_social_post_already_shared":true,"jetpack_social_options":{"image_generator_settings":{"template":"highway","default_image_id":0,"font":"","enabled":false},"version":2}},"categories":[1],"tags":[252,6371,1114,5493,37,7295],"class_list":["post-181803","post","type-post","status-publish","format-standard","has-post-thumbnail","hentry","category-genel","tag-cocuklar","tag-defa","tag-drone","tag-goren","tag-ilk","tag-masum"],"jetpack_publicize_connections":[],"jetpack_featured_media_url":"https:\/\/i0.wp.com\/www.tvturk.com\/wp-content\/uploads\/2019\/07\/ilk-defa-drone-goren-masum-cocuklar_e4c1d7c.jpg?fit=1000%2C627","jetpack_sharing_enabled":true,"jetpack_shortlink":"https:\/\/wp.me\/paKIfm-Lij","_links":{"self":[{"href":"http:\/\/www.tvturk.com\/index.php\/wp-json\/wp\/v2\/posts\/181803","targetHints":{"allow":["GET"]}}],"collection":[{"href":"http:\/\/www.tvturk.com\/index.php\/wp-json\/wp\/v2\/posts"}],"about":[{"href":"http:\/\/www.tvturk.com\/index.php\/wp-json\/wp\/v2\/types\/post"}],"author":[{"embeddable":true,"href":"http:\/\/www.tvturk.com\/index.php\/wp-json\/wp\/v2\/users\/1"}],"replies":[{"embeddable":true,"href":"http:\/\/www.tvturk.com\/index.php\/wp-json\/wp\/v2\/comments?post=181803"}],"version-history":[{"count":0,"href":"http:\/\/www.tvturk.com\/index.php\/wp-json\/wp\/v2\/posts\/181803\/revisions"}],"wp:featuredmedia":[{"embeddable":true,"href":"http:\/\/www.tvturk.com\/index.php\/wp-json\/wp\/v2\/media\/181804"}],"wp:attachment":[{"href":"http:\/\/www.tvturk.com\/index.php\/wp-json\/wp\/v2\/media?parent=181803"}],"wp:term":[{"taxonomy":"category","embeddable":true,"href":"http:\/\/www.tvturk.com\/index.php\/wp-json\/wp\/v2\/categories?post=181803"},{"taxonomy":"post_tag","embeddable":true,"href":"http:\/\/www.tvturk.com\/index.php\/wp-json\/wp\/v2\/tags?post=181803"}],"curies":[{"name":"wp","href":"https:\/\/api.w.org\/{rel}","templated":true}]}}