{"id":181817,"date":"2019-07-14T10:01:22","date_gmt":"2019-07-14T07:01:22","guid":{"rendered":"http:\/\/www.tvturk.com\/index.php\/21-yildir-erciyese-gelerek-gelengileri-besliyor\/"},"modified":"2019-07-14T10:01:22","modified_gmt":"2019-07-14T07:01:22","slug":"21-yildir-erciyese-gelerek-gelengileri-besliyor","status":"publish","type":"post","link":"http:\/\/www.tvturk.com\/index.php\/21-yildir-erciyese-gelerek-gelengileri-besliyor\/","title":{"rendered":"21 y\u0131ld\u0131r Erciyes\u2019e gelerek gelengileri besliyor"},"content":{"rendered":"<p>Kayseri\u2019de ya\u015fayan \u0130smail \u00d6zcada\u011f, 21 y\u0131ld\u0131r yazlar\u0131 Erciyes Da\u011f\u0131\u2019n\u0131n eteklerindeki Tekir Yaylas\u0131\u2019na kurdu\u011fu karavanda ya\u015fayarak, \u2019Anadolu yer sincab\u0131\u2019 olarak bilinen gelengileri besliyor.<\/p>\n<p>Tekir Yaylas\u0131\u2019na yaz\u0131n havalar\u0131n \u0131s\u0131nmas\u0131 ile birlikte 21 y\u0131ld\u0131r aral\u0131ks\u0131z \u00e7\u0131kt\u0131\u011f\u0131n\u0131 ve zaman ge\u00e7irdi\u011fini s\u00f6yleyen \u0130smail \u00d6zcada\u011f\u2019\u0131n gelengilerle kurdu\u011fu dostluk g\u00f6renleri \u015fa\u015f\u0131rt\u0131yor. &#8220;Bu gelengiler benim kom\u015fum olur&#8221; diyen \u00d6zcada\u011f, &#8220;Bazen f\u0131r\u0131ndan taze ekmek getiririm. Bazen de bir \u00e7uval ekmek getiririm. Bunlar\u0131 bir g\u00fcn a\u00e7 b\u0131rakmam&#8221; diyerek her g\u00fcn Anadolu yer sincab\u0131 olarak da bilinen gelengileri besledi\u011fini s\u00f6yledi. \u00d6zcada\u011f, &#8220;Gelengiler a\u00e7 kald\u0131\u011f\u0131 zaman sanki evde \u00e7ocuklar\u0131m a\u00e7 kal\u0131yor mu\u015f gibi \u00fcz\u00fcl\u00fcr\u00fcm. Zararl\u0131 mahluk olduklar\u0131n\u0131 zannetmiyorum. Bazen \u00e7ift\u00e7i arkada\u015flar tarlalara zarar verdiklerini s\u00f6yleyerek \u00f6ld\u00fcr\u00fcyor. Ben buna \u00e7ok \u00fcz\u00fcl\u00fcyorum. Ben bunlar\u0131n zarar\u0131n\u0131 g\u00f6rmedim. Allah\u2019\u0131n yaratt\u0131\u011f\u0131 mahluk olduklar\u0131 i\u00e7in zevkle bak\u0131yorum. Sabah namaz\u0131ndan sonra yuvalar\u0131ndan \u00e7\u0131karak beni beklerler. Ben de ilk olarak onlar\u0131n karn\u0131n\u0131 doyuruyorum. Daha sonra kendime bir kahve yap\u0131yorum, ard\u0131ndan kendi karn\u0131m\u0131 doyuruyorum&#8221; dedi.<\/p>\n<p>Sincapgiller familyas\u0131ndan Kafkaslar\u2019dan \u0130srail\u2019e kadar yay\u0131l\u0131m g\u00f6steren, ismini en \u00e7ok bulundu\u011fu Anadolu\u2019dan alan bir kemirgen t\u00fcr\u00fc olan gelengiler, bozulmam\u0131\u015f, az e\u011fimli d\u00fczl\u00fckler, step ve \u00e7ay\u0131rlarda ya\u015farlar. Bozk\u0131rlarda, kurak yerlerde, ekin tarlalar\u0131n\u0131n kenar\u0131ndaki ekilmemi\u015f alanlarda, bozk\u0131r, \u00e7ay\u0131r ve meralarda bulunurlar. Kafkasya (Ermenistan), Azerbaycan, \u0130ran, Suriye, Filistin ve \u0130srail\u2019de ya\u015fayan gelengiler, yurdumuzda ise Orta, Do\u011fu ve G\u00fcneydo\u011fu Anadolu\u2019da bulunurlar.<\/p>\n","protected":false},"excerpt":{"rendered":"<p>KAYSER\u0130&#8217;DEK\u0130 ERC\u0130YES DA\u011eI&#8217;NIN ETEKLER\u0130NDE BULUNAN TEK\u0130R YAYLASINA, 21 YILDIR KURDU\u011eU KARAVANA GELEN \u0130SMA\u0130L \u00d6ZCADA\u011e, &#8216;ANADOLU YERS\u0130NCABI&#8217; OLARAK B\u0130L\u0130NEN GELENG\u0130LER\u0130 BESL\u0130YOR.<\/p>\n","protected":false},"author":1,"featured_media":181818,"comment_status":"closed","ping_status":"open","sticky":false,"template":"","format":"standard","meta":{"jetpack_post_was_ever_published":false,"_jetpack_newsletter_access":"","_jetpack_dont_email_post_to_subs":false,"_jetpack_newsletter_tier_id":0,"_jetpack_memberships_contains_paywalled_content":false,"_jetpack_memberships_contains_paid_content":false,"footnotes":"","jetpack_publicize_message":"","jetpack_publicize_feature_enabled":true,"jetpack_social_post_already_shared":true,"jetpack_social_options":{"image_generator_settings":{"template":"highway","default_image_id":0,"font":"","enabled":false},"version":2}},"categories":[1],"tags":[4063,24540,44863,19774,1682],"class_list":["post-181817","post","type-post","status-publish","format-standard","has-post-thumbnail","hentry","category-genel","tag-besliyor","tag-erciyese","tag-gelengileri","tag-gelerek","tag-yildir"],"jetpack_publicize_connections":[],"jetpack_featured_media_url":"https:\/\/i0.wp.com\/www.tvturk.com\/wp-content\/uploads\/2019\/07\/21-yildir-erciyese-gelerek-gelengileri-besliyor_d4b96d8.jpg?fit=1000%2C551","jetpack_sharing_enabled":true,"jetpack_shortlink":"https:\/\/wp.me\/paKIfm-Lix","_links":{"self":[{"href":"http:\/\/www.tvturk.com\/index.php\/wp-json\/wp\/v2\/posts\/181817","targetHints":{"allow":["GET"]}}],"collection":[{"href":"http:\/\/www.tvturk.com\/index.php\/wp-json\/wp\/v2\/posts"}],"about":[{"href":"http:\/\/www.tvturk.com\/index.php\/wp-json\/wp\/v2\/types\/post"}],"author":[{"embeddable":true,"href":"http:\/\/www.tvturk.com\/index.php\/wp-json\/wp\/v2\/users\/1"}],"replies":[{"embeddable":true,"href":"http:\/\/www.tvturk.com\/index.php\/wp-json\/wp\/v2\/comments?post=181817"}],"version-history":[{"count":0,"href":"http:\/\/www.tvturk.com\/index.php\/wp-json\/wp\/v2\/posts\/181817\/revisions"}],"wp:featuredmedia":[{"embeddable":true,"href":"http:\/\/www.tvturk.com\/index.php\/wp-json\/wp\/v2\/media\/181818"}],"wp:attachment":[{"href":"http:\/\/www.tvturk.com\/index.php\/wp-json\/wp\/v2\/media?parent=181817"}],"wp:term":[{"taxonomy":"category","embeddable":true,"href":"http:\/\/www.tvturk.com\/index.php\/wp-json\/wp\/v2\/categories?post=181817"},{"taxonomy":"post_tag","embeddable":true,"href":"http:\/\/www.tvturk.com\/index.php\/wp-json\/wp\/v2\/tags?post=181817"}],"curies":[{"name":"wp","href":"https:\/\/api.w.org\/{rel}","templated":true}]}}