{"id":181837,"date":"2019-07-14T10:31:40","date_gmt":"2019-07-14T07:31:40","guid":{"rendered":"http:\/\/www.tvturk.com\/index.php\/3-uluslararasi-15-temmuz-sempozyumu-diyanet-isleri-baskanliginda-yapilacak\/"},"modified":"2019-07-14T10:31:40","modified_gmt":"2019-07-14T07:31:40","slug":"3-uluslararasi-15-temmuz-sempozyumu-diyanet-isleri-baskanliginda-yapilacak","status":"publish","type":"post","link":"http:\/\/www.tvturk.com\/index.php\/3-uluslararasi-15-temmuz-sempozyumu-diyanet-isleri-baskanliginda-yapilacak\/","title":{"rendered":"3. Uluslararas\u0131 15 Temmuz Sempozyumu, Diyanet \u0130\u015fleri Ba\u015fkanl\u0131\u011f\u0131nda yap\u0131lacak"},"content":{"rendered":"<p>3. Uluslararas\u0131 15 Temmuz Sempozyumu, Diyanet \u0130\u015fleri Ba\u015fkan\u0131 Ali Erba\u015f\u2019\u0131n kat\u0131l\u0131m\u0131yla Diyanet \u0130\u015fleri Ba\u015fkanl\u0131\u011f\u0131nda yap\u0131lacak.<\/p>\n<p>Diyanet \u0130\u015fleri Ba\u015fkanl\u0131\u011f\u0131 ve 15 Temmuz Derne\u011finin birlikte d\u00fczenleyece\u011fi \u201c3. Uluslararas\u0131 15 Temmuz Sempozyumu&#8221;, 16 Temmuz Sal\u0131 g\u00fcn\u00fc Diyanet \u0130\u015fleri Ba\u015fkanl\u0131\u011f\u0131 Konferans Salonu\u2019nda d\u00fczenlenecek.<\/p>\n<p>Diyanet \u0130\u015fleri Ba\u015fkan\u0131 Ali Erba\u015f\u2019\u0131n yan\u0131 s\u0131ra 15 Temmuz Derne\u011fi Ba\u015fkan\u0131 A. Tar\u0131k \u015eebik\u2019in a\u00e7\u0131l\u0131\u015f konu\u015fmas\u0131 yapaca\u011f\u0131 sempozyumun 1. oturumunda \u201c15 Temmuz\u2019a Giden S\u00fcre\u00e7te Din \u0130stismar\u0131\u201d ba\u015fl\u0131\u011f\u0131 ad\u0131 alt\u0131nda, \u2018Dinin D\u00fcnya Menfaatine Ara\u00e7 K\u0131l\u0131nmas\u0131\u2019 ve \u2018\u0130slam Tarihi Boyunca Din \u0130stismar\u0131\u2019 konular\u0131; 2. oturumda \u201cFET\u00d6: Din \u0130stismar\u0131n\u0131n Arkas\u0131na Gizlenen Ter\u00f6r \u00d6rg\u00fct\u00fc\u201d ba\u015fl\u0131\u011f\u0131 alt\u0131nda, \u2018FET\u00d6 Taraf\u0131ndan \u0130stismar Edilen Kavram ve De\u011ferler\u2019, \u2018\u0130slam D\u00fcnyas\u0131nda 15 Temmuz\u2019un Etkileri\u2019 ve \u2018FET\u00d6 Dini Bir Cemaat Olabilir Mi?\u2019 konular\u0131; 3. oturumda ise \u201cDin \u0130stismar\u0131yla M\u00fccadele ve Gelecek Perspektifi\u201d ba\u015fl\u0131\u011f\u0131 alt\u0131nda \u2018FET\u00d6 ve Din \u0130stismar\u0131yla M\u00fccadelenin Gen\u00e7li\u011fe Bakan Y\u00fcz\u00fc\u2019 ve \u2018Dini \u0130stismar Eden \u00d6rg\u00fctlerle M\u00fccadelede Diyanet \u0130\u015fleri Ba\u015fkanl\u0131\u011f\u0131n\u0131n Rol\u00fc\u2019 konular\u0131 ele al\u0131nacak.<\/p>\n","protected":false},"excerpt":{"rendered":"<p>3. ULUSLARARASI 15 TEMMUZ SEMPOZYUMU, D\u0130YANET \u0130\u015eLER\u0130 BA\u015eKANI PROF. DR. AL\u0130 ERBA\u015e\u2019IN KATILIMIYLA D\u0130YANET \u0130\u015eLER\u0130 BA\u015eKANLI\u011eI\u2019NDA YAPILACAK<\/p>\n","protected":false},"author":1,"featured_media":181838,"comment_status":"closed","ping_status":"open","sticky":false,"template":"","format":"standard","meta":{"jetpack_post_was_ever_published":false,"_jetpack_newsletter_access":"","_jetpack_dont_email_post_to_subs":false,"_jetpack_newsletter_tier_id":0,"_jetpack_memberships_contains_paywalled_content":false,"_jetpack_memberships_contains_paid_content":false,"footnotes":"","jetpack_publicize_message":"","jetpack_publicize_feature_enabled":true,"jetpack_social_post_already_shared":true,"jetpack_social_options":{"image_generator_settings":{"template":"highway","default_image_id":0,"font":"","enabled":false},"version":2}},"categories":[1],"tags":[4839,406,3150,3151,4841,1148,158],"class_list":["post-181837","post","type-post","status-publish","format-standard","has-post-thumbnail","hentry","category-genel","tag-uluslararasi","tag-baskanliginda","tag-diyanet","tag-isleri","tag-sempozyumu","tag-temmuz","tag-yapilacak"],"jetpack_publicize_connections":[],"jetpack_featured_media_url":"https:\/\/i0.wp.com\/www.tvturk.com\/wp-content\/uploads\/2019\/07\/3-uluslararasi-15-temmuz-sempozyumu-diyanet-isleri-baskanliginda-yapilacak_05e1aea.jpg?fit=1000%2C666","jetpack_sharing_enabled":true,"jetpack_shortlink":"https:\/\/wp.me\/paKIfm-LiR","_links":{"self":[{"href":"http:\/\/www.tvturk.com\/index.php\/wp-json\/wp\/v2\/posts\/181837","targetHints":{"allow":["GET"]}}],"collection":[{"href":"http:\/\/www.tvturk.com\/index.php\/wp-json\/wp\/v2\/posts"}],"about":[{"href":"http:\/\/www.tvturk.com\/index.php\/wp-json\/wp\/v2\/types\/post"}],"author":[{"embeddable":true,"href":"http:\/\/www.tvturk.com\/index.php\/wp-json\/wp\/v2\/users\/1"}],"replies":[{"embeddable":true,"href":"http:\/\/www.tvturk.com\/index.php\/wp-json\/wp\/v2\/comments?post=181837"}],"version-history":[{"count":0,"href":"http:\/\/www.tvturk.com\/index.php\/wp-json\/wp\/v2\/posts\/181837\/revisions"}],"wp:featuredmedia":[{"embeddable":true,"href":"http:\/\/www.tvturk.com\/index.php\/wp-json\/wp\/v2\/media\/181838"}],"wp:attachment":[{"href":"http:\/\/www.tvturk.com\/index.php\/wp-json\/wp\/v2\/media?parent=181837"}],"wp:term":[{"taxonomy":"category","embeddable":true,"href":"http:\/\/www.tvturk.com\/index.php\/wp-json\/wp\/v2\/categories?post=181837"},{"taxonomy":"post_tag","embeddable":true,"href":"http:\/\/www.tvturk.com\/index.php\/wp-json\/wp\/v2\/tags?post=181837"}],"curies":[{"name":"wp","href":"https:\/\/api.w.org\/{rel}","templated":true}]}}