{"id":181845,"date":"2019-07-14T10:31:59","date_gmt":"2019-07-14T07:31:59","guid":{"rendered":"http:\/\/www.tvturk.com\/index.php\/evkur-yeni-malatyaspor-2-etap-kampi-icin-topuk-yaylasinda-toplandi\/"},"modified":"2019-07-14T10:31:59","modified_gmt":"2019-07-14T07:31:59","slug":"evkur-yeni-malatyaspor-2-etap-kampi-icin-topuk-yaylasinda-toplandi","status":"publish","type":"post","link":"http:\/\/www.tvturk.com\/index.php\/evkur-yeni-malatyaspor-2-etap-kampi-icin-topuk-yaylasinda-toplandi\/","title":{"rendered":"Evkur Yeni Malatyaspor 2. etap kamp\u0131 i\u00e7in Topuk Yaylas\u0131\u2019nda topland\u0131"},"content":{"rendered":"<p>Evkur Yeni Malatyaspor, ikinci etap kamp\u0131 i\u00e7in D\u00fczce Topuk Yaylas\u0131\u2019nda yeniden topland\u0131.<\/p>\n<p>T\u00fcrkiye\u2019yi UEFA Avrupa Ligi\u2019nde temsil eden Evkur Yeni Malatyaspor, Bolu kamp\u0131n\u0131n ard\u0131ndan verilen 2 g\u00fcnl\u00fck iznin ard\u0131ndan 2. etap kamp\u0131 i\u00e7in bug\u00fcn Topuk Yaylas\u0131 Tesisleri\u2019nde topland\u0131.<\/p>\n<p>25 Haziran\u2019da Malatya\u2019da toplanarak start\u0131 verilen ve Bolu etab\u0131yla devam eden kamp \u00e7al\u0131\u015fmalar\u0131nda ilk b\u00f6l\u00fcm tamamland\u0131.<\/p>\n<p>Birinci etap kamp \u00e7al\u0131\u015fmalar\u0131na yeni transferler Adis Jahovic, Moryke Fofana ve \u00d6zer \u00d6zdemir de kat\u0131ld\u0131.<\/p>\n<p>Kamp \u00e7al\u0131\u015fmalar\u0131 kapsam\u0131nda g\u00fc\u00e7 depolayan sar\u0131-k\u0131rm\u0131z\u0131l\u0131lar \u00e7e\u015fitli testlerin yan\u0131nda haz\u0131rl\u0131k ma\u00e7lar\u0131 da oynad\u0131.<\/p>\n<p>Sar\u0131-k\u0131rm\u0131z\u0131l\u0131lar oynad\u0131\u011f\u0131 2 haz\u0131rl\u0131k ma\u00e7\u0131ndan birini kazan\u0131rken, di\u011ferinde yenildi. 9 Temmuz\u2019da Bosna-Hersek tak\u0131m\u0131 Zenica ile oynanan haz\u0131rl\u0131k kar\u015f\u0131la\u015fmas\u0131n\u0131 1-0 kazanan Malatya ekibi, 11 Temmuz\u2019da Romanya ekibi Rapid B\u00fckre\u015f ile oynad\u0131\u011f\u0131 haz\u0131rl\u0131k kar\u015f\u0131la\u015fmas\u0131n\u0131 ise 2-0 kaybetti.<\/p>\n<p>Yakla\u015f\u0131k 1 hafta s\u00fcrecek Topuk Yaylas\u0131 kamp\u0131 \u00e7al\u0131\u015fmalar\u0131n\u0131n ard\u0131ndan Malatya\u2019da d\u00f6necek sar\u0131-k\u0131rm\u0131z\u0131l\u0131lar, 25 Temmuz\u2019da UEFA Avrupa Ligi \u00d6n Eleme 2. Turu\u2019ndaki ilk ma\u00e7\u0131na \u00e7\u0131kacak.<\/p>\n","protected":false},"excerpt":{"rendered":"<p>EVKUR YEN\u0130 MALATYASPOR, \u0130K\u0130NC\u0130 ETAP KAMPI \u0130\u00c7\u0130N D\u00dcZCE TOPUK YAYLASI&#8217;NDA YEN\u0130DEN TOPLANDI.<\/p>\n","protected":false},"author":1,"featured_media":181846,"comment_status":"closed","ping_status":"open","sticky":false,"template":"","format":"standard","meta":{"jetpack_post_was_ever_published":false,"_jetpack_newsletter_access":"","_jetpack_dont_email_post_to_subs":false,"_jetpack_newsletter_tier_id":0,"_jetpack_memberships_contains_paywalled_content":false,"_jetpack_memberships_contains_paid_content":false,"footnotes":"","jetpack_publicize_message":"","jetpack_publicize_feature_enabled":true,"jetpack_social_post_already_shared":true,"jetpack_social_options":{"image_generator_settings":{"template":"highway","default_image_id":0,"font":"","enabled":false},"version":2}},"categories":[657],"tags":[1385,14168,44,6656,528,249,22401,12710,87],"class_list":["post-181845","post","type-post","status-publish","format-standard","has-post-thumbnail","hentry","category-spor","tag-etap","tag-evkur","tag-icin","tag-kampi","tag-malatyaspor","tag-toplandi","tag-topuk","tag-yaylasinda","tag-yeni"],"jetpack_publicize_connections":[],"jetpack_featured_media_url":"https:\/\/i0.wp.com\/www.tvturk.com\/wp-content\/uploads\/2019\/07\/evkur-yeni-malatyaspor-2-etap-kampi-icin-topuk-yaylasinda-toplandi_100a295.jpg?fit=1000%2C666","jetpack_sharing_enabled":true,"jetpack_shortlink":"https:\/\/wp.me\/paKIfm-LiZ","_links":{"self":[{"href":"http:\/\/www.tvturk.com\/index.php\/wp-json\/wp\/v2\/posts\/181845","targetHints":{"allow":["GET"]}}],"collection":[{"href":"http:\/\/www.tvturk.com\/index.php\/wp-json\/wp\/v2\/posts"}],"about":[{"href":"http:\/\/www.tvturk.com\/index.php\/wp-json\/wp\/v2\/types\/post"}],"author":[{"embeddable":true,"href":"http:\/\/www.tvturk.com\/index.php\/wp-json\/wp\/v2\/users\/1"}],"replies":[{"embeddable":true,"href":"http:\/\/www.tvturk.com\/index.php\/wp-json\/wp\/v2\/comments?post=181845"}],"version-history":[{"count":0,"href":"http:\/\/www.tvturk.com\/index.php\/wp-json\/wp\/v2\/posts\/181845\/revisions"}],"wp:featuredmedia":[{"embeddable":true,"href":"http:\/\/www.tvturk.com\/index.php\/wp-json\/wp\/v2\/media\/181846"}],"wp:attachment":[{"href":"http:\/\/www.tvturk.com\/index.php\/wp-json\/wp\/v2\/media?parent=181845"}],"wp:term":[{"taxonomy":"category","embeddable":true,"href":"http:\/\/www.tvturk.com\/index.php\/wp-json\/wp\/v2\/categories?post=181845"},{"taxonomy":"post_tag","embeddable":true,"href":"http:\/\/www.tvturk.com\/index.php\/wp-json\/wp\/v2\/tags?post=181845"}],"curies":[{"name":"wp","href":"https:\/\/api.w.org\/{rel}","templated":true}]}}