{"id":181849,"date":"2019-07-14T10:32:06","date_gmt":"2019-07-14T07:32:06","guid":{"rendered":"http:\/\/www.tvturk.com\/index.php\/ankarada-acik-hava-sinema-gunleri-basladi\/"},"modified":"2019-07-14T10:32:06","modified_gmt":"2019-07-14T07:32:06","slug":"ankarada-acik-hava-sinema-gunleri-basladi","status":"publish","type":"post","link":"http:\/\/www.tvturk.com\/index.php\/ankarada-acik-hava-sinema-gunleri-basladi\/","title":{"rendered":"Ankara\u2019da A\u00e7\u0131k Hava Sinema G\u00fcnleri ba\u015flad\u0131"},"content":{"rendered":"<p>Ankara B\u00fcy\u00fck\u015fehir Belediyesi, \u201cA\u00e7\u0131k Hava Sinemas\u0131\u201d ile Ba\u015fkentlileri nostalji yolculu\u011funa \u00e7\u0131kar\u0131yor.<\/p>\n<p>S\u0131cak yaz ak\u015famlar\u0131na keyif katan etkinli\u011fin ilk g\u00f6sterimi Nall\u0131han ve Beypazar\u0131 il\u00e7esinde ger\u00e7ekle\u015ftirildi. Her hafta cuma ve cumartesi g\u00fcnleri 16 il\u00e7ede B\u00fcy\u00fck\u015fehir Belediyesi t\u0131r\u0131 \u00fczerindeki dev ekranlardan g\u00f6sterime sunulan unutulmaz T\u00fcrk filmleri a\u00e7\u0131k havada Ba\u015fkentlileri ge\u00e7mi\u015fe g\u00f6t\u00fcr\u00fcyor. 7\u2019den 70\u2019e herkesin \u00f6zledi\u011fi etkinli\u011fe ilk g\u00f6sterimde yo\u011fun ilgi g\u00f6steren vatanda\u015flar, T\u00fcrk filmlerine birlikte g\u00fcl\u00fcp birlikte a\u011flad\u0131. D\u00f6nemin \u00fcnl\u00fc aktrist ve akt\u00f6rlerinin rol ald\u0131\u011f\u0131 T\u00fcrk filmlerini a\u00e7\u0131k havada izlemenin mutlulu\u011funu ya\u015fayan vatanda\u015flara B\u00fcy\u00fck\u015fehir Belediyesi pamuk \u015fekeri ve patlam\u0131\u015f m\u0131s\u0131r ikram\u0131nda da bulundu. A\u00e7\u0131k havada sinema keyfi ya\u015fayan vatanda\u015flar, Ankara B\u00fcy\u00fck\u015fehir Belediye Ba\u015fkan\u0131 Mansur Yava\u015f\u2019a te\u015fekk\u00fcrlerini iletti.<\/p>\n<p>Toplumsal birlikteli\u011fin en g\u00fczel \u00f6rne\u011fi<\/p>\n<p>Y\u0131llar \u00f6ncesinin en \u00f6nemli k\u00fclt\u00fcrel de\u011ferleri aras\u0131nda yer alan A\u00e7\u0131k Hava Sinemas\u0131\u2019n\u0131 ilk kez Nall\u0131han\u2019da izleyen Ali Ekber Ayta\u00e7, \u201cDaha \u00f6nce il\u00e7emizde b\u00f6yle bir etkinlik yap\u0131lmad\u0131. Yap\u0131lan bu \u00e7al\u0131\u015fman\u0131n bir ba\u015flang\u0131\u00e7 olaca\u011f\u0131n\u0131 d\u00fc\u015f\u00fcn\u00fcyorum. Bunun i\u00e7in Belediye Ba\u015fkan\u0131m\u0131z Mansur Yava\u015f\u2019a te\u015fekk\u00fcr ederim\u201d dedi.<\/p>\n<p>Ankara B\u00fcy\u00fck\u015fehir Belediyesi Bas\u0131n Yay\u0131n ve Halkla \u0130li\u015fkiler Daire Ba\u015fkanl\u0131\u011f\u0131nca yaz boyunca devam edecek olan A\u00e7\u0131k Hava Sinemas\u0131\u2019na ailesiyle birlikte gelen Fatma \u00c7ak\u0131ro\u011flu ise, \u201cBana ve \u00e7ocuklar\u0131ma e\u011flence oldu. D\u00fc\u015f\u00fcnenlere \u00e7ok te\u015fekk\u00fcr ediyorum\u201d diyerek mutlulu\u011funu dile getirdi.<\/p>\n","protected":false},"excerpt":{"rendered":"<p>ANKARA B\u00dcY\u00dcK\u015eEH\u0130R BELED\u0130YES\u0130, \u201cA\u00c7IK HAVA S\u0130NEMASI\u201d H\u0130ZMET\u0130YLE BA\u015eKENTL\u0130LER\u0130 NOSTALJ\u0130 YOLCULU\u011eUNA \u00c7IKARIYOR.<\/p>\n","protected":false},"author":1,"featured_media":181850,"comment_status":"closed","ping_status":"open","sticky":false,"template":"","format":"standard","meta":{"jetpack_post_was_ever_published":false,"_jetpack_newsletter_access":"","_jetpack_dont_email_post_to_subs":false,"_jetpack_newsletter_tier_id":0,"_jetpack_memberships_contains_paywalled_content":false,"_jetpack_memberships_contains_paid_content":false,"footnotes":"","jetpack_publicize_message":"","jetpack_publicize_feature_enabled":true,"jetpack_social_post_already_shared":true,"jetpack_social_options":{"image_generator_settings":{"template":"highway","default_image_id":0,"font":"","enabled":false},"version":2}},"categories":[656],"tags":[9804,5444,55,64,257,11585],"class_list":["post-181849","post","type-post","status-publish","format-standard","has-post-thumbnail","hentry","category-kultur-sanat","tag-acik","tag-ankarada","tag-basladi","tag-gunleri","tag-hava","tag-sinema"],"jetpack_publicize_connections":[],"jetpack_featured_media_url":"https:\/\/i0.wp.com\/www.tvturk.com\/wp-content\/uploads\/2019\/07\/ankarada-acik-hava-sinema-gunleri-basladi_d07da4a.jpg?fit=1000%2C666","jetpack_sharing_enabled":true,"jetpack_shortlink":"https:\/\/wp.me\/paKIfm-Lj3","_links":{"self":[{"href":"http:\/\/www.tvturk.com\/index.php\/wp-json\/wp\/v2\/posts\/181849","targetHints":{"allow":["GET"]}}],"collection":[{"href":"http:\/\/www.tvturk.com\/index.php\/wp-json\/wp\/v2\/posts"}],"about":[{"href":"http:\/\/www.tvturk.com\/index.php\/wp-json\/wp\/v2\/types\/post"}],"author":[{"embeddable":true,"href":"http:\/\/www.tvturk.com\/index.php\/wp-json\/wp\/v2\/users\/1"}],"replies":[{"embeddable":true,"href":"http:\/\/www.tvturk.com\/index.php\/wp-json\/wp\/v2\/comments?post=181849"}],"version-history":[{"count":0,"href":"http:\/\/www.tvturk.com\/index.php\/wp-json\/wp\/v2\/posts\/181849\/revisions"}],"wp:featuredmedia":[{"embeddable":true,"href":"http:\/\/www.tvturk.com\/index.php\/wp-json\/wp\/v2\/media\/181850"}],"wp:attachment":[{"href":"http:\/\/www.tvturk.com\/index.php\/wp-json\/wp\/v2\/media?parent=181849"}],"wp:term":[{"taxonomy":"category","embeddable":true,"href":"http:\/\/www.tvturk.com\/index.php\/wp-json\/wp\/v2\/categories?post=181849"},{"taxonomy":"post_tag","embeddable":true,"href":"http:\/\/www.tvturk.com\/index.php\/wp-json\/wp\/v2\/tags?post=181849"}],"curies":[{"name":"wp","href":"https:\/\/api.w.org\/{rel}","templated":true}]}}