{"id":181853,"date":"2019-07-14T10:46:12","date_gmt":"2019-07-14T07:46:12","guid":{"rendered":"http:\/\/www.tvturk.com\/index.php\/ozel-bir-asirlik-carik-gorenleri-sasirtiyor\/"},"modified":"2019-07-14T10:46:12","modified_gmt":"2019-07-14T07:46:12","slug":"ozel-bir-asirlik-carik-gorenleri-sasirtiyor","status":"publish","type":"post","link":"http:\/\/www.tvturk.com\/index.php\/ozel-bir-asirlik-carik-gorenleri-sasirtiyor\/","title":{"rendered":"(\u00d6zel) Bir as\u0131rl\u0131k \u00e7ar\u0131k g\u00f6renleri \u015fa\u015f\u0131rt\u0131yor"},"content":{"rendered":"<p>Kayseri\u2019nin B\u00fcnyan il\u00e7esinde ya\u015fayan Ramazan Tek, dedelerinden kalma yakla\u015f\u0131k bir as\u0131rl\u0131k \u00e7ar\u0131\u011f\u0131 evlerinin deposunda saklad\u0131klar\u0131n\u0131, cam\u0131z derisinden yap\u0131lma \u00e7ar\u0131\u011f\u0131 g\u00f6renlerin hayretler i\u00e7inde kald\u0131\u011f\u0131n\u0131 s\u00f6yledi.<\/p>\n<p>B\u00fcnyan il\u00e7esine ba\u011fl\u0131 Elba\u015f\u0131 K\u00f6y\u00fc Muhtar\u0131 Ramazan Tek, di\u011fer \u00e7ifti olmayan ve cam\u0131z derisinden yap\u0131lm\u0131\u015f \u00e7ar\u0131\u011f\u0131n annesinin dedesinden kald\u0131\u011f\u0131n\u0131 ve g\u00f6z\u00fc gibi bakt\u0131klar\u0131n\u0131 s\u00f6yleyerek, &#8220;\u00c7ar\u0131\u011f\u0131n bir e\u015fi kay\u0131p. Y\u00fczde y\u00fcz deriden yani cam\u0131z derisinden yap\u0131lm\u0131\u015f bir \u00e7ar\u0131k. Ge\u00e7mi\u015fte b\u00f6yle bir \u00e7ar\u0131\u011f\u0131 giyebilmek \u00e7ok zor, yani b\u00f6yle bir \u00e7ar\u0131\u011f\u0131 \u015fehirden uzak k\u00f6y gibi bir yerde giyen insan kendini \u00e7ok \u015fansl\u0131 hisseder. Eskiden yokluk vard\u0131, her insan bu kadar kaliteli bir \u00e7ar\u0131\u011f\u0131 giyemezdi&#8221; dedi.<\/p>\n<p>\u00c7ar\u0131\u011f\u0131n \u00f6zenli bir \u015fekilde yap\u0131ld\u0131\u011f\u0131n\u0131 anlatan Tek, &#8220;Annemin dedesi 90\u2019l\u0131 ya\u015flar\u0131nda vefat etmi\u015f. Bu ayakkab\u0131 da ona ait ama bir e\u015fi kay\u0131p. \u015eu anda a\u015fa\u011f\u0131 yukar\u0131 y\u00fcz y\u0131ll\u0131k bir \u00e7ar\u0131k. Deriden yap\u0131ld\u0131\u011f\u0131 i\u00e7in bu zamana kadar kalm\u0131\u015f. B\u00f6yle bir \u00e7ar\u0131\u011f\u0131 \u015fu ya\u015fad\u0131\u011f\u0131m\u0131z d\u00f6nemde bulabilmek olduk\u00e7a g\u00fc\u00e7&#8221; diye konu\u015ftu.<\/p>\n<p>Ramazan Tek, teknoloji \u00e7a\u011f\u0131n\u0131n ya\u015fand\u0131\u011f\u0131 \u015fu g\u00fcnlerde isteyen herkesin de\u011fi\u015fik kalitede ve de\u011fi\u015fik t\u00fcrde ayakkab\u0131lara kolayl\u0131kla ula\u015fabildi\u011fini belirterek, &#8220;\u015eu zamanda y\u0131lan derisinden veya timsah derisinden bile ayakkab\u0131 yap\u0131labiliyor. \u0130nsanlar her t\u00fcrl\u00fc hayvan\u0131n derisinden yap\u0131lan ayakkab\u0131lara rahatl\u0131kla ula\u015fabiliyor. \u015eartlar g\u00fcn\u00fcm\u00fczde \u00e7ok iyi ama \u00e7ar\u0131\u011f\u0131n kullan\u0131ld\u0131\u011f\u0131 y\u0131llara bakarsak ortopedik bir taban\u0131 yok, sadece deri ve ayak&#8221; ifadesini kulland\u0131.<\/p>\n<p>Evin deposunda k\u00f6m\u00fcrl\u00fc \u00fct\u00fcn\u00fcn de bulundu\u011funu s\u00f6yleyen Ramazan Tek, \u201cBu g\u00f6rm\u00fc\u015f oldu\u011funuz \u00fct\u00fc de yine annemin dedesinden kalma. G\u00fcn\u00fcm\u00fcze kadar g\u00fczel bir \u015fekilde muhafaza edilmi\u015f k\u00f6zle \u00e7al\u0131\u015fan bir \u00fct\u00fc. Duyduklar\u0131m\u0131za g\u00f6re odun veya k\u00f6z\u00fc kapal\u0131 k\u0131sma koyulup kapat\u0131ld\u0131ktan sonra kullan\u0131l\u0131yormu\u015f. Herkes de\u011fil tabii, durumu iyi olan devlet b\u00fcy\u00fckleri veya \u00f6nde gelen insanlar\u0131n kulland\u0131\u011f\u0131 \u00fct\u00fclerden birisidir\u201d diyerek, \u00e7ar\u0131k ve \u00fct\u00fcy\u00fc g\u00f6renlerin \u015fa\u015fk\u0131nl\u0131klar\u0131n\u0131 gizleyemediklerini s\u00f6yledi.<\/p>\n","protected":false},"excerpt":{"rendered":"<p>KAYSER\u0130&#8217;N\u0130N B\u00dcNYAN \u0130L\u00c7ES\u0130NDE YA\u015eAYAN RAMAZAN TEK, DEDELER\u0130NDEN KALMA YAKLA\u015eIK B\u0130R ASIRLIK \u00c7ARI\u011eI EVLER\u0130N\u0130N DEPOSUNDA SAKLADIKLARINI, CAMIZ DER\u0130S\u0130NDEN YAPILMA \u00c7ARI\u011eI G\u00d6RENLER\u0130N HAYRETLER \u0130\u00c7\u0130NDE KALDI\u011eINI S\u00d6YLED\u0130.<\/p>\n","protected":false},"author":1,"featured_media":181854,"comment_status":"closed","ping_status":"open","sticky":false,"template":"","format":"standard","meta":{"jetpack_post_was_ever_published":false,"_jetpack_newsletter_access":"","_jetpack_dont_email_post_to_subs":false,"_jetpack_newsletter_tier_id":0,"_jetpack_memberships_contains_paywalled_content":false,"_jetpack_memberships_contains_paid_content":false,"footnotes":"","jetpack_publicize_message":"","jetpack_publicize_feature_enabled":true,"jetpack_social_post_already_shared":true,"jetpack_social_options":{"image_generator_settings":{"template":"highway","default_image_id":0,"font":"","enabled":false},"version":2}},"categories":[1],"tags":[1073,3115,125,44881,2447,12497],"class_list":["post-181853","post","type-post","status-publish","format-standard","has-post-thumbnail","hentry","category-genel","tag-ozel","tag-asirlik","tag-bir","tag-carik","tag-gorenleri","tag-sasirtiyor"],"jetpack_publicize_connections":[],"jetpack_featured_media_url":"https:\/\/i0.wp.com\/www.tvturk.com\/wp-content\/uploads\/2019\/07\/ozel-bir-asirlik-carik-gorenleri-sasirtiyor_15416f7.jpg?fit=1000%2C750","jetpack_sharing_enabled":true,"jetpack_shortlink":"https:\/\/wp.me\/paKIfm-Lj7","_links":{"self":[{"href":"http:\/\/www.tvturk.com\/index.php\/wp-json\/wp\/v2\/posts\/181853","targetHints":{"allow":["GET"]}}],"collection":[{"href":"http:\/\/www.tvturk.com\/index.php\/wp-json\/wp\/v2\/posts"}],"about":[{"href":"http:\/\/www.tvturk.com\/index.php\/wp-json\/wp\/v2\/types\/post"}],"author":[{"embeddable":true,"href":"http:\/\/www.tvturk.com\/index.php\/wp-json\/wp\/v2\/users\/1"}],"replies":[{"embeddable":true,"href":"http:\/\/www.tvturk.com\/index.php\/wp-json\/wp\/v2\/comments?post=181853"}],"version-history":[{"count":0,"href":"http:\/\/www.tvturk.com\/index.php\/wp-json\/wp\/v2\/posts\/181853\/revisions"}],"wp:featuredmedia":[{"embeddable":true,"href":"http:\/\/www.tvturk.com\/index.php\/wp-json\/wp\/v2\/media\/181854"}],"wp:attachment":[{"href":"http:\/\/www.tvturk.com\/index.php\/wp-json\/wp\/v2\/media?parent=181853"}],"wp:term":[{"taxonomy":"category","embeddable":true,"href":"http:\/\/www.tvturk.com\/index.php\/wp-json\/wp\/v2\/categories?post=181853"},{"taxonomy":"post_tag","embeddable":true,"href":"http:\/\/www.tvturk.com\/index.php\/wp-json\/wp\/v2\/tags?post=181853"}],"curies":[{"name":"wp","href":"https:\/\/api.w.org\/{rel}","templated":true}]}}