{"id":181873,"date":"2019-07-14T11:01:26","date_gmt":"2019-07-14T08:01:26","guid":{"rendered":"http:\/\/www.tvturk.com\/index.php\/avustralyada-6-9-buyuklugunde-deprem\/"},"modified":"2019-07-14T11:01:26","modified_gmt":"2019-07-14T08:01:26","slug":"avustralyada-6-9-buyuklugunde-deprem","status":"publish","type":"post","link":"http:\/\/www.tvturk.com\/index.php\/avustralyada-6-9-buyuklugunde-deprem\/","title":{"rendered":"Avustralya\u2019da 6.9 b\u00fcy\u00fckl\u00fc\u011f\u00fcnde deprem"},"content":{"rendered":"<p>ABD Jeolojik Jeolojik Ara\u015ft\u0131rma Merkezi, Avustralya\u2019da 6.9 b\u00fcy\u00fckl\u00fc\u011f\u00fcnde deprem meydana geldi\u011fini a\u00e7\u0131klad\u0131.<\/p>\n<p>ABD Jeolojik Jeolojik Ara\u015ft\u0131rma Merkezi (USGS), Bat\u0131 Avustralya\u2019da 6.9 b\u00fcy\u00fckl\u00fc\u011f\u00fcnde deprem meydana geldi\u011fini duyurdu. Merkez \u00fcss\u00fc Broome kasabas\u0131 olan depremin yerin 33 kilometre derinli\u011finde meydana geldi\u011fi belirtildi.<\/p>\n<p>Depremde can ya da mal kayb\u0131 olup olmad\u0131\u011f\u0131 bilinmiyor.<\/p>\n","protected":false},"excerpt":{"rendered":"<p>ABD JEOLOJ\u0130K JEOLOJ\u0130K ARA\u015eTIRMA MERKEZ\u0130, AVUSTRALYA\u2019DA 6.9 B\u00dcY\u00dcKL\u00dc\u011e\u00dcNDE DEPREM MEYDANA GELD\u0130\u011e\u0130N\u0130 A\u00c7IKLADI.<\/p>\n","protected":false},"author":1,"featured_media":181874,"comment_status":"closed","ping_status":"open","sticky":false,"template":"","format":"standard","meta":{"jetpack_post_was_ever_published":false,"_jetpack_newsletter_access":"","_jetpack_dont_email_post_to_subs":false,"_jetpack_newsletter_tier_id":0,"_jetpack_memberships_contains_paywalled_content":false,"_jetpack_memberships_contains_paid_content":false,"footnotes":"","jetpack_publicize_message":"","jetpack_publicize_feature_enabled":true,"jetpack_social_post_already_shared":true,"jetpack_social_options":{"image_generator_settings":{"template":"highway","default_image_id":0,"font":"","enabled":false},"version":2}},"categories":[10],"tags":[43950,20140,14798,221],"class_list":["post-181873","post","type-post","status-publish","format-standard","has-post-thumbnail","hentry","category-dunya","tag-6-9","tag-avustralyada","tag-buyuklugunde","tag-deprem"],"jetpack_publicize_connections":[],"jetpack_featured_media_url":"https:\/\/i0.wp.com\/www.tvturk.com\/wp-content\/uploads\/2019\/07\/avustralyada-69-buyuklugunde-deprem_6ae8388.jpg?fit=1000%2C656","jetpack_sharing_enabled":true,"jetpack_shortlink":"https:\/\/wp.me\/paKIfm-Ljr","_links":{"self":[{"href":"http:\/\/www.tvturk.com\/index.php\/wp-json\/wp\/v2\/posts\/181873","targetHints":{"allow":["GET"]}}],"collection":[{"href":"http:\/\/www.tvturk.com\/index.php\/wp-json\/wp\/v2\/posts"}],"about":[{"href":"http:\/\/www.tvturk.com\/index.php\/wp-json\/wp\/v2\/types\/post"}],"author":[{"embeddable":true,"href":"http:\/\/www.tvturk.com\/index.php\/wp-json\/wp\/v2\/users\/1"}],"replies":[{"embeddable":true,"href":"http:\/\/www.tvturk.com\/index.php\/wp-json\/wp\/v2\/comments?post=181873"}],"version-history":[{"count":0,"href":"http:\/\/www.tvturk.com\/index.php\/wp-json\/wp\/v2\/posts\/181873\/revisions"}],"wp:featuredmedia":[{"embeddable":true,"href":"http:\/\/www.tvturk.com\/index.php\/wp-json\/wp\/v2\/media\/181874"}],"wp:attachment":[{"href":"http:\/\/www.tvturk.com\/index.php\/wp-json\/wp\/v2\/media?parent=181873"}],"wp:term":[{"taxonomy":"category","embeddable":true,"href":"http:\/\/www.tvturk.com\/index.php\/wp-json\/wp\/v2\/categories?post=181873"},{"taxonomy":"post_tag","embeddable":true,"href":"http:\/\/www.tvturk.com\/index.php\/wp-json\/wp\/v2\/tags?post=181873"}],"curies":[{"name":"wp","href":"https:\/\/api.w.org\/{rel}","templated":true}]}}