{"id":181881,"date":"2019-07-14T11:01:49","date_gmt":"2019-07-14T08:01:49","guid":{"rendered":"http:\/\/www.tvturk.com\/index.php\/17-yildir-igne-ve-makas-ile-kumaslari-sik-kiyafetlere-donusturuyor\/"},"modified":"2019-07-14T11:01:49","modified_gmt":"2019-07-14T08:01:49","slug":"17-yildir-igne-ve-makas-ile-kumaslari-sik-kiyafetlere-donusturuyor","status":"publish","type":"post","link":"http:\/\/www.tvturk.com\/index.php\/17-yildir-igne-ve-makas-ile-kumaslari-sik-kiyafetlere-donusturuyor\/","title":{"rendered":"17 y\u0131ld\u0131r i\u011fne ve makas ile kuma\u015flar\u0131 \u015f\u0131k k\u0131yafetlere d\u00f6n\u00fc\u015ft\u00fcr\u00fcyor"},"content":{"rendered":"<p>Gaziantep\u2019te ki\u015fiye \u00f6zel giysiler diken 27 ya\u015f\u0131ndaki Mehmet G\u00f6kdeniz, 17 y\u0131ld\u0131r i\u011fne ve makas ile rengarenk kuma\u015flar\u0131 \u015f\u0131k k\u0131yafetlere d\u00f6n\u00fc\u015ft\u00fcr\u00fcyor. T\u00fcrkiye\u2019nin en gen\u00e7 \u00f6zel dikimcisi oldu\u011funu s\u00f6yleyen G\u00f6kdeniz, ya\u015f\u0131tlar\u0131n\u0131n bir\u00e7o\u011funun mesle\u011fi b\u0131rakt\u0131\u011f\u0131n\u0131 ve art\u0131k \u00e7\u0131rak yeti\u015ftiremediklerini belirtti.<\/p>\n<p>\u015eahinbey il\u00e7esindeki Ko\u00e7ak Pasaj\u0131\u2019nda 5 y\u0131ld\u0131r kendi i\u015f yerinde ki\u015fiye \u00f6zel giysiler diken Mehmet G\u00f6kdeniz, b\u00f6lgede T\u00fcrkiye\u2019nin en gen\u00e7 \u00f6zel dikimcisi olarak biliniyor. \u00c7ocuk ya\u015flarda \u00f6\u011frendi\u011fi mesle\u011fi icra eden G\u00f6kdeniz, 17 y\u0131ld\u0131r rengarenk kuma\u015flar\u0131 i\u011fne ve makasla birbirinden \u015f\u0131k k\u0131yafetlere d\u00f6n\u00fc\u015ft\u00fcr\u00fcyor. Ki\u015fiye \u00f6zel olarak tak\u0131m elbise, pantolon, ceket gibi giysiler diken G\u00f6kdeniz, kendinden k\u00fc\u00e7\u00fck dikim ustalar\u0131n\u0131n ekonomik sebeplerden mesle\u011fi b\u0131rakarak ba\u015fka i\u015flere y\u00f6neldi\u011fini, ayn\u0131 nedenlerden \u00e7\u0131rak yeti\u015ftiremediklerini ifade etti. G\u00f6kdeniz, bilinenin aksine sekt\u00f6r\u00fcn gelece\u011finin parlak oldu\u011funu kaydetti.<\/p>\n<p>&#8220;27 ya\u015f\u0131n alt\u0131nda dikim ustas\u0131 yok&#8221;<\/p>\n<p>Mesle\u011fin en gen\u00e7 nesli oldu\u011funu ifade eden G\u00f6kdeniz, 27 ya\u015f\u0131n alt\u0131nda usta kalmad\u0131\u011f\u0131n\u0131 s\u00f6yledi. Kendinden k\u00fc\u00e7\u00fck ya\u015ftaki dikim ustalar\u0131n\u0131n ba\u015fka i\u015flere y\u00f6neldi\u011fini vurgulayan G\u00f6kdeniz, ya\u015f\u0131tlar\u0131n\u0131n bir\u00e7o\u011funun ise ekonomik sebeplerden bu i\u015fi b\u0131rakt\u0131\u011f\u0131n\u0131 kaydetti. \u00c7\u0131rak yeti\u015fmedi\u011fini de ifade eden G\u00f6kdeniz, \u201c17 y\u0131ld\u0131r bu mesle\u011fi yap\u0131yorum. Bu mesle\u011fin en gen\u00e7 nesli benim. Benden daha k\u00fc\u00e7\u00fck \u00e7\u0131rak olarak bir nesil yeti\u015fmiyor. Bu konuda biraz ma\u011fduruz. \u0130\u015flerimiz iyi \u00e7ok \u015f\u00fck\u00fcr. Eleman\u0131m\u0131z olmad\u0131\u011f\u0131ndan dolay\u0131 biraz m\u00fc\u015fterilere kar\u015f\u0131 mahcup oluyoruz. Alttan yeti\u015fen kalfa olarak birileri olsa daha \u00e7ok m\u00fc\u015fteriye hitap edece\u011fiz ve daha \u00e7ok m\u00fc\u015fterinin talebine kar\u015f\u0131l\u0131k vermi\u015f olaca\u011f\u0131z. Bir ara\u015ft\u0131rma yap\u0131ld\u0131. Bu ara\u015ft\u0131rmada en k\u00fc\u00e7\u00fck ya\u015fta benim oldu\u011fum s\u00f6ylendi. 27 ya\u015f\u0131nday\u0131m ve daha k\u00fc\u00e7\u00fck ya\u015fta \u00f6zel dikimci yok. 30 k\u00fcs\u00fcr\u00fcn \u00fczerinde ustalar\u0131m\u0131z var ama 27 ya\u015f alt\u0131nda kimse yok. Yeti\u015fen de yok ayn\u0131 zamanda. Ben 27 ya\u015f\u0131nda usta olarak tekim. Vatanda\u015flar\u0131m\u0131z bu mesle\u011fi asl\u0131nda unutmu\u015flar. Asl\u0131nda bu bizlere atalar\u0131m\u0131zdan gelen bir k\u00fclt\u00fcr. \u00d6zel dikim ger\u00e7ekten insanlar\u0131n ilgisin \u00e7eken bir giyim sekt\u00f6r\u00fc. Kendinizi \u00f6zel hissettiriyor ve sadece size \u00f6zel olarak \u00fcretiliyor. Bir firmaya sabit kalmak zorunda de\u011filsiniz, muhta\u00e7 de\u011filsiniz\u201d dedi.<\/p>\n<p>&#8220;Sekt\u00f6r\u00fcn gelece\u011fi parlak&#8221;<\/p>\n<p>G\u00f6kdeniz, son d\u00f6nemlerde i\u015flerin artt\u0131\u011f\u0131n\u0131 ve sekt\u00f6r\u00fcn yeniden canland\u0131\u011f\u0131n\u0131 da kaydetti. Sekt\u00f6rde gelece\u011fin parlak oldu\u011funu kaydeden G\u00f6kdeniz, &#8220;Unutulmu\u015f bir sekt\u00f6r ama bu yeniden canlan\u0131yor. Biraz geli\u015fme var, m\u00fc\u015fteri talepleri y\u00fckseliyor. Gen\u00e7 ya\u015fta m\u00fc\u015fterilerimiz yoktu. Onlar da gelmeye ba\u015flad\u0131. Tak\u0131m elbiselerinin fiyat\u0131 da bin liradan ba\u015fl\u0131yor, kuma\u015f\u0131na g\u00f6re de\u011fi\u015fiyor. 5 bin liraya kadar da fiyatlar\u0131m\u0131z y\u00fckseliyor. Kuma\u015f kaliteniz ne kadar y\u00fcksek olursa fiyat da bu oranda de\u011fi\u015fiyor\u201d \u015feklinde konu\u015ftu.<\/p>\n<p>G\u00f6kdeniz, i\u015f yerinde ki\u015fiye \u00f6zel haz\u0131rlanan \u00e7oraplar\u0131n\u0131n da oldu\u011funu ve \u00e7oraplar\u0131n \u00fczerine m\u00fc\u015fterilerinin isimlerini yazd\u0131klar\u0131n\u0131 s\u00f6zlerine ekledi.<\/p>\n","protected":false},"excerpt":{"rendered":"<p>GAZ\u0130ANTEP\u2019TE \u00d6ZEL D\u0130K\u0130MC\u0130 OLARAK MESLE\u011e\u0130N\u0130 S\u00dcRD\u00dcREN 27 YA\u015eINDAK\u0130 MEHMET G\u00d6KDEN\u0130Z, T\u00dcRK\u0130YE\u2019N\u0130N EN GEN\u00c7 \u00d6ZEL D\u0130K\u0130MC\u0130S\u0130 OLDU\u011eUNU S\u00d6YLEYEREK, MESLEKTE \u00c7IRAK YET\u0130\u015eMEMES\u0130NDEN YAKINDI.<\/p>\n","protected":false},"author":1,"featured_media":181882,"comment_status":"closed","ping_status":"open","sticky":false,"template":"","format":"standard","meta":{"jetpack_post_was_ever_published":false,"_jetpack_newsletter_access":"","_jetpack_dont_email_post_to_subs":false,"_jetpack_newsletter_tier_id":0,"_jetpack_memberships_contains_paywalled_content":false,"_jetpack_memberships_contains_paid_content":false,"footnotes":"","jetpack_publicize_message":"","jetpack_publicize_feature_enabled":true,"jetpack_social_post_already_shared":true,"jetpack_social_options":{"image_generator_settings":{"template":"highway","default_image_id":0,"font":"","enabled":false},"version":2}},"categories":[1],"tags":[9374,11267,7072,3700,192,44889,44888,1682],"class_list":["post-181881","post","type-post","status-publish","format-standard","has-post-thumbnail","hentry","category-genel","tag-makas","tag-sik","tag-donusturuyor","tag-igne","tag-ile","tag-kiyafetlere","tag-kumaslari","tag-yildir"],"jetpack_publicize_connections":[],"jetpack_featured_media_url":"https:\/\/i0.wp.com\/www.tvturk.com\/wp-content\/uploads\/2019\/07\/17-yildir-igne-ve-makas-ile-kumaslari-sik-kiyafetlere-donusturuyor_4238a0b.jpg?fit=1000%2C666","jetpack_sharing_enabled":true,"jetpack_shortlink":"https:\/\/wp.me\/paKIfm-Ljz","_links":{"self":[{"href":"http:\/\/www.tvturk.com\/index.php\/wp-json\/wp\/v2\/posts\/181881","targetHints":{"allow":["GET"]}}],"collection":[{"href":"http:\/\/www.tvturk.com\/index.php\/wp-json\/wp\/v2\/posts"}],"about":[{"href":"http:\/\/www.tvturk.com\/index.php\/wp-json\/wp\/v2\/types\/post"}],"author":[{"embeddable":true,"href":"http:\/\/www.tvturk.com\/index.php\/wp-json\/wp\/v2\/users\/1"}],"replies":[{"embeddable":true,"href":"http:\/\/www.tvturk.com\/index.php\/wp-json\/wp\/v2\/comments?post=181881"}],"version-history":[{"count":0,"href":"http:\/\/www.tvturk.com\/index.php\/wp-json\/wp\/v2\/posts\/181881\/revisions"}],"wp:featuredmedia":[{"embeddable":true,"href":"http:\/\/www.tvturk.com\/index.php\/wp-json\/wp\/v2\/media\/181882"}],"wp:attachment":[{"href":"http:\/\/www.tvturk.com\/index.php\/wp-json\/wp\/v2\/media?parent=181881"}],"wp:term":[{"taxonomy":"category","embeddable":true,"href":"http:\/\/www.tvturk.com\/index.php\/wp-json\/wp\/v2\/categories?post=181881"},{"taxonomy":"post_tag","embeddable":true,"href":"http:\/\/www.tvturk.com\/index.php\/wp-json\/wp\/v2\/tags?post=181881"}],"curies":[{"name":"wp","href":"https:\/\/api.w.org\/{rel}","templated":true}]}}