{"id":181883,"date":"2019-07-14T11:01:53","date_gmt":"2019-07-14T08:01:53","guid":{"rendered":"http:\/\/www.tvturk.com\/index.php\/tank-paletine-baston-sokan-gazi-o-geceyi-anlatti\/"},"modified":"2019-07-14T11:01:53","modified_gmt":"2019-07-14T08:01:53","slug":"tank-paletine-baston-sokan-gazi-o-geceyi-anlatti","status":"publish","type":"post","link":"http:\/\/www.tvturk.com\/index.php\/tank-paletine-baston-sokan-gazi-o-geceyi-anlatti\/","title":{"rendered":"Tank paletine baston sokan gazi o geceyi anlatt\u0131"},"content":{"rendered":"<p>Fethullah\u00e7\u0131 Ter\u00f6r \u00d6rg\u00fct\u00fc (FET\u00d6) taraf\u0131ndan d\u00fczenlenen 15 Temmuz Hain Darbe Giri\u015fimi gecesi ya\u015fad\u0131klar\u0131n\u0131 aktaran 15 Temmuz Gazisi Cengiz G\u00fcnc\u00fc, &#8220;\u00dcsk\u00fcdar Kavac\u0131k taraf\u0131ndan insanlar ak\u0131n ak\u0131n geliyordu. Elimdeki bastonumu tank\u0131n paletine soktum ve oradaki y\u00fczba\u015f\u0131 bana dip\u00e7ik ile vurmaya ba\u015flad\u0131. \u2019Sen niye vuruyorsun bana?\u2019 dedi\u011fim anda vatanda\u015flar beni geri \u00e7ekti. \u2019Durmak yok. \u00d6l\u00fcm\u00fcne gidece\u011fiz\u2019 dedim&#8221; ifadelerini kulland\u0131.<\/p>\n<p>Baca\u011f\u0131ndaki rahats\u0131zl\u0131ktan dolay\u0131 tedavi i\u00e7in e\u015fi Selma G\u00fcnc\u00fc ile birlikte \u0130zmir\u2019den \u0130stanbul\u2019a gittiklerini s\u00f6yleyen 15 Temmuz Gazisi Cengiz G\u00fcnc\u00fc, ayn\u0131 zamanda bir Be\u015fikta\u015f taraftar\u0131 olarak Be\u015fikta\u015f Vodafone Arena Stadyumu\u2019nu g\u00f6rmek istedi\u011fini s\u00f6yledi. Stadyumu g\u00f6rmek i\u00e7in Avrupa yakas\u0131na ge\u00e7mek istediklerini fakat arac\u0131n\u0131n askerler taraf\u0131ndan durduruldu\u011funu ifaden eden G\u00fcnc\u00fc, darbe gecesi ya\u015fad\u0131klar\u0131n\u0131 \u015fu \u015fekilde aktard\u0131:<\/p>\n<p>&#8220;Askere, ne i\u00e7in durduruldu\u011fumuzu sordum. Askerler ise darbe yap\u0131ld\u0131\u011f\u0131n\u0131 s\u00f6yledi. Yar\u0131m saat bekledikten sonra ne geri \u00e7\u0131kabildik ne de geri gidebildik. \u00c7\u00fcnk\u00fc k\u00f6pr\u00fc \u00fczerinde bir\u00e7ok ara\u00e7 vard\u0131. Daha sonra otob\u00fcsten gen\u00e7ler, \u2018Cumhurba\u015fkan\u0131m\u0131z canl\u0131 yay\u0131nda\u2019 diye ba\u011f\u0131rd\u0131lar. Telefondan hemen Cumhurba\u015fkan\u0131m\u0131z\u0131n konu\u015fmalar\u0131n\u0131 dinledik. Ard\u0131ndan 11. Cumhurba\u015fkan\u0131m\u0131z Abdullah G\u00fcl\u2019\u00fcn konu\u015fmalar\u0131n\u0131 duyduk. Bayra\u011f\u0131m\u0131z\u0131n, ezan\u0131m\u0131z\u0131n dinmemesi i\u00e7in bu darbenin yap\u0131lmamas\u0131n\u0131 istedik, kar\u015f\u0131 \u00e7\u0131kt\u0131k. \u00dcsk\u00fcdar Kavac\u0131k taraf\u0131ndan insanlar ak\u0131n ak\u0131n geliyordu. Elimdeki bastonumu tank\u0131n paletine soktum ve oradaki y\u00fczba\u015f\u0131 bana dip\u00e7ik ile vurmaya ba\u015flad\u0131. \u2019Sen niye vuruyorsun bana?\u2019 dedi\u011fim anda vatanda\u015flar beni geri \u00e7ekti. \u2019Durmak yok. \u00d6l\u00fcm\u00fcne gidece\u011fiz\u2019 dedim. Bizi panzerlerin oldu\u011fu noktaya \u00e7ektiler. O anda bir yayl\u0131m ate\u015fi ile hepimiz yerlere yatt\u0131k. Bayrak ta\u015f\u0131yan motorlu arkada\u015f\u0131m\u0131z o anda \u015fehit oldu. Bizler de Allah\u2019\u0131n izni ile darbeyi sabaha kar\u015f\u0131 bertaraf ettik. \u015e\u00fck\u00fcrler olsun ki \u00fclkemiz kurtuldu. Bizler gaziler olarak Cumhurba\u015fkan\u0131m\u0131z\u0131n daima yan\u0131nda olaca\u011f\u0131m\u0131za yemin ettik. Bizler bug\u00fcn bu yemini bayrak, vatan ve \u015fehitler ad\u0131na ettik. Bundan sonra Cumhurba\u015fkan\u0131m\u0131z\u0131n yolunda gidece\u011fiz ve gerekirse yolunda can\u0131m\u0131z\u0131 verece\u011fiz.\u201d<\/p>\n<p>&#8220;Benim kan\u0131m feda olsun \u00f6nemli de\u011fil&#8221;<\/p>\n<p>Darbe gecesi ya\u015fad\u0131klar\u0131n\u0131 anlatmaya devam eden G\u00fcnc\u00fc, \u201cOlay an\u0131nda y\u00fczba\u015f\u0131 kollar\u0131ma dip\u00e7ik ile vurduktan sonra aya\u011f\u0131ma da dip\u00e7ik ile vurdu. Aya\u011f\u0131mda greft vard\u0131. Greftim patlad\u0131. Dolay\u0131s\u0131 ile kanama oldu. Kanaman\u0131n oldu\u011funu yan\u0131mdaki Murat gazimiz fark etti. Murat gazi, \u2018a\u011fabey aya\u011f\u0131n kan\u0131yor\u2019 diye seslendi, ben de \u2018benim kan\u0131m feda olsun \u00f6nemli de\u011fil\u2019 dedim. Daha sonra Kartal Devlet Hastanesine kald\u0131rd\u0131lar. Tekrardan \u0130zmir\u2019e geldim ameliyat olmak i\u00e7in. \u015e\u00fck\u00fcr ayaktay\u0131m\u201d dedi.<\/p>\n<p>\u201cDarbeci Y\u00fczba\u015f\u0131 \u2018Beni \u00f6ld\u00fcrmeye kalk\u0131\u015ft\u0131\u2019 iddias\u0131 ile \u015fahs\u0131mdan davac\u0131 oldu\u201d<\/p>\n<p>15 Temmuz gazileri olarak dimdik ayakta olacaklar\u0131n\u0131 s\u00f6yleyen G\u00fcnc\u00fc, &#8220;\u00dclkemize sahip \u00e7\u0131ka\u011f\u0131z. Kimsenin oyununa gelmeyece\u011fiz. \u2019Fethullah\u2019 denilen al\u00e7a\u011f\u0131 da g\u00fcld\u00fcrmeyece\u011fiz&#8221; diye konu\u015ftu. G\u00fcnc\u00fc, darbe gecesi kendisine dip\u00e7ik ile vuran \u2018y\u00fczba\u015f\u0131\u2019 k\u0131yafetli \u015fahs\u0131n kendisinden davac\u0131 oldu\u011fu bilgisini ise \u015fu s\u00f6zler ile payla\u015ft\u0131: &#8220;\u2019Beni \u00f6ld\u00fcrmeye kalk\u0131\u015ft\u0131\u2019 iddias\u0131 ile \u015fahs\u0131mdan davac\u0131 oldu. Sadece g\u00fcld\u00fck ve ge\u00e7tik. Bizler tabii ki orada vatan\u0131m\u0131z\u0131, bayra\u011f\u0131m\u0131z\u0131, ezan\u0131m\u0131z\u0131 indirmemek i\u00e7in m\u00fccadele verdik. 15 Temmuz g\u00fcn\u00fcn\u00fc ikinci \u00c7anakkale olarak hesap ediyoruz.&#8221;<\/p>\n<p>\u201cOlaydan sonra hi\u00e7bir d\u00fc\u011f\u00fcne gidemiyorum.\u201d<\/p>\n<p>Psikolojisinin bozuldu\u011funu ve halen de psikolojik tedavi g\u00f6rd\u00fc\u011f\u00fcne dikkat \u00e7eken Gazi Cengiz G\u00fcnc\u00fc, &#8220;\u00c7o\u011fu zaman yata\u011f\u0131mdan f\u0131rlad\u0131\u011f\u0131m anlar oldu. Arabalar\u0131n egzoz patlatmalar\u0131ndan ve bir havai fi\u015fek at\u0131ld\u0131\u011f\u0131nda \u00e7ok k\u00f6t\u00fc oluyorum. Olaydan sonra hi\u00e7bir d\u00fc\u011f\u00fcne gidemiyorum\u201d diye konu\u015ftu.<\/p>\n","protected":false},"excerpt":{"rendered":"<p>15 TEMMUZ GAZ\u0130S\u0130 CENG\u0130Z G\u00dcNC\u00dc, DARBE G\u0130R\u0130\u015e\u0130M\u0130 GECES\u0130 YA\u015eADIKLARINI ANLATTI<\/p>\n","protected":false},"author":1,"featured_media":181884,"comment_status":"closed","ping_status":"open","sticky":false,"template":"","format":"standard","meta":{"jetpack_post_was_ever_published":false,"_jetpack_newsletter_access":"","_jetpack_dont_email_post_to_subs":false,"_jetpack_newsletter_tier_id":0,"_jetpack_memberships_contains_paywalled_content":false,"_jetpack_memberships_contains_paid_content":false,"footnotes":"","jetpack_publicize_message":"","jetpack_publicize_feature_enabled":true,"jetpack_social_post_already_shared":true,"jetpack_social_options":{"image_generator_settings":{"template":"highway","default_image_id":0,"font":"","enabled":false},"version":2}},"categories":[1],"tags":[3097,356,21171,8453,44890,44891,26604],"class_list":["post-181883","post","type-post","status-publish","format-standard","has-post-thumbnail","hentry","category-genel","tag-gazi","tag-anlatti","tag-baston","tag-geceyi","tag-paletine","tag-sokan","tag-tank"],"jetpack_publicize_connections":[],"jetpack_featured_media_url":"https:\/\/i0.wp.com\/www.tvturk.com\/wp-content\/uploads\/2019\/07\/tank-paletine-baston-sokan-gazi-o-geceyi-anlatti_315b128.jpg?fit=1000%2C564","jetpack_sharing_enabled":true,"jetpack_shortlink":"https:\/\/wp.me\/paKIfm-LjB","_links":{"self":[{"href":"http:\/\/www.tvturk.com\/index.php\/wp-json\/wp\/v2\/posts\/181883","targetHints":{"allow":["GET"]}}],"collection":[{"href":"http:\/\/www.tvturk.com\/index.php\/wp-json\/wp\/v2\/posts"}],"about":[{"href":"http:\/\/www.tvturk.com\/index.php\/wp-json\/wp\/v2\/types\/post"}],"author":[{"embeddable":true,"href":"http:\/\/www.tvturk.com\/index.php\/wp-json\/wp\/v2\/users\/1"}],"replies":[{"embeddable":true,"href":"http:\/\/www.tvturk.com\/index.php\/wp-json\/wp\/v2\/comments?post=181883"}],"version-history":[{"count":0,"href":"http:\/\/www.tvturk.com\/index.php\/wp-json\/wp\/v2\/posts\/181883\/revisions"}],"wp:featuredmedia":[{"embeddable":true,"href":"http:\/\/www.tvturk.com\/index.php\/wp-json\/wp\/v2\/media\/181884"}],"wp:attachment":[{"href":"http:\/\/www.tvturk.com\/index.php\/wp-json\/wp\/v2\/media?parent=181883"}],"wp:term":[{"taxonomy":"category","embeddable":true,"href":"http:\/\/www.tvturk.com\/index.php\/wp-json\/wp\/v2\/categories?post=181883"},{"taxonomy":"post_tag","embeddable":true,"href":"http:\/\/www.tvturk.com\/index.php\/wp-json\/wp\/v2\/tags?post=181883"}],"curies":[{"name":"wp","href":"https:\/\/api.w.org\/{rel}","templated":true}]}}