{"id":181889,"date":"2019-07-14T11:16:26","date_gmt":"2019-07-14T08:16:26","guid":{"rendered":"http:\/\/www.tvturk.com\/index.php\/koylerini-yeniden-insa-ettiler\/"},"modified":"2019-07-14T11:16:26","modified_gmt":"2019-07-14T08:16:26","slug":"koylerini-yeniden-insa-ettiler","status":"publish","type":"post","link":"http:\/\/www.tvturk.com\/index.php\/koylerini-yeniden-insa-ettiler\/","title":{"rendered":"K\u00f6ylerini yeniden in\u015fa ettiler"},"content":{"rendered":"<p>S\u0130VAS (\u0130HA) \u2013 Sivas\u2019\u0131 Zara il\u00e7esi Bolucan k\u00f6y\u00fcn\u00fcn yeti\u015ftirdi\u011fi i\u015f adamlar\u0131ndan Ali Akka\u015f ve arkada\u015flar\u0131, birbirinin t\u0131pa t\u0131p ayn\u0131s\u0131 evlerle k\u00f6ylerini yeniden in\u015fa ettiler.<\/p>\n<p>Sivas Zara Bolucan k\u00f6y\u00fc do\u011fumlu i\u015f adam\u0131 Ali Akka\u015f ve arkada\u015flar\u0131 y\u0131llar \u00f6nce do\u011fup b\u00fcy\u00fcd\u00fckleri k\u00f6ylerinde i\u015f imkanlar\u0131 olmad\u0131\u011f\u0131 i\u00e7in k\u00f6ylerini terk etmek zorunda kald\u0131. K\u00f6ylerinden ayr\u0131lmak zorunda kalan Akka\u015f ve arkada\u015flar\u0131 ticarette ba\u015far\u0131l\u0131 olup T\u00fcrkiye\u2019nin say\u0131l\u0131 i\u015f adamlar\u0131 aras\u0131nda yer almay\u0131 ba\u015fard\u0131. \u0130\u015flerinin yo\u011funlu\u011fu onlara b\u00fcy\u00fcd\u00fckleri topraklar\u0131 unutturmad\u0131. Yeni ku\u015faklar\u0131n kendileri gibi k\u00f6ylerinden g\u00f6\u00e7 etmek zorunda kalmas\u0131n\u0131 istemeyen Akta\u015f ve arkada\u015flar\u0131, \u2019Bolucan Nahiyesi ve \u00c7evre K\u00f6ylerini Ya\u015fatma Projesi\u2019ni hayata ge\u00e7irdi. K\u00f6ylerini yeniden in\u015fa eden i\u015f adamlar\u0131, eskiyen evlerin yerine tek tip \u015fekilde yenilerini yapt\u0131. Birbirinin ayn\u0131 yeni evler in\u015fa edince ortaya ilgin\u00e7 de bir g\u00f6r\u00fcnt\u00fc \u00e7\u0131kt\u0131.<\/p>\n<p>10 y\u0131l \u00f6nce k\u00f6ylerinde beraber b\u00fcy\u00fcd\u00fc\u011f\u00fc arkada\u015flar\u0131yla k\u00f6ylerini yeniden in\u015fa etme karar\u0131 ald\u0131klar\u0131n\u0131 belirten Akka\u015f, &#8220;Dedik ki k\u00f6ye d\u00f6nelim ama d\u00f6n\u00fcnce bir arada ya\u015fayal\u0131m. Arkada\u015flar\u0131m\u0131zda kabul ettiler. \u00c7evre ve K\u00fclt\u00fcr De\u011ferlerini Koruma ve Tan\u0131tma Vakf\u0131yla (\u00c7EK\u00dcV) bir araya geldik. Onlar bize bu projeyi \u00e7izdiler. Daha sonra da babam\u0131n tarlas\u0131n\u0131 ald\u0131k. Buray\u0131 yapt\u0131k ve a\u015fa\u011f\u0131 yukar\u0131 10 y\u0131ld\u0131r burada ya\u015f\u0131yoruz. Herkes mutlu, bayramlarda burada bir araday\u0131z. Amac\u0131m\u0131z belli bir ya\u015ftan sonra ekonomik \u00f6zg\u00fcrl\u00fc\u011f\u00fcn\u00fc kazan\u0131p buraya d\u00f6nen insanlar\u0131n bir arada ya\u015famalar\u0131. \u00c7evre d\u00fczenlemesini tamamen b\u00f6lgenin dokusuna uyacak \u015fekilde yapt\u0131k. A\u015fa\u011f\u0131 yukar\u0131 senenin 6 ay\u0131n\u0131 burada ge\u00e7iriyoruz\u201c dedi<\/p>\n","protected":false},"excerpt":{"rendered":"<p>S\u0130VAS\u2019I ZARA \u0130L\u00c7ES\u0130 BOLUCAN K\u00d6Y\u00dcN\u00dcN YET\u0130\u015eT\u0130RD\u0130\u011e\u0130 \u0130\u015e ADAMLARINDAN AL\u0130 AKKA\u015e VE ARKADA\u015eLARI, B\u0130RB\u0130R\u0130N\u0130N TIPA TIP AYNISI EVLERLE K\u00d6YLER\u0130N\u0130 YEN\u0130DEN \u0130N\u015eA ETT\u0130LER.<\/p>\n","protected":false},"author":1,"featured_media":181890,"comment_status":"closed","ping_status":"open","sticky":false,"template":"","format":"standard","meta":{"jetpack_post_was_ever_published":false,"_jetpack_newsletter_access":"","_jetpack_dont_email_post_to_subs":false,"_jetpack_newsletter_tier_id":0,"_jetpack_memberships_contains_paywalled_content":false,"_jetpack_memberships_contains_paid_content":false,"footnotes":"","jetpack_publicize_message":"","jetpack_publicize_feature_enabled":true,"jetpack_social_post_already_shared":true,"jetpack_social_options":{"image_generator_settings":{"template":"highway","default_image_id":0,"font":"","enabled":false},"version":2}},"categories":[1],"tags":[2739,3148,44184,720],"class_list":["post-181889","post","type-post","status-publish","format-standard","has-post-thumbnail","hentry","category-genel","tag-ettiler","tag-insa","tag-koylerini","tag-yeniden"],"jetpack_publicize_connections":[],"jetpack_featured_media_url":"https:\/\/i0.wp.com\/www.tvturk.com\/wp-content\/uploads\/2019\/07\/koylerini-yeniden-insa-ettiler_222cdb5.jpg?fit=1000%2C562","jetpack_sharing_enabled":true,"jetpack_shortlink":"https:\/\/wp.me\/paKIfm-LjH","_links":{"self":[{"href":"http:\/\/www.tvturk.com\/index.php\/wp-json\/wp\/v2\/posts\/181889","targetHints":{"allow":["GET"]}}],"collection":[{"href":"http:\/\/www.tvturk.com\/index.php\/wp-json\/wp\/v2\/posts"}],"about":[{"href":"http:\/\/www.tvturk.com\/index.php\/wp-json\/wp\/v2\/types\/post"}],"author":[{"embeddable":true,"href":"http:\/\/www.tvturk.com\/index.php\/wp-json\/wp\/v2\/users\/1"}],"replies":[{"embeddable":true,"href":"http:\/\/www.tvturk.com\/index.php\/wp-json\/wp\/v2\/comments?post=181889"}],"version-history":[{"count":0,"href":"http:\/\/www.tvturk.com\/index.php\/wp-json\/wp\/v2\/posts\/181889\/revisions"}],"wp:featuredmedia":[{"embeddable":true,"href":"http:\/\/www.tvturk.com\/index.php\/wp-json\/wp\/v2\/media\/181890"}],"wp:attachment":[{"href":"http:\/\/www.tvturk.com\/index.php\/wp-json\/wp\/v2\/media?parent=181889"}],"wp:term":[{"taxonomy":"category","embeddable":true,"href":"http:\/\/www.tvturk.com\/index.php\/wp-json\/wp\/v2\/categories?post=181889"},{"taxonomy":"post_tag","embeddable":true,"href":"http:\/\/www.tvturk.com\/index.php\/wp-json\/wp\/v2\/tags?post=181889"}],"curies":[{"name":"wp","href":"https:\/\/api.w.org\/{rel}","templated":true}]}}