{"id":181939,"date":"2019-07-14T13:01:39","date_gmt":"2019-07-14T10:01:39","guid":{"rendered":"http:\/\/www.tvturk.com\/index.php\/aziz-yildirim-konyada-nikah-sahidi-oldu\/"},"modified":"2019-07-14T13:01:39","modified_gmt":"2019-07-14T10:01:39","slug":"aziz-yildirim-konyada-nikah-sahidi-oldu","status":"publish","type":"post","link":"http:\/\/www.tvturk.com\/index.php\/aziz-yildirim-konyada-nikah-sahidi-oldu\/","title":{"rendered":"Aziz Y\u0131ld\u0131r\u0131m, Konya\u2019da nikah \u015fahidi oldu"},"content":{"rendered":"<p>Eski Fenerbah\u00e7e Spor Kul\u00fcb\u00fc Ba\u015fkan\u0131 Aziz Y\u0131ld\u0131r\u0131m, Konya Fenerbah\u00e7eliler Derne\u011fi Ba\u015fkan\u0131 i\u015f adam\u0131 B\u00fclent Ka\u015fdo\u011fan\u2019\u0131n d\u00fc\u011f\u00fcn\u00fcnde nikah \u015fahidi oldu.<\/p>\n<p>Fenerbah\u00e7e Kongre \u00dcyesi de olan i\u015f adam\u0131 B\u00fclent Ka\u015fdo\u011fan\u2019\u0131n daveti \u00fczerine Konya\u2019ya gelen Aziz Y\u0131ld\u0131r\u0131m, Dedeman Otel\u2019de ger\u00e7ekle\u015ftirilen d\u00fc\u011f\u00fcne kat\u0131ld\u0131. Y\u00fcksek mimar Meral Ka\u015fdo\u011fan ve e\u015fi mali m\u00fc\u015favir Hasan Tutaysalg\u0131r\u2019\u0131n nikah \u015fahidi olan Aziz Y\u0131ld\u0131r\u0131m, d\u00fc\u011f\u00fcne kat\u0131lanlar\u0131n ilgi oda\u011f\u0131 oldu. Pek \u00e7ok davetli, gece boyunca Aziz Y\u0131ld\u0131r\u0131m\u2019\u0131n masas\u0131na gelerek hat\u0131ra foto\u011fraf\u0131 \u00e7ektirdi.<\/p>\n","protected":false},"excerpt":{"rendered":"<p>ESK\u0130 FENERBAH\u00c7E SPOR KUL\u00dcB\u00dc BA\u015eKANI AZ\u0130Z YILDIRIM, KONYA FENERBAH\u00c7EL\u0130LER DERNE\u011e\u0130 BA\u015eKANI \u0130\u015e ADAMI B\u00dcLENT KA\u015eDO\u011eAN\u2019IN N\u0130KAH \u015eAH\u0130D\u0130 OLDU.<\/p>\n","protected":false},"author":1,"featured_media":181940,"comment_status":"closed","ping_status":"open","sticky":false,"template":"","format":"standard","meta":{"jetpack_post_was_ever_published":false,"_jetpack_newsletter_access":"","_jetpack_dont_email_post_to_subs":false,"_jetpack_newsletter_tier_id":0,"_jetpack_memberships_contains_paywalled_content":false,"_jetpack_memberships_contains_paid_content":false,"footnotes":"","jetpack_publicize_message":"","jetpack_publicize_feature_enabled":true,"jetpack_social_post_already_shared":true,"jetpack_social_options":{"image_generator_settings":{"template":"highway","default_image_id":0,"font":"","enabled":false},"version":2}},"categories":[1],"tags":[88,2980,12384,77,21374,376],"class_list":["post-181939","post","type-post","status-publish","format-standard","has-post-thumbnail","hentry","category-genel","tag-aziz","tag-konyada","tag-nikah","tag-oldu","tag-sahidi","tag-yildirim"],"jetpack_publicize_connections":[],"jetpack_featured_media_url":"https:\/\/i0.wp.com\/www.tvturk.com\/wp-content\/uploads\/2019\/07\/aziz-yildirim-konyada-nikah-sahidi-oldu_f1b1f65.jpg?fit=1000%2C662","jetpack_sharing_enabled":true,"jetpack_shortlink":"https:\/\/wp.me\/paKIfm-Lkv","_links":{"self":[{"href":"http:\/\/www.tvturk.com\/index.php\/wp-json\/wp\/v2\/posts\/181939","targetHints":{"allow":["GET"]}}],"collection":[{"href":"http:\/\/www.tvturk.com\/index.php\/wp-json\/wp\/v2\/posts"}],"about":[{"href":"http:\/\/www.tvturk.com\/index.php\/wp-json\/wp\/v2\/types\/post"}],"author":[{"embeddable":true,"href":"http:\/\/www.tvturk.com\/index.php\/wp-json\/wp\/v2\/users\/1"}],"replies":[{"embeddable":true,"href":"http:\/\/www.tvturk.com\/index.php\/wp-json\/wp\/v2\/comments?post=181939"}],"version-history":[{"count":0,"href":"http:\/\/www.tvturk.com\/index.php\/wp-json\/wp\/v2\/posts\/181939\/revisions"}],"wp:featuredmedia":[{"embeddable":true,"href":"http:\/\/www.tvturk.com\/index.php\/wp-json\/wp\/v2\/media\/181940"}],"wp:attachment":[{"href":"http:\/\/www.tvturk.com\/index.php\/wp-json\/wp\/v2\/media?parent=181939"}],"wp:term":[{"taxonomy":"category","embeddable":true,"href":"http:\/\/www.tvturk.com\/index.php\/wp-json\/wp\/v2\/categories?post=181939"},{"taxonomy":"post_tag","embeddable":true,"href":"http:\/\/www.tvturk.com\/index.php\/wp-json\/wp\/v2\/tags?post=181939"}],"curies":[{"name":"wp","href":"https:\/\/api.w.org\/{rel}","templated":true}]}}