{"id":181953,"date":"2019-07-14T13:17:00","date_gmt":"2019-07-14T10:17:00","guid":{"rendered":"http:\/\/www.tvturk.com\/index.php\/enes-unala-abd-vizesi-cikmadi\/"},"modified":"2019-07-14T13:17:00","modified_gmt":"2019-07-14T10:17:00","slug":"enes-unala-abd-vizesi-cikmadi","status":"publish","type":"post","link":"http:\/\/www.tvturk.com\/index.php\/enes-unala-abd-vizesi-cikmadi\/","title":{"rendered":"Enes \u00dcnal\u2019a ABD vizesi \u00e7\u0131kmad\u0131"},"content":{"rendered":"<p>\u0130spanya La Liga\u2019da top ko\u015fturan milli futbolcu Enes \u00dcnal\u2019a ABD vize vermedi. Daha \u00f6nce ABD vizesi alan gen\u00e7 oyuncu tak\u0131m\u0131 Real Valladolid\u2019in Amerika kamp\u0131na kat\u0131lamad\u0131.<\/p>\n<p>\u0130spanya La Liga tak\u0131mlar\u0131ndan Real Valladolid\u2019de futbol hayat\u0131n\u0131 s\u00fcrd\u00fcren milli futbolcu Enes \u00dcnal tak\u0131m\u0131n\u0131n kamp yapt\u0131\u011f\u0131 Amerika Birle\u015fik Devletleri\u2019nin Kaliforniya eyaletine vize \u00e7\u0131kmad\u0131\u011f\u0131 i\u00e7in gidemedi. Daha \u00f6nce Manchester City ve Real Valladolid ile kamp i\u00e7in ABD vizesi alan ba\u015far\u0131l\u0131 forvet bu y\u0131l vize alamad\u0131\u011f\u0131 i\u00e7in kafilede yer alamad\u0131.<\/p>\n","protected":false},"excerpt":{"rendered":"<p>\u0130SPANYA LA L\u0130GA\u2019DA TOP KO\u015eTURAN M\u0130LL\u0130 FUTBOLCU ENES \u00dcNAL\u2019A ABD V\u0130ZE VERMED\u0130.  DAHA \u00d6NCE ABD V\u0130ZES\u0130 ALAN GEN\u00c7 OYUNCU TAKIMI REAL VALLADOL\u0130D\u2019\u0130N AMER\u0130KA KAMPINA KATILAMADI.<\/p>\n","protected":false},"author":1,"featured_media":181954,"comment_status":"closed","ping_status":"open","sticky":false,"template":"","format":"standard","meta":{"jetpack_post_was_ever_published":false,"_jetpack_newsletter_access":"","_jetpack_dont_email_post_to_subs":false,"_jetpack_newsletter_tier_id":0,"_jetpack_memberships_contains_paywalled_content":false,"_jetpack_memberships_contains_paid_content":false,"footnotes":"","jetpack_publicize_message":"","jetpack_publicize_feature_enabled":true,"jetpack_social_post_already_shared":true,"jetpack_social_options":{"image_generator_settings":{"template":"highway","default_image_id":0,"font":"","enabled":false},"version":2}},"categories":[657],"tags":[1936,8575,19450,44906,22323],"class_list":["post-181953","post","type-post","status-publish","format-standard","has-post-thumbnail","hentry","category-spor","tag-abd","tag-cikmadi","tag-enes","tag-unala","tag-vizesi"],"jetpack_publicize_connections":[],"jetpack_featured_media_url":"https:\/\/i0.wp.com\/www.tvturk.com\/wp-content\/uploads\/2019\/07\/enes-unala-abd-vizesi-cikmadi_41e16a6.jpg?fit=900%2C1000","jetpack_sharing_enabled":true,"jetpack_shortlink":"https:\/\/wp.me\/paKIfm-LkJ","_links":{"self":[{"href":"http:\/\/www.tvturk.com\/index.php\/wp-json\/wp\/v2\/posts\/181953","targetHints":{"allow":["GET"]}}],"collection":[{"href":"http:\/\/www.tvturk.com\/index.php\/wp-json\/wp\/v2\/posts"}],"about":[{"href":"http:\/\/www.tvturk.com\/index.php\/wp-json\/wp\/v2\/types\/post"}],"author":[{"embeddable":true,"href":"http:\/\/www.tvturk.com\/index.php\/wp-json\/wp\/v2\/users\/1"}],"replies":[{"embeddable":true,"href":"http:\/\/www.tvturk.com\/index.php\/wp-json\/wp\/v2\/comments?post=181953"}],"version-history":[{"count":0,"href":"http:\/\/www.tvturk.com\/index.php\/wp-json\/wp\/v2\/posts\/181953\/revisions"}],"wp:featuredmedia":[{"embeddable":true,"href":"http:\/\/www.tvturk.com\/index.php\/wp-json\/wp\/v2\/media\/181954"}],"wp:attachment":[{"href":"http:\/\/www.tvturk.com\/index.php\/wp-json\/wp\/v2\/media?parent=181953"}],"wp:term":[{"taxonomy":"category","embeddable":true,"href":"http:\/\/www.tvturk.com\/index.php\/wp-json\/wp\/v2\/categories?post=181953"},{"taxonomy":"post_tag","embeddable":true,"href":"http:\/\/www.tvturk.com\/index.php\/wp-json\/wp\/v2\/tags?post=181953"}],"curies":[{"name":"wp","href":"https:\/\/api.w.org\/{rel}","templated":true}]}}