{"id":181973,"date":"2019-07-14T14:46:59","date_gmt":"2019-07-14T11:46:59","guid":{"rendered":"http:\/\/www.tvturk.com\/index.php\/15-temmuz-sehitlerini-anmak-icin-parkura-ciktilar\/"},"modified":"2019-07-14T14:46:59","modified_gmt":"2019-07-14T11:46:59","slug":"15-temmuz-sehitlerini-anmak-icin-parkura-ciktilar","status":"publish","type":"post","link":"http:\/\/www.tvturk.com\/index.php\/15-temmuz-sehitlerini-anmak-icin-parkura-ciktilar\/","title":{"rendered":"15 Temmuz \u015fehitlerini anmak i\u00e7in parkura \u00e7\u0131kt\u0131lar"},"content":{"rendered":"<p>Road \u015fampiyonas\u0131, 2. Ayak yar\u0131\u015flar\u0131 Rize\u2019nin Arde\u015fen \u0130l\u00e7esi\u2019nde yap\u0131ld\u0131.<\/p>\n<p>Yar\u0131\u015flara T\u00fcrkiye\u2019nin farkl\u0131 b\u00f6lgelerinden gelen sporcular\u0131n yan\u0131 s\u0131ra \u0130ran ve Azerbayan\u2019da kat\u0131l\u0131m olurken  yar\u0131\u015flara 58 sporcu 28 ara\u00e7 ile kat\u0131ld\u0131. Ardoff\u2019un ev sahipli\u011fini yapt\u0131\u011f\u0131 zorlu parkurda  sporcular protokol\u00fcn \u00f6n\u00fcnde bulunan yumu\u015fak zemin parkurda zaman zaman sorunlar ya\u015fad\u0131. Yerli ve yabanc\u0131 turistlerinde izledi\u011fi yar\u0131\u015flar renkli g\u00f6r\u00fcnt\u00fclere sahne oldu.<\/p>\n<p>Yar\u0131\u015flar\u0131 izlemeye gelenlerden \u0130smail Moral, yar\u0131\u015flar\u0131n  her y\u0131l tekrarlanmas\u0131n\u0131 isteyerek &#8220;Yar\u0131\u015flar \u00e7ok heyecanl\u0131, her y\u0131l tekrarlanmas\u0131n\u0131 istiyoruz. 15 Temmuz\u2019u her y\u0131l anmam\u0131z laz\u0131m. Arac\u0131mla k\u00f6y yollar\u0131nda kendi \u00e7ap\u0131mda yapmaya \u00e7al\u0131\u015f\u0131yorum. Bu parkur daha profesyonel ancak bize burada izlemek d\u00fc\u015f\u00fcyor. K\u00f6y yollar\u0131m\u0131z zaten yar\u0131 off-road. Yaylarda k\u00f6ylerde kendi \u00e7ap\u0131m\u0131zda bize e\u011flence oluyor. Amat\u00f6re yar\u0131\u015f parkuru olsa bizde kendi ara\u00e7lar\u0131m\u0131zla yar\u0131\u015f\u0131rd\u0131k&#8221; dedi.<\/p>\n","protected":false},"excerpt":{"rendered":"<p>2019 KARADEN\u0130Z OFF-ROAD \u015eAMP\u0130YONASI, 15 TEMMUZ \u015eEH\u0130TLER\u0130 ANMA 2. AYAK YARI\u015eLARI R\u0130ZE\u2019N\u0130N ARDE\u015eEN \u0130L\u00c7ES\u0130\u2019NDE D\u00dcZENLEND\u0130.<\/p>\n","protected":false},"author":1,"featured_media":181974,"comment_status":"closed","ping_status":"open","sticky":false,"template":"","format":"standard","meta":{"jetpack_post_was_ever_published":false,"_jetpack_newsletter_access":"","_jetpack_dont_email_post_to_subs":false,"_jetpack_newsletter_tier_id":0,"_jetpack_memberships_contains_paywalled_content":false,"_jetpack_memberships_contains_paid_content":false,"footnotes":"","jetpack_publicize_message":"","jetpack_publicize_feature_enabled":true,"jetpack_social_post_already_shared":true,"jetpack_social_options":{"image_generator_settings":{"template":"highway","default_image_id":0,"font":"","enabled":false},"version":2}},"categories":[657],"tags":[23717,2238,44,44912,22726,1148],"class_list":["post-181973","post","type-post","status-publish","format-standard","has-post-thumbnail","hentry","category-spor","tag-anmak","tag-ciktilar","tag-icin","tag-parkura","tag-sehitlerini","tag-temmuz"],"jetpack_publicize_connections":[],"jetpack_featured_media_url":"https:\/\/i0.wp.com\/www.tvturk.com\/wp-content\/uploads\/2019\/07\/15-temmuz-sehitlerini-anmak-icin-parkura-ciktilar_9c9737c.jpg?fit=1000%2C666","jetpack_sharing_enabled":true,"jetpack_shortlink":"https:\/\/wp.me\/paKIfm-Ll3","_links":{"self":[{"href":"http:\/\/www.tvturk.com\/index.php\/wp-json\/wp\/v2\/posts\/181973","targetHints":{"allow":["GET"]}}],"collection":[{"href":"http:\/\/www.tvturk.com\/index.php\/wp-json\/wp\/v2\/posts"}],"about":[{"href":"http:\/\/www.tvturk.com\/index.php\/wp-json\/wp\/v2\/types\/post"}],"author":[{"embeddable":true,"href":"http:\/\/www.tvturk.com\/index.php\/wp-json\/wp\/v2\/users\/1"}],"replies":[{"embeddable":true,"href":"http:\/\/www.tvturk.com\/index.php\/wp-json\/wp\/v2\/comments?post=181973"}],"version-history":[{"count":0,"href":"http:\/\/www.tvturk.com\/index.php\/wp-json\/wp\/v2\/posts\/181973\/revisions"}],"wp:featuredmedia":[{"embeddable":true,"href":"http:\/\/www.tvturk.com\/index.php\/wp-json\/wp\/v2\/media\/181974"}],"wp:attachment":[{"href":"http:\/\/www.tvturk.com\/index.php\/wp-json\/wp\/v2\/media?parent=181973"}],"wp:term":[{"taxonomy":"category","embeddable":true,"href":"http:\/\/www.tvturk.com\/index.php\/wp-json\/wp\/v2\/categories?post=181973"},{"taxonomy":"post_tag","embeddable":true,"href":"http:\/\/www.tvturk.com\/index.php\/wp-json\/wp\/v2\/tags?post=181973"}],"curies":[{"name":"wp","href":"https:\/\/api.w.org\/{rel}","templated":true}]}}