{"id":181985,"date":"2019-07-14T15:31:40","date_gmt":"2019-07-14T12:31:40","guid":{"rendered":"http:\/\/www.tvturk.com\/index.php\/motosiklet-festivalinde-gosteriler-nefes-kesti\/"},"modified":"2019-07-14T15:31:40","modified_gmt":"2019-07-14T12:31:40","slug":"motosiklet-festivalinde-gosteriler-nefes-kesti","status":"publish","type":"post","link":"http:\/\/www.tvturk.com\/index.php\/motosiklet-festivalinde-gosteriler-nefes-kesti\/","title":{"rendered":"Motosiklet Festivali\u2019nde g\u00f6steriler nefes kesti"},"content":{"rendered":"<p>\u00c7orum\u2019da bu y\u0131l ilk kez d\u00fczenlenen Motosiklet Festivali\u2019nde g\u00f6steriler nefes kesti.<\/p>\n<p>36. Uluslararas\u0131 Hitit Fuar ve Festivali kapsam\u0131nda \u00c7orum Valili\u011fi ile \u00c7orum Belediyesi \u00f6nc\u00fcl\u00fc\u011f\u00fcnde Oto Tamirciler Esnaf Odas\u0131 organizesinde Motosiklet Festivali d\u00fczenlendi. Renkli g\u00f6r\u00fcnt\u00fclere sahne olan festivale \u00fclkenin d\u00f6rt bir yan\u0131ndan y\u00fczlerce motosiklet tutkunu kat\u0131ld\u0131. K\u00fclt\u00fcr Park\u2019ta kamp kuran motosiklet tutkunlar\u0131, \u015fehrin tarihi ve turistik mekanlar\u0131n\u0131 gezdikten sonra \u00c7ar\u015famba Pazar\u0131\u2019nda d\u00fczenlenen programa kat\u0131ld\u0131. Vatanda\u015flar\u0131n yo\u011fun ilgi g\u00f6sterdi\u011fi festivalde sporcular\u0131n motosikletleri ile yapt\u0131\u011f\u0131 \u00f6zel g\u00f6steri nefesleri kesti. G\u00f6steriyi izleyen Belediye Ba\u015fkan\u0131 Halil \u0130brahim A\u015fg\u0131n da, bir yar\u0131\u015f motoruna binerek halk\u0131 selamlad\u0131. G\u00f6sterinin ard\u0131ndan festivale kat\u0131lan sporculara kat\u0131l\u0131m belgesi ve \u00e7e\u015fitli hediyeler verildi.<\/p>\n<p>Belediye Ba\u015fkan\u0131 Halil \u0130brahim A\u015fg\u0131n, \u00c7orum\u2019un sevginin, bar\u0131\u015f\u0131n, karde\u015fli\u011fin, k\u00fclt\u00fcr ve sporun merkezi oldu\u011funu belirterek, \u201cMemleketlerinize selamlar\u0131m\u0131z\u0131, muhabbetlerimizi g\u00f6t\u00fcr\u00fcn. Gelecek y\u0131l tekrar bekliyoruz\u201d dedi.<\/p>\n","protected":false},"excerpt":{"rendered":"<p>\u00c7ORUM\u2019DA BU YIL \u0130LK KEZ MOTOS\u0130KLET FEST\u0130VAL\u0130 D\u00dcZENLEND\u0130.<\/p>\n","protected":false},"author":1,"featured_media":181986,"comment_status":"closed","ping_status":"open","sticky":false,"template":"","format":"standard","meta":{"jetpack_post_was_ever_published":false,"_jetpack_newsletter_access":"","_jetpack_dont_email_post_to_subs":false,"_jetpack_newsletter_tier_id":0,"_jetpack_memberships_contains_paywalled_content":false,"_jetpack_memberships_contains_paid_content":false,"footnotes":"","jetpack_publicize_message":"","jetpack_publicize_feature_enabled":true,"jetpack_social_post_already_shared":true,"jetpack_social_options":{"image_generator_settings":{"template":"highway","default_image_id":0,"font":"","enabled":false},"version":2}},"categories":[1],"tags":[7453,44919,224,1003,223],"class_list":["post-181985","post","type-post","status-publish","format-standard","has-post-thumbnail","hentry","category-genel","tag-festivalinde","tag-gosteriler","tag-kesti","tag-motosiklet","tag-nefes"],"jetpack_publicize_connections":[],"jetpack_featured_media_url":"https:\/\/i0.wp.com\/www.tvturk.com\/wp-content\/uploads\/2019\/07\/motosiklet-festivalinde-gosteriler-nefes-kesti_fb873ea.jpg?fit=1000%2C666","jetpack_sharing_enabled":true,"jetpack_shortlink":"https:\/\/wp.me\/paKIfm-Llf","_links":{"self":[{"href":"http:\/\/www.tvturk.com\/index.php\/wp-json\/wp\/v2\/posts\/181985","targetHints":{"allow":["GET"]}}],"collection":[{"href":"http:\/\/www.tvturk.com\/index.php\/wp-json\/wp\/v2\/posts"}],"about":[{"href":"http:\/\/www.tvturk.com\/index.php\/wp-json\/wp\/v2\/types\/post"}],"author":[{"embeddable":true,"href":"http:\/\/www.tvturk.com\/index.php\/wp-json\/wp\/v2\/users\/1"}],"replies":[{"embeddable":true,"href":"http:\/\/www.tvturk.com\/index.php\/wp-json\/wp\/v2\/comments?post=181985"}],"version-history":[{"count":0,"href":"http:\/\/www.tvturk.com\/index.php\/wp-json\/wp\/v2\/posts\/181985\/revisions"}],"wp:featuredmedia":[{"embeddable":true,"href":"http:\/\/www.tvturk.com\/index.php\/wp-json\/wp\/v2\/media\/181986"}],"wp:attachment":[{"href":"http:\/\/www.tvturk.com\/index.php\/wp-json\/wp\/v2\/media?parent=181985"}],"wp:term":[{"taxonomy":"category","embeddable":true,"href":"http:\/\/www.tvturk.com\/index.php\/wp-json\/wp\/v2\/categories?post=181985"},{"taxonomy":"post_tag","embeddable":true,"href":"http:\/\/www.tvturk.com\/index.php\/wp-json\/wp\/v2\/tags?post=181985"}],"curies":[{"name":"wp","href":"https:\/\/api.w.org\/{rel}","templated":true}]}}