{"id":181995,"date":"2019-07-14T16:01:51","date_gmt":"2019-07-14T13:01:51","guid":{"rendered":"http:\/\/www.tvturk.com\/index.php\/15-temmuz-yil-donumunde-halisdemire-ziyaretci-yogunlugu\/"},"modified":"2019-07-14T16:01:51","modified_gmt":"2019-07-14T13:01:51","slug":"15-temmuz-yil-donumunde-halisdemire-ziyaretci-yogunlugu","status":"publish","type":"post","link":"http:\/\/www.tvturk.com\/index.php\/15-temmuz-yil-donumunde-halisdemire-ziyaretci-yogunlugu\/","title":{"rendered":"15 Temmuz y\u0131l d\u00f6n\u00fcm\u00fcnde Halisdemir\u2019e ziyaret\u00e7i yo\u011funlu\u011fu"},"content":{"rendered":"<p>Fethullah\u00e7\u0131 Ter\u00f6r \u00d6rg\u00fct\u00fc\u2019n\u00fcn (FET\u00d6) 15 Temmuz Hain Darbe Giri\u015fimi s\u0131ras\u0131nda Ankara\u2019da \u00d6zel Kuvvetler Komutanl\u0131\u011f\u0131nda darbeci generali vurduktan sonra \u015fehit edilen \u00d6mer Halisdemir\u2019in kabrinde direni\u015fin 3. y\u0131l\u0131nda ziyaret\u00e7i yo\u011funlu\u011fu ya\u015fan\u0131yor.<\/p>\n<p>T\u00fcrkiye ve d\u00fcnyan\u0131n \u00e7e\u015fitli yerlerinden \u015fehit \u00d6mer Halisdemir mezar\u0131na ziyarete gelen ziyaret\u00e7iler, \u015fehidin Bor il\u00e7esine ba\u011fl\u0131 \u00c7ukurkuyu beldesindeki kabrini ziyaret ederek Kur-an\u2019\u0131 Kerim dua okudu, dua etti.<\/p>\n<p>Ziyaret\u00e7ilerden Asuman \u00d6zt\u00fcrk, gazetecilere yapt\u0131\u011f\u0131 a\u00e7\u0131klamada, 15 Temmuz nedeniyle \u015fehit \u00d6mer Halisdemir\u2019in kabrini ziyaret i\u00e7in Mersin\u2019den geldiklerini s\u00f6yledi.<\/p>\n<p>Kabirde okunan dualardan \u00e7ok duyguland\u0131\u011f\u0131n\u0131 ve 15 Temmuz\u2019u yeniden ya\u015f\u0131yor gibi oldu\u011funu belirten \u00d6zt\u00fcrk, \u015funlar\u0131 s\u00f6yledi:<\/p>\n<p>&#8220;O gece \u00d6mer Halisdemir ger\u00e7ekten bu \u00fclkenin kaderini de\u011fi\u015ftirdi. Semih Terziyi aln\u0131ndan vurmakla \u00fclkeyi kurtard\u0131. Ona ne kadar minnettar olsak azd\u0131r. 15 Temmuz\u2019la ilgili en \u00e7ok zoruma noktan\u0131n \u2019darbe de\u011fildi, tiyatroydu\u2019 dediklerin zaman ger\u00e7ekten \u00e7ok \u00fcz\u00fcl\u00fcyorum. B\u00f6yle bir tiyatro olmaz da zaten bunu nas\u0131l bir zihniyetle s\u00f6yl\u00fcyorlar anlayam\u0131yorum. ama yava\u015f yava\u015f onlar da bunun bir tiyatro olmad\u0131\u011f\u0131n\u0131 kabul etmek zorunda kald\u0131lar. Allah in\u015fallah milletimize b\u00f6yle g\u00fcnler ya\u015fatmas\u0131n diyorum. Ama bir daha b\u00f6yle bir harekata kalk\u0131\u015fabileceklerini d\u00fc\u015f\u00fcnm\u00fcyorum. \u00c7\u00fcnk\u00fc bu vatanda \u00d6mer Halisdemir gibi bir \u00e7ok vatan evlatlar\u0131 var. Bunu unutmas\u0131nlar. Sadece \u00d6mer Halisdemir\u2019lerimiz yok kad\u0131nlar\u0131m\u0131zla \u00e7olu\u011fumuzla \u00e7ocu\u011fumuzla bundan sonra herhangi bir kalk\u0131\u015fmaya c\u00fcret bile edemeyecekler. Bu konuda ne kadar kararl\u0131 oldu\u011fumuzu buradan duyurmak istiyorum. Annesinin kabrini de ziyaret ettik. \u0130\u015fte baz\u0131 anneler var b\u00f6yle aslanlar do\u011furuyor. Baz\u0131 anneler de var dilim varm\u0131yor ama vatan haini do\u011furuyor. Allah in\u015fallah b\u00f6yle anne ve evlatlar\u0131n\u0131 bu milletin ba\u015f\u0131ndan eksik etmesin.&#8221;<\/p>\n<p>Aksaray\u2019dan Mustafa \u00d6zate\u015f de \u015fehit Halisdemer\u2019i her zaman ziyaret ettiklerini ve dua okuduklar\u0131n\u0131 belirtti.<\/p>\n<p>\u015eehidin babas\u0131 Hasan H\u00fcseyin Halisdemir\u2019i ziyaret ederek hay\u0131r duas\u0131n\u0131 ald\u0131klar\u0131n\u0131 anlatan \u00d6zate\u015f, &#8220;B\u00fct\u00fcn 15 Temmuz \u015fehitlerimizi ve di\u011fer \u015fehitlerimizi rahmetle yad ediyoruz. Yaralanan karde\u015flerimize de \u015fifalar diliyoruz. 15 Temmuz\u2019u unutmayaca\u011f\u0131z, unutturmayaca\u011f\u0131z. Allah 15 Temmuz\u2019u darbe giri\u015fimini bir daha memleketimize ya\u015fatmas\u0131n.<\/p>\n","protected":false},"excerpt":{"rendered":"<p>FETULLAH\u00c7I TER\u00d6R \u00d6RG\u00dcT\u00dc&#8217;N\u00dcN (FET\u00d6) 15 TEMMUZ&#8217;DAK\u0130 HA\u0130N DARBE G\u0130R\u0130\u015e\u0130M\u0130 SIRASINDA ANKARA&#8217;DA \u00d6ZEL KUVVETLER KOMUTANLI\u011eINDA DARBEC\u0130 GENERAL\u0130 VURDUKTAN SONRA \u015eEH\u0130T ED\u0130LEN \u00d6MER HAL\u0130SDEM\u0130R&#8217;\u0130N KABR\u0130NDE D\u0130REN\u0130\u015e\u0130N 3. YILINDA Z\u0130YARET\u00c7\u0130 YO\u011eUNLU\u011eU YA\u015eANIYOR.<\/p>\n","protected":false},"author":1,"featured_media":181996,"comment_status":"closed","ping_status":"open","sticky":false,"template":"","format":"standard","meta":{"jetpack_post_was_ever_published":false,"_jetpack_newsletter_access":"","_jetpack_dont_email_post_to_subs":false,"_jetpack_newsletter_tier_id":0,"_jetpack_memberships_contains_paywalled_content":false,"_jetpack_memberships_contains_paid_content":false,"footnotes":"","jetpack_publicize_message":"","jetpack_publicize_feature_enabled":true,"jetpack_social_post_already_shared":true,"jetpack_social_options":{"image_generator_settings":{"template":"highway","default_image_id":0,"font":"","enabled":false},"version":2}},"categories":[1],"tags":[283,44920,1148,231,10277,6267],"class_list":["post-181995","post","type-post","status-publish","format-standard","has-post-thumbnail","hentry","category-genel","tag-donumunde","tag-halisdemire","tag-temmuz","tag-yil","tag-yogunlugu","tag-ziyaretci"],"jetpack_publicize_connections":[],"jetpack_featured_media_url":"https:\/\/i0.wp.com\/www.tvturk.com\/wp-content\/uploads\/2019\/07\/15-temmuz-yil-donumunde-halisdemire-ziyaretci-yogunlugu_d5353c5.jpg?fit=1000%2C666","jetpack_sharing_enabled":true,"jetpack_shortlink":"https:\/\/wp.me\/paKIfm-Llp","_links":{"self":[{"href":"http:\/\/www.tvturk.com\/index.php\/wp-json\/wp\/v2\/posts\/181995","targetHints":{"allow":["GET"]}}],"collection":[{"href":"http:\/\/www.tvturk.com\/index.php\/wp-json\/wp\/v2\/posts"}],"about":[{"href":"http:\/\/www.tvturk.com\/index.php\/wp-json\/wp\/v2\/types\/post"}],"author":[{"embeddable":true,"href":"http:\/\/www.tvturk.com\/index.php\/wp-json\/wp\/v2\/users\/1"}],"replies":[{"embeddable":true,"href":"http:\/\/www.tvturk.com\/index.php\/wp-json\/wp\/v2\/comments?post=181995"}],"version-history":[{"count":0,"href":"http:\/\/www.tvturk.com\/index.php\/wp-json\/wp\/v2\/posts\/181995\/revisions"}],"wp:featuredmedia":[{"embeddable":true,"href":"http:\/\/www.tvturk.com\/index.php\/wp-json\/wp\/v2\/media\/181996"}],"wp:attachment":[{"href":"http:\/\/www.tvturk.com\/index.php\/wp-json\/wp\/v2\/media?parent=181995"}],"wp:term":[{"taxonomy":"category","embeddable":true,"href":"http:\/\/www.tvturk.com\/index.php\/wp-json\/wp\/v2\/categories?post=181995"},{"taxonomy":"post_tag","embeddable":true,"href":"http:\/\/www.tvturk.com\/index.php\/wp-json\/wp\/v2\/tags?post=181995"}],"curies":[{"name":"wp","href":"https:\/\/api.w.org\/{rel}","templated":true}]}}