{"id":182025,"date":"2019-07-14T17:01:45","date_gmt":"2019-07-14T14:01:45","guid":{"rendered":"http:\/\/www.tvturk.com\/index.php\/cumhurbaskani-erdogan-15-temmuz-hafiza-muzesini-gezdi\/"},"modified":"2019-07-14T17:01:45","modified_gmt":"2019-07-14T14:01:45","slug":"cumhurbaskani-erdogan-15-temmuz-hafiza-muzesini-gezdi","status":"publish","type":"post","link":"http:\/\/www.tvturk.com\/index.php\/cumhurbaskani-erdogan-15-temmuz-hafiza-muzesini-gezdi\/","title":{"rendered":"Cumhurba\u015fkan\u0131 Erdo\u011fan 15 Temmuz Haf\u0131za M\u00fczesini gezdi"},"content":{"rendered":"<p>Cumhurba\u015fkan\u0131 Recep Tayyip Erdo\u011fan, 15 Temmuz Haf\u0131za M\u00fczesini gezdi. Erdo\u011fan, m\u00fcze giri\u015finde vatanda\u015flarla foto\u011fraf \u00e7ektirdi.<\/p>\n<p>Cumhurba\u015fkan\u0131 Erdo\u011fan, Vahdettin K\u00f6\u015fk\u00fc\u2019nden ayr\u0131ld\u0131ktan sonra 15 Temmuz \u015eehitler K\u00f6pr\u00fcs\u00fc\u2019n\u00fcn Anadolu Yakas\u0131 \u00e7\u0131k\u0131\u015f\u0131nda bulunan \u015eehitler Makam\u0131 yak\u0131n\u0131ndaki 15 Temmuz Haf\u0131za M\u00fczesi\u2019ne geldi. Giri\u015fte vatanda\u015flarla sohbet eden ve foto\u011fraf \u00e7ektiren Cumhurba\u015fkan\u0131 Erdo\u011fan, ard\u0131ndan m\u00fczeyi gezdi.<\/p>\n","protected":false},"excerpt":{"rendered":"<p>CUMHURBA\u015eKANI RECEP TAYY\u0130P ERDO\u011eAN, 15 TEMMUZ HAFIZA M\u00dcZES\u0130N\u0130 GEZD\u0130.<\/p>\n","protected":false},"author":1,"featured_media":182026,"comment_status":"closed","ping_status":"open","sticky":false,"template":"","format":"standard","meta":{"jetpack_post_was_ever_published":false,"_jetpack_newsletter_access":"","_jetpack_dont_email_post_to_subs":false,"_jetpack_newsletter_tier_id":0,"_jetpack_memberships_contains_paywalled_content":false,"_jetpack_memberships_contains_paid_content":false,"footnotes":"","jetpack_publicize_message":"","jetpack_publicize_feature_enabled":true,"jetpack_social_post_already_shared":true,"jetpack_social_options":{"image_generator_settings":{"template":"highway","default_image_id":0,"font":"","enabled":false},"version":2}},"categories":[1],"tags":[503,649,2228,44932,8353,1148],"class_list":["post-182025","post","type-post","status-publish","format-standard","has-post-thumbnail","hentry","category-genel","tag-cumhurbaskani","tag-erdogan","tag-gezdi","tag-hafiza","tag-muzesini","tag-temmuz"],"jetpack_publicize_connections":[],"jetpack_featured_media_url":"https:\/\/i0.wp.com\/www.tvturk.com\/wp-content\/uploads\/2019\/07\/cumhurbaskani-erdogan-15-temmuz-hafiza-muzesini-gezdi_990265c.jpg?fit=750%2C1000","jetpack_sharing_enabled":true,"jetpack_shortlink":"https:\/\/wp.me\/paKIfm-LlT","_links":{"self":[{"href":"http:\/\/www.tvturk.com\/index.php\/wp-json\/wp\/v2\/posts\/182025","targetHints":{"allow":["GET"]}}],"collection":[{"href":"http:\/\/www.tvturk.com\/index.php\/wp-json\/wp\/v2\/posts"}],"about":[{"href":"http:\/\/www.tvturk.com\/index.php\/wp-json\/wp\/v2\/types\/post"}],"author":[{"embeddable":true,"href":"http:\/\/www.tvturk.com\/index.php\/wp-json\/wp\/v2\/users\/1"}],"replies":[{"embeddable":true,"href":"http:\/\/www.tvturk.com\/index.php\/wp-json\/wp\/v2\/comments?post=182025"}],"version-history":[{"count":0,"href":"http:\/\/www.tvturk.com\/index.php\/wp-json\/wp\/v2\/posts\/182025\/revisions"}],"wp:featuredmedia":[{"embeddable":true,"href":"http:\/\/www.tvturk.com\/index.php\/wp-json\/wp\/v2\/media\/182026"}],"wp:attachment":[{"href":"http:\/\/www.tvturk.com\/index.php\/wp-json\/wp\/v2\/media?parent=182025"}],"wp:term":[{"taxonomy":"category","embeddable":true,"href":"http:\/\/www.tvturk.com\/index.php\/wp-json\/wp\/v2\/categories?post=182025"},{"taxonomy":"post_tag","embeddable":true,"href":"http:\/\/www.tvturk.com\/index.php\/wp-json\/wp\/v2\/tags?post=182025"}],"curies":[{"name":"wp","href":"https:\/\/api.w.org\/{rel}","templated":true}]}}