{"id":182039,"date":"2019-07-14T17:32:28","date_gmt":"2019-07-14T14:32:28","guid":{"rendered":"http:\/\/www.tvturk.com\/index.php\/adanasporun-hazirlik-maci-takvimi-belli-oldu\/"},"modified":"2019-07-14T17:32:28","modified_gmt":"2019-07-14T14:32:28","slug":"adanasporun-hazirlik-maci-takvimi-belli-oldu","status":"publish","type":"post","link":"http:\/\/www.tvturk.com\/index.php\/adanasporun-hazirlik-maci-takvimi-belli-oldu\/","title":{"rendered":"Adanaspor\u2019un haz\u0131rl\u0131k ma\u00e7\u0131 takvimi belli oldu"},"content":{"rendered":"<p>Bolu\u2019da kamp \u00e7al\u0131\u015fmalar\u0131na devam eden Adanaspor\u2019un haz\u0131rl\u0131k ma\u00e7\u0131 takvimi de belli oldu.<\/p>\n<p>Spor Toto 1. Lig tak\u0131mlar\u0131ndan Adanaspor, yeni sezon haz\u0131rl\u0131klar\u0131n\u0131 Bolu Abant\u2019ta s\u00fcrd\u00fcr\u00fcyor. Teknik Direkt\u00f6r Ey\u00fcp Ar\u0131n y\u00f6netiminde \u00e7al\u0131\u015fmalar\u0131na devam eden turuncu-beyazl\u0131 ekip, ak\u015fam antrenman\u0131nda d\u00fcz ko\u015fu ve \u0131s\u0131nman\u0131n ard\u0131ndan core, denge \u00e7al\u0131\u015fmas\u0131, yar\u0131 sahada 6\u2019ya 3 top kapma ve pas \u00e7al\u0131\u015fmas\u0131 yapt\u0131. Antrenman teknik ve taktik oyunlarla son buldu.<\/p>\n<p>5 haz\u0131rl\u0131k ma\u00e7\u0131 yapacak<\/p>\n<p>Adanaspor, Bolu\u2019da ge\u00e7irdi\u011fi kamp d\u00f6nemi boyunca 5 haz\u0131rl\u0131k ma\u00e7\u0131 yapacak. \u0130lk kar\u015f\u0131la\u015fmas\u0131n\u0131 23 Temmuz Sal\u0131 g\u00fcn\u00fc Tuzlaspor\u2019la oynayacak olan turuncu-beyazl\u0131lar, 29 Temmuz Pazartesi Ke\u00e7i\u00f6reng\u00fcc\u00fc, 31 Temmuz \u00c7ar\u015famba Fatih Karag\u00fcmr\u00fck, 5 A\u011fustos Pazartesi de \u0130stanbulspor ile m\u00fccadele edecek.<\/p>\n<p>Adanaspor, yeni sezon \u00f6ncesi son haz\u0131rl\u0131k ma\u00e7\u0131n\u0131 ise Boluspor ile yapacak.<\/p>\n","protected":false},"excerpt":{"rendered":"<p>BOLU\u2019DA KAMP \u00c7ALI\u015eMALARINA DEVAM EDEN ADANASPOR\u2019UN HAZIRLIK MA\u00c7I TAKV\u0130M\u0130 DE BELL\u0130 OLDU.<\/p>\n","protected":false},"author":1,"featured_media":182040,"comment_status":"closed","ping_status":"open","sticky":false,"template":"","format":"standard","meta":{"jetpack_post_was_ever_published":false,"_jetpack_newsletter_access":"","_jetpack_dont_email_post_to_subs":false,"_jetpack_newsletter_tier_id":0,"_jetpack_memberships_contains_paywalled_content":false,"_jetpack_memberships_contains_paid_content":false,"footnotes":"","jetpack_publicize_message":"","jetpack_publicize_feature_enabled":true,"jetpack_social_post_already_shared":true,"jetpack_social_options":{"image_generator_settings":{"template":"highway","default_image_id":0,"font":"","enabled":false},"version":2}},"categories":[657],"tags":[18907,612,9967,777,77,3182],"class_list":["post-182039","post","type-post","status-publish","format-standard","has-post-thumbnail","hentry","category-spor","tag-adanasporun","tag-belli","tag-hazirlik","tag-maci","tag-oldu","tag-takvimi"],"jetpack_publicize_connections":[],"jetpack_featured_media_url":"https:\/\/i0.wp.com\/www.tvturk.com\/wp-content\/uploads\/2019\/07\/adanasporun-hazirlik-maci-takvimi-belli-oldu_587afda.jpg?fit=1000%2C666","jetpack_sharing_enabled":true,"jetpack_shortlink":"https:\/\/wp.me\/paKIfm-Lm7","_links":{"self":[{"href":"http:\/\/www.tvturk.com\/index.php\/wp-json\/wp\/v2\/posts\/182039","targetHints":{"allow":["GET"]}}],"collection":[{"href":"http:\/\/www.tvturk.com\/index.php\/wp-json\/wp\/v2\/posts"}],"about":[{"href":"http:\/\/www.tvturk.com\/index.php\/wp-json\/wp\/v2\/types\/post"}],"author":[{"embeddable":true,"href":"http:\/\/www.tvturk.com\/index.php\/wp-json\/wp\/v2\/users\/1"}],"replies":[{"embeddable":true,"href":"http:\/\/www.tvturk.com\/index.php\/wp-json\/wp\/v2\/comments?post=182039"}],"version-history":[{"count":0,"href":"http:\/\/www.tvturk.com\/index.php\/wp-json\/wp\/v2\/posts\/182039\/revisions"}],"wp:featuredmedia":[{"embeddable":true,"href":"http:\/\/www.tvturk.com\/index.php\/wp-json\/wp\/v2\/media\/182040"}],"wp:attachment":[{"href":"http:\/\/www.tvturk.com\/index.php\/wp-json\/wp\/v2\/media?parent=182039"}],"wp:term":[{"taxonomy":"category","embeddable":true,"href":"http:\/\/www.tvturk.com\/index.php\/wp-json\/wp\/v2\/categories?post=182039"},{"taxonomy":"post_tag","embeddable":true,"href":"http:\/\/www.tvturk.com\/index.php\/wp-json\/wp\/v2\/tags?post=182039"}],"curies":[{"name":"wp","href":"https:\/\/api.w.org\/{rel}","templated":true}]}}