{"id":182041,"date":"2019-07-14T17:46:32","date_gmt":"2019-07-14T14:46:32","guid":{"rendered":"http:\/\/www.tvturk.com\/index.php\/otomobilin-arka-lastigi-kafasinin-uzerinden-gecen-motosiklet-surucusu-o-anlari-anlatti\/"},"modified":"2019-07-14T17:46:32","modified_gmt":"2019-07-14T14:46:32","slug":"otomobilin-arka-lastigi-kafasinin-uzerinden-gecen-motosiklet-surucusu-o-anlari-anlatti","status":"publish","type":"post","link":"http:\/\/www.tvturk.com\/index.php\/otomobilin-arka-lastigi-kafasinin-uzerinden-gecen-motosiklet-surucusu-o-anlari-anlatti\/","title":{"rendered":"Otomobilin arka lasti\u011fi kafas\u0131n\u0131n \u00fczerinden ge\u00e7en motosiklet s\u00fcr\u00fcc\u00fcs\u00fc o anlar\u0131 anlatt\u0131"},"content":{"rendered":"<p>Antalya\u2019da motosikletiyle seyir halindeyken kayarak alt\u0131na girdi\u011fi otomobilin arka tekeri kafas\u0131n\u0131n \u00fczerinden ge\u00e7mesine ra\u011fmen ba\u015f\u0131ndaki kask sayesinde kazay\u0131 hafif yaral\u0131 atlatan Muhammet \u0130kbal Tatl\u0131\u2019n\u0131n \u0130\u00e7i\u015fleri Bakan\u0131 S\u00fcleyman Soylu\u2019nun Antalya\u2019da kat\u0131ld\u0131\u011f\u0131 \u2018Hayat\u0131ma kast\u0131m yok, kask\u0131m var\u2019 projesindeki konu\u015fmas\u0131n\u0131 izledikten sonra kask ald\u0131\u011f\u0131 ve kazan\u0131n da bir g\u00fcn sonra meydana geldi\u011fi ortaya \u00e7\u0131kt\u0131. Tatl\u0131, \u201cHayat\u0131m\u0131 \u00f6nce Allah\u2019a, ard\u0131ndan bakan\u0131m\u0131z ve kask\u0131ma bor\u00e7luyum\u201d dedi.<\/p>\n<p>Antalya\u2019da  \u2018Hayat\u0131ma kast\u0131m yok, kask\u0131m var\u2019 projesinin uygulamas\u0131 11 bin polis ve jandarman\u0131n kat\u0131l\u0131m\u0131yla devam ederken, 6 Temmuz g\u00fcn\u00fc ya\u015fanan kaza kask kullan\u0131m\u0131n\u0131n nas\u0131l hayati bir \u00f6nem ta\u015f\u0131d\u0131\u011f\u0131n\u0131 ortaya koydu. Karacao\u011flan Caddesi \u00fczerinde motosikletiyle seyir halinde olan s\u00fcr\u00fcc\u00fc, \u00f6n\u00fcndeki otomobil aniden sola d\u00f6n\u00fcnce \u00e7arpmamak i\u00e7in frene bast\u0131 ve devrilip s\u00fcr\u00fcklendi. Motosiklet s\u00fcr\u00fcc\u00fcs\u00fc savrularak otomobilin alt\u0131na girdi. Otomobilin arka tekeri s\u00fcr\u00fcc\u00fcn\u00fcn ba\u015f\u0131n\u0131n \u00fczerinden ge\u00e7ti. Kazay\u0131 g\u00f6renler motosiklet s\u00fcr\u00fcc\u00fcs\u00fcn\u00fcn hayat\u0131n\u0131 kaybetti\u011fini d\u00fc\u015f\u00fcn\u00fcrken, s\u00fcr\u00fcc\u00fc bir anda f\u0131rlay\u0131p kendini kald\u0131r\u0131ma att\u0131 ve ba\u015f\u0131ndaki kask\u0131 \u00e7\u0131kard\u0131. Yap\u0131lan kontrolde ba\u015f\u0131ndaki kask sebebiyle \u00f6l\u00fcmden d\u00f6nen s\u00fcr\u00fcc\u00fcn\u00fcn kazay\u0131 hafif s\u0131yr\u0131klarla atlatt\u0131\u011f\u0131 ortaya \u00e7\u0131kt\u0131.<\/p>\n<p>Bakan Soylu\u2019yu dinledikten sonra kask ald\u0131<\/p>\n<p>Kazadan bir g\u00fcn \u00f6nce \u0130\u00e7i\u015fleri Bakan\u0131 S\u00fcleyman Soylu\u2019nun kask\u0131n \u00f6nemine vurgu yapan a\u00e7\u0131klamas\u0131n\u0131 izledi\u011fini ifade eden 19 ya\u015f\u0131ndaki Muhammet \u0130kbal Tatl\u0131, ard\u0131ndan sa\u011flam bir kask alarak motosiklet kullanmaya ba\u015flad\u0131\u011f\u0131n\u0131 ve bir g\u00fcn sonras\u0131 kaza ge\u00e7irdi\u011fini anlatt\u0131. Kaza an\u0131n\u0131 anlatan Tatl\u0131, \u201cSeyir halinde giderken aniden sola manevra yapan bir araba \u00e7\u0131kt\u0131 kar\u015f\u0131ma. Motosikletime m\u00fcdahale etmeme ra\u011fmen duramad\u0131m ve yere s\u00fcr\u00fcklenerek araban\u0131n arka tekerinin alt\u0131nda kald\u0131m. Araban\u0131n tekeri \u00f6nce g\u00f6\u011fs\u00fcm\u00fcn, sonra kafam\u0131n \u00fczerinden ge\u00e7ti\u201d dedi.<\/p>\n<p>\u201cHayat\u0131m\u0131 \u00f6nce Allah\u2019a, sonra bakan\u0131m\u0131z ve kask\u0131ma bor\u00e7luyum\u201d<\/p>\n<p>Kask\u0131n\u0131 takmam\u0131\u015f olsayd\u0131 sonucun \u00f6l\u00fcmle sonu\u00e7lanaca\u011f\u0131n\u0131 belirten Tatl\u0131, \u201cHayat\u0131m\u0131 ilk \u00f6nce Allah\u2019a, sonra da bakan\u0131ma ve kask\u0131ma bor\u00e7luyum. Bakan\u0131m\u0131z\u0131n bu uyar\u0131s\u0131ndan dolay\u0131 kendisine te\u015fekk\u00fcr ediyorum. Kafamda herhangi bir yara yok, \u00e7\u00fcnk\u00fc kask\u0131m sa\u011flamd\u0131. Kask\u0131m\u0131n ipini takmam\u0131\u015f olsayd\u0131m kask\u0131m kafamdan \u00e7\u0131kacakt\u0131. \u015euan mesela 5 kaburgamda k\u0131r\u0131k var. E\u011fer di\u011fer ekipmanlar\u0131 takm\u0131\u015f olsayd\u0131m onlar da olmayacakt\u0131\u201d ifadelerini kulland\u0131.<\/p>\n<p>Emniyet M\u00fcd\u00fcr Yard\u0131mc\u0131s\u0131 \u015eeng\u00fcl: \u201cMuhammet bir simge oldu\u201d<\/p>\n<p>Motosiklet s\u00fcr\u00fcc\u00fclerine seslenen Tatl\u0131, \u201cSiz siz olun kask\u0131n\u0131z\u0131 tak\u0131n. Hayat\u0131n\u0131z bu kadar ucuz de\u011fil. Devletin verdi\u011fi ceza bir miktar, kask\u0131n\u0131za \u00f6dedi\u011finiz de bir miktar. Markete gitseniz bile kask\u0131n\u0131z kolunuzda de\u011fil kafan\u0131zda olsun\u201d diye konu\u015ftu.<\/p>\n<p>Antalya\u2019n\u0131n kay\u0131tl\u0131 motosiklet say\u0131s\u0131 bak\u0131m\u0131ndan T\u00fcrkiye\u2019de ikinci s\u0131rada oldu\u011funa dikkat \u00e7eken Trafikten Sorumlu Antalya \u0130l Emniyet M\u00fcd\u00fcr Yard\u0131mc\u0131s\u0131 Nurettin \u015eeng\u00fcl ise, bu oran\u0131n \u00e7ok ciddi \u00f6l\u00fcml\u00fc ve yaralamal\u0131 kazalar\u0131 pe\u015finden getirdi\u011fini s\u00f6yledi. \u015eeng\u00fcl, bu oran\u0131n d\u00fc\u015f\u00fcr\u00fclmesi i\u00e7in \u0130\u00e7i\u015fleri Bakan\u0131 S\u00fcleyman Soylu\u2019nun himayesinde ve Antalya Valisi M\u00fcnir Karalo\u011flu ba\u015fkanl\u0131\u011f\u0131nda ger\u00e7ekle\u015fen &#8220;Hayat\u0131ma kast\u0131m yok, kask\u0131m var&#8221; adl\u0131 projenin ba\u015flat\u0131ld\u0131\u011f\u0131n\u0131 an\u0131msatt\u0131. Antalya\u2019da son 5 y\u0131l i\u00e7erisinde y\u00fczde 64 olay yeri kayb\u0131n\u0131n oldu\u011funu bildiren \u015eeng\u00fcl, projeyle birlikte uyar\u0131lar\u0131n dikkate al\u0131nd\u0131\u011f\u0131n\u0131 ifade etti. \u201cMuhammet bunun en g\u00fczel \u00f6rne\u011fi oldu\u201d diyen \u015eeng\u00fcl, \u015funlar\u0131 s\u00f6yledi:<\/p>\n<p>\u201cGitmi\u015f kask\u0131n\u0131 alm\u0131\u015f ve bir g\u00fcn sonra bu olay\u0131 ya\u015famas\u0131, bizim do\u011fru yolda oldu\u011fumuzu ve bu alan\u0131n \u00e7ok \u00f6nemli oldu\u011funu, direkt insanlar\u0131n hayatlar\u0131yla ba\u011flant\u0131l\u0131 oldu\u011funu ortaya koymu\u015f oldu. Standart kask\u0131n nas\u0131l koruyucu oldu\u011funu herkes g\u00f6rm\u00fc\u015f oldu. Muhammet ger\u00e7ekten bu projenin simgesi oldu. Biz ya da ba\u015fkalar\u0131 ne kadar konu\u015fursak konu\u015fal\u0131m, aylarca y\u0131llarca bunun \u00f6nemini anlatal\u0131m bunu insanlara anlatmam\u0131z m\u00fcmk\u00fcn de\u011fildi ama Muhammet bunu 3-4 saniyelik bir kaza g\u00f6r\u00fcnt\u00fcs\u00fcyle anlatt\u0131. Muhammet ke\u015fke bunu ya\u015famasayd\u0131. Ama olumlu taraf\u0131, di\u011fer s\u00fcr\u00fcc\u00fclerin can\u0131n\u0131 kurtarmak ad\u0131na bir faydas\u0131 olacak.\u201d<\/p>\n","protected":false},"excerpt":{"rendered":"<p>ANTALYA\u2019DA MOTOS\u0130KLET\u0130YLE SEY\u0130R HAL\u0130NDE OLAN MUHAMMET \u0130KBAL TATLI (19) KAYARAK ALTINA G\u0130RD\u0130\u011e\u0130 OTOMOB\u0130L\u0130N ARKA TEKER\u0130 KAFASININ \u00dcZER\u0130NDEN GE\u00c7MES\u0130NE RA\u011eMEN BA\u015eINDAK\u0130 KASK SAYES\u0130NDE KAZAYI HAF\u0130F YARALI ATLATTI. TATLI\u2019NIN, \u0130\u00c7\u0130\u015eLER\u0130 BAKANI S\u00dcLEYMAN SOYLU\u2019NUN  ANTALYA\u2019DA KATILDI\u011eI \u2018HAYATIMA KASTIM YOK, KASKIM VAR\u2019 PROJES\u0130NDEK\u0130 KONU\u015eMASINI \u0130ZLED\u0130KTEN SONRA KASK ALDI\u011eI VE KAZAYI DA B\u0130R G\u00dcN SONRASI GER\u00c7EKLE\u015eT\u0130RD\u0130\u011e\u0130 ORTAYA \u00c7IKTI. TATLI, \u201cHAYATIMI \u00d6NCE ALLAH\u2019A, ARDINDAN BAKANIMIZ VE KASKIMA BOR\u00c7LUYUM\u201d DED\u0130.<\/p>\n","protected":false},"author":1,"featured_media":182042,"comment_status":"closed","ping_status":"open","sticky":false,"template":"","format":"standard","meta":{"jetpack_post_was_ever_published":false,"_jetpack_newsletter_access":"","_jetpack_dont_email_post_to_subs":false,"_jetpack_newsletter_tier_id":0,"_jetpack_memberships_contains_paywalled_content":false,"_jetpack_memberships_contains_paid_content":false,"footnotes":"","jetpack_publicize_message":"","jetpack_publicize_feature_enabled":true,"jetpack_social_post_already_shared":true,"jetpack_social_options":{"image_generator_settings":{"template":"highway","default_image_id":0,"font":"","enabled":false},"version":2}},"categories":[1],"tags":[10060,356,7160,3436,44937,4929,1003,3515,5446,5067],"class_list":["post-182041","post","type-post","status-publish","format-standard","has-post-thumbnail","hentry","category-genel","tag-anlari","tag-anlatti","tag-arka","tag-gecen","tag-kafasinin","tag-lastigi","tag-motosiklet","tag-otomobilin","tag-surucusu","tag-uzerinden"],"jetpack_publicize_connections":[],"jetpack_featured_media_url":"https:\/\/i0.wp.com\/www.tvturk.com\/wp-content\/uploads\/2019\/07\/otomobilin-arka-lastigi-kafasinin-uzerinden-gecen-motosiklet-surucusu-o-anlari-anlatti_9ffa546.jpg?fit=1000%2C666","jetpack_sharing_enabled":true,"jetpack_shortlink":"https:\/\/wp.me\/paKIfm-Lm9","_links":{"self":[{"href":"http:\/\/www.tvturk.com\/index.php\/wp-json\/wp\/v2\/posts\/182041","targetHints":{"allow":["GET"]}}],"collection":[{"href":"http:\/\/www.tvturk.com\/index.php\/wp-json\/wp\/v2\/posts"}],"about":[{"href":"http:\/\/www.tvturk.com\/index.php\/wp-json\/wp\/v2\/types\/post"}],"author":[{"embeddable":true,"href":"http:\/\/www.tvturk.com\/index.php\/wp-json\/wp\/v2\/users\/1"}],"replies":[{"embeddable":true,"href":"http:\/\/www.tvturk.com\/index.php\/wp-json\/wp\/v2\/comments?post=182041"}],"version-history":[{"count":0,"href":"http:\/\/www.tvturk.com\/index.php\/wp-json\/wp\/v2\/posts\/182041\/revisions"}],"wp:featuredmedia":[{"embeddable":true,"href":"http:\/\/www.tvturk.com\/index.php\/wp-json\/wp\/v2\/media\/182042"}],"wp:attachment":[{"href":"http:\/\/www.tvturk.com\/index.php\/wp-json\/wp\/v2\/media?parent=182041"}],"wp:term":[{"taxonomy":"category","embeddable":true,"href":"http:\/\/www.tvturk.com\/index.php\/wp-json\/wp\/v2\/categories?post=182041"},{"taxonomy":"post_tag","embeddable":true,"href":"http:\/\/www.tvturk.com\/index.php\/wp-json\/wp\/v2\/tags?post=182041"}],"curies":[{"name":"wp","href":"https:\/\/api.w.org\/{rel}","templated":true}]}}