{"id":182049,"date":"2019-07-14T18:46:15","date_gmt":"2019-07-14T15:46:15","guid":{"rendered":"http:\/\/www.tvturk.com\/index.php\/netanyahudan-lubnana-saldiri-tehdidi\/"},"modified":"2019-07-14T18:46:15","modified_gmt":"2019-07-14T15:46:15","slug":"netanyahudan-lubnana-saldiri-tehdidi","status":"publish","type":"post","link":"http:\/\/www.tvturk.com\/index.php\/netanyahudan-lubnana-saldiri-tehdidi\/","title":{"rendered":"Netanyahu\u2019dan L\u00fcbnan\u2019a sald\u0131r\u0131 tehdidi"},"content":{"rendered":"<p>\u0130srail Ba\u015fbakan\u0131 Binyamin Netanyahu, L\u00fcbnan Hizbullah\u0131 Genel Sekreteri Hasan Nasrallah\u2019\u0131n \u0130srail\u2019i hedef alma tehdidine kar\u015f\u0131l\u0131k olarak \u0130srail\u2019in L\u00fcbnan\u2019a sald\u0131raca\u011f\u0131n\u0131 s\u00f6yledi.<\/p>\n<p>\u0130srail Ba\u015fbakan\u0131 Binyamin Netanyahu, L\u00fcbnan Hizbullah\u0131 Genel Sekreteri Hasan Nasrallah\u2019\u0131n \u0130srail\u2019e sald\u0131r\u0131 tehditlerine yan\u0131t verdi. Netanyahu, haftal\u0131k kabine toplant\u0131s\u0131nda Nasrallah\u2019\u0131n sald\u0131r\u0131 ba\u015flatmas\u0131 durumunda \u0130srail\u2019in L\u00fcbnan\u2019a a\u011f\u0131r bir sald\u0131r\u0131 d\u00fczenleyece\u011fini ifade etti. Netanyahu, \u201cHizbullah aptalca \u0130srail\u2019e sald\u0131rmaya cesaret ederse, onu ve L\u00fcbnan\u2019a a\u011f\u0131r bir askeri darbe ile vururuz\u201d dedi.<\/p>\n<p>Hassan Nasrallah, Cuma g\u00fcn\u00fc \u0130srail\u2019in Hizbullah\u2019a ve L\u00fcbnan\u2019a 2006 y\u0131l\u0131nda ba\u015flatt\u0131\u011f\u0131 sald\u0131r\u0131n\u0131n 13\u2019\u00fcnc\u00fc y\u0131l d\u00f6n\u00fcm\u00fcnde \u0130srail\u2019e sald\u0131r\u0131 d\u00fczenlemekle tehdit etmi\u015fti. Nasrallah, ayr\u0131ca ABD ve \u0130ran aras\u0131nda \u00e7\u0131kacak olas\u0131 bir sava\u015f sonras\u0131nda \u0130srail\u2019in yok olaca\u011f\u0131n\u0131 s\u00f6ylemi\u015fti.<\/p>\n","protected":false},"excerpt":{"rendered":"<p>\u0130SRA\u0130L BA\u015eBAKANI B\u0130NYAM\u0130N NETANYAHU, L\u00dcBNAN H\u0130ZBULLAHI GENEL SEKRETER\u0130 HASAN NASRALLAH\u2019IN \u0130SRA\u0130L\u2019\u0130 HEDEF ALMA TEHD\u0130D\u0130NE KAR\u015eILIK OLARAK \u0130SRA\u0130L\u2019\u0130N L\u00dcBNAN\u2019A SALDIRACA\u011eINI S\u00d6YLED\u0130.<\/p>\n","protected":false},"author":1,"featured_media":182050,"comment_status":"closed","ping_status":"open","sticky":false,"template":"","format":"standard","meta":{"jetpack_post_was_ever_published":false,"_jetpack_newsletter_access":"","_jetpack_dont_email_post_to_subs":false,"_jetpack_newsletter_tier_id":0,"_jetpack_memberships_contains_paywalled_content":false,"_jetpack_memberships_contains_paid_content":false,"footnotes":"","jetpack_publicize_message":"","jetpack_publicize_feature_enabled":true,"jetpack_social_post_already_shared":true,"jetpack_social_options":{"image_generator_settings":{"template":"highway","default_image_id":0,"font":"","enabled":false},"version":2}},"categories":[10],"tags":[43794,21862,999,29073],"class_list":["post-182049","post","type-post","status-publish","format-standard","has-post-thumbnail","hentry","category-dunya","tag-lubnana","tag-netanyahudan","tag-saldiri","tag-tehdidi"],"jetpack_publicize_connections":[],"jetpack_featured_media_url":"https:\/\/i0.wp.com\/www.tvturk.com\/wp-content\/uploads\/2019\/07\/netanyahudan-lubnana-saldiri-tehdidi_de74a8f.jpg?fit=1000%2C666","jetpack_sharing_enabled":true,"jetpack_shortlink":"https:\/\/wp.me\/paKIfm-Lmh","_links":{"self":[{"href":"http:\/\/www.tvturk.com\/index.php\/wp-json\/wp\/v2\/posts\/182049","targetHints":{"allow":["GET"]}}],"collection":[{"href":"http:\/\/www.tvturk.com\/index.php\/wp-json\/wp\/v2\/posts"}],"about":[{"href":"http:\/\/www.tvturk.com\/index.php\/wp-json\/wp\/v2\/types\/post"}],"author":[{"embeddable":true,"href":"http:\/\/www.tvturk.com\/index.php\/wp-json\/wp\/v2\/users\/1"}],"replies":[{"embeddable":true,"href":"http:\/\/www.tvturk.com\/index.php\/wp-json\/wp\/v2\/comments?post=182049"}],"version-history":[{"count":0,"href":"http:\/\/www.tvturk.com\/index.php\/wp-json\/wp\/v2\/posts\/182049\/revisions"}],"wp:featuredmedia":[{"embeddable":true,"href":"http:\/\/www.tvturk.com\/index.php\/wp-json\/wp\/v2\/media\/182050"}],"wp:attachment":[{"href":"http:\/\/www.tvturk.com\/index.php\/wp-json\/wp\/v2\/media?parent=182049"}],"wp:term":[{"taxonomy":"category","embeddable":true,"href":"http:\/\/www.tvturk.com\/index.php\/wp-json\/wp\/v2\/categories?post=182049"},{"taxonomy":"post_tag","embeddable":true,"href":"http:\/\/www.tvturk.com\/index.php\/wp-json\/wp\/v2\/tags?post=182049"}],"curies":[{"name":"wp","href":"https:\/\/api.w.org\/{rel}","templated":true}]}}