{"id":182070,"date":"2019-07-14T22:16:28","date_gmt":"2019-07-14T19:16:28","guid":{"rendered":"http:\/\/www.tvturk.com\/index.php\/aile-bakani-selcuk-darbe-girisimiyle-ilgili-bugune-kadar-acilan-289-davadan-239u-tamamlandi\/"},"modified":"2019-07-14T22:16:28","modified_gmt":"2019-07-14T19:16:28","slug":"aile-bakani-selcuk-darbe-girisimiyle-ilgili-bugune-kadar-acilan-289-davadan-239u-tamamlandi","status":"publish","type":"post","link":"http:\/\/www.tvturk.com\/index.php\/aile-bakani-selcuk-darbe-girisimiyle-ilgili-bugune-kadar-acilan-289-davadan-239u-tamamlandi\/","title":{"rendered":"Aile Bakan\u0131 Sel\u00e7uk: &#8220;Darbe giri\u015fimiyle ilgili bug\u00fcne kadar a\u00e7\u0131lan 289 davadan 239\u2019u tamamland\u0131&#8221;"},"content":{"rendered":"<p>Aile, \u00c7al\u0131\u015fma ve Sosyal Hizmetleri Bakan\u0131 Zehra Z\u00fcmr\u00fct Sel\u00e7uk, Ankara Valili\u011fi taraf\u0131ndan d\u00fczenlenen 15 Temmuz \u015fehit ve gazi yak\u0131nlar\u0131yla bir araya geldi.<\/p>\n<p>Ankara Valili\u011fi taraf\u0131ndan d\u00fczenlenen 15 Temmuz \u015fehit yak\u0131nlar\u0131 ve gazilerle yemek program\u0131na Aile, \u00c7al\u0131\u015fma ve Sosyal Hizmetleri Bakan\u0131 Zehra Z\u00fcmr\u00fct Sel\u00e7uk, Ankara Valisi Vasip \u015eahin, Ankara B\u00fcy\u00fck\u015fehir Belediye Ba\u015fkan\u0131 Mansur Yava\u015f, Komutanlar,  bir \u00e7ok \u015fehit yak\u0131n\u0131 ve gaziler kat\u0131ld\u0131. Kur\u2019an-\u0131 Kerim tilavetiyle ba\u015flad\u0131. Bakan Sel\u00e7uk \u015fehit ve gazi yak\u0131nlar\u0131yla tek tek ilgilenirken, 15 temmuz gazisi Cihan K\u0131l\u0131\u00e7\u2019\u0131n 6.5 ayl\u0131k k\u0131z\u0131 Fatma bebek ile yak\u0131ndan ilgilendi.<\/p>\n<p>Hakkari\u2019de \u00e7\u0131kan \u00e7at\u0131\u015fmada \u015fehit olan askerler i\u00e7in \u00fcz\u00fcnt\u00fcs\u00fcn\u00fc dile getiren Bakan Sel\u00e7uk, \u201dAz \u00f6nce \u00fcz\u00fcc\u00fc bir haber ald\u0131k. Hakkari\u2019de PKK\u2019l\u0131 ter\u00f6ristlerle \u00e7\u0131kan \u00e7at\u0131\u015fmada 3 kahraman askerimiz \u015fehit oldu. Bir karde\u015fimiz de yaraland\u0131. Rabbim \u015fehitlerimizin \u015fehadetlerini kabul eylesin. Cemaliyle m\u00fckafatland\u0131rs\u0131n. Yaral\u0131 karde\u015fimize Rabbimden acil \u015fifalar diliyorum. Allah dirli\u011fimize birli\u011fimize zeval getirmesin\u201d dedi.<\/p>\n<p>\u201cOnlar, kar\u015f\u0131lar\u0131nda hi\u00e7bir zaman g\u00fc\u00e7l\u00fc ve daha b\u00fcy\u00fck bir T\u00fcrkiye istemiyor\u201d<\/p>\n<p>15 Temmuz gecesinde b\u00fcy\u00fck bir s\u0131nav verdiklerini ifade eden Bakan Sel\u00e7uk, \u201d15 Temmuz gecesi hainlere kar\u015f\u0131, kan\u0131yla can\u0131yla m\u00fccadele eden; T\u00fcm \u015fehitlerimize de Allah\u2019tan rahmet diliyor,  kahraman gazilerimizden Allah raz\u0131 olsun diyorum. 15 Temmuz gecesi; sizler, bizler, hepimiz; millet\u00e7e \u00e7ok anlaml\u0131 bir s\u0131nav verdik. Cesaretimiz ve milli birli\u011fimiz sayesinde, bize bu g\u00fczel topraklar\u0131 vatan yapan ecdad\u0131m\u0131z\u0131n y\u00fcz\u00fcn\u00fc hamdolsun kara \u00e7\u0131karmad\u0131k! \u00c7anakkale\u2019de, \u0130stiklal Harbi\u2019nde ecdad\u0131m\u0131z, can\u0131n\u0131 vatan\u0131m\u0131z i\u00e7in nas\u0131l ortaya koyduysa,15 Temmuz\u2019da da millet\u00e7e ayn\u0131 ortak \u015fuur ve ruhla g\u00f6vdemizi siper ettik. Bu topraklar\u0131 d\u00fc\u015fmana \u00e7i\u011fnetmemek ve kendimize vatan k\u0131lmak i\u00e7in, ecdad\u0131m\u0131z\u0131n b\u00fcy\u00fck bir a\u015fkla verdi\u011fi m\u00fccadeleyi biliyoruz. Bu topraklar, emperyalist g\u00fc\u00e7lere kar\u015f\u0131;  Her zaman adaletin, ba\u011f\u0131ms\u0131zl\u0131\u011f\u0131n ve iman\u0131n kalesi olmu\u015ftur ve olmaya devam edecek.  Vatan\u0131m\u0131z olan bu topraklar, yedi d\u00fcvele kar\u015f\u0131; Bizlere, d\u00fcn oldu\u011fu gibi bug\u00fcn de tarihi sorumluluklar y\u00fckl\u00fcyor. Onlar, kar\u015f\u0131lar\u0131nda hi\u00e7bir zaman g\u00fc\u00e7l\u00fc ve daha b\u00fcy\u00fck bir T\u00fcrkiye istemiyor! 20. y\u00fczy\u0131ldan itibaren uygulad\u0131klar\u0131 strateji yani d\u00fcnyay\u0131 istedikleri gibi kontrol etme stratejisine devam ediyorlar\u201d diye konu\u015ftu.<\/p>\n<p>\u201cArt\u0131k atamalar\u0131 y\u0131lda iki defa de\u011fil, hak sahiplerini bekletmeden periyodik olarak yapmaktay\u0131z\u201d<\/p>\n<p>\u015eehit ve gazilerinin yak\u0131nlar\u0131n\u0131n haklar\u0131n\u0131n iyile\u015ftirdiklerini belirten Bakan Sel\u00e7uk, \u201d\u015eehit ve gazilerimizin, de\u011ferli ailelerimizin vatan i\u00e7in g\u00f6sterdikleri fedakarl\u0131klar kar\u015f\u0131s\u0131nda ne yapsak az. Bu anlay\u0131\u015fla \u015fehit yak\u0131nlar\u0131m\u0131z ve gazilerimiz i\u00e7in her zaman pozitif ayr\u0131mc\u0131l\u0131k yaparak \u00e7al\u0131\u015fmalar\u0131m\u0131z\u0131 s\u00fcrd\u00fcrmekteyiz. \u015eehit yak\u0131nlar\u0131na tan\u0131nan istihdam hakk\u0131n\u0131, bir iken ikiye \u00e7\u0131kard\u0131k. Vazife ve harp malullerinin de istihdam hakk\u0131ndan faydalanmalar\u0131n\u0131 sa\u011flad\u0131k. \u0130stihdamda 45 ya\u015f \u015fart\u0131n\u0131 kald\u0131rd\u0131k. Art\u0131k atamalar\u0131 y\u0131lda iki defa de\u011fil, hak sahiplerini bekletmeden periyodik olarak yapmaktay\u0131z. E\u011fitim, konut kredisi, \u00fccretsiz seyahat deste\u011fi gibi daha bir\u00e7ok konuda destek sa\u011flamaya devam ediyoruz. Milletimiz, \u015fehitlerimizi her \u015feyden \u00f6nce g\u00f6nl\u00fcnde ya\u015fat\u0131yor, ya\u015fatmaya devam ediyoruz\u201d \u015feklinde konu\u015ftu.<\/p>\n<p>\u201cDarbe giri\u015fimiyle ilgili bug\u00fcne kadar a\u00e7\u0131lan 289 davadan 239\u2019u tamamland\u0131\u201d<\/p>\n<p>Yarg\u0131 s\u00fcrecinin devam etti\u011fini ifade eden Sel\u00e7uk, \u201dDarbe giri\u015fimiyle ilgili bug\u00fcne kadar a\u00e7\u0131lan 289 davadan 239\u2019u tamamland\u0131. Sona eren davalarda a\u011f\u0131rla\u015ft\u0131r\u0131lm\u0131\u015f m\u00fcebbet, m\u00fcebbet hapis cezalar\u0131 verildi. Bizler, bu konuda dirli\u011fimize birli\u011fimize kastetmek isteyen kim varsa asla affetmeyece\u011fiz\u201d ifadelerini kulland\u0131.<\/p>\n","protected":false},"excerpt":{"rendered":"<p>A\u0130LE, \u00c7ALI\u015eMA VE SOSYAL H\u0130ZMETLER\u0130 BAKANI ZEHRA Z\u00dcMR\u00dcT SEL\u00c7UK ANKARA VAL\u0130L\u0130\u011e\u0130 TARAFINDAN D\u00dcZENLENEN 15 TEMMUZ \u015eEH\u0130T VE GAZ\u0130 YAKINLARIYLA  B\u0130R ARAYA GELD\u0130.<\/p>\n","protected":false},"author":1,"featured_media":182071,"comment_status":"closed","ping_status":"open","sticky":false,"template":"","format":"standard","meta":{"jetpack_post_was_ever_published":false,"_jetpack_newsletter_access":"","_jetpack_dont_email_post_to_subs":false,"_jetpack_newsletter_tier_id":0,"_jetpack_memberships_contains_paywalled_content":false,"_jetpack_memberships_contains_paid_content":false,"footnotes":"","jetpack_publicize_message":"","jetpack_publicize_feature_enabled":true,"jetpack_social_post_already_shared":true,"jetpack_social_options":{"image_generator_settings":{"template":"highway","default_image_id":0,"font":"","enabled":false},"version":2}},"categories":[1],"tags":[3664,44947,20158,3014,933,20157,3791,44946,20104,3012,3702,4454,693],"class_list":["post-182070","post","type-post","status-publish","format-standard","has-post-thumbnail","hentry","category-genel","tag-acilan","tag-239u","tag-20158","tag-aile","tag-bakani","tag-bugune","tag-darbe","tag-davadan","tag-girisimiyle","tag-ilgili","tag-kadar","tag-selcuk","tag-tamamlandi"],"jetpack_publicize_connections":[],"jetpack_featured_media_url":"https:\/\/i0.wp.com\/www.tvturk.com\/wp-content\/uploads\/2019\/07\/aile-bakani-selcuk-darbe-girisimiyle-ilgili-bugune-kadar-acilan-289-davadan-239u-tamamlandi_1270668.jpg?fit=1000%2C666","jetpack_sharing_enabled":true,"jetpack_shortlink":"https:\/\/wp.me\/paKIfm-LmC","_links":{"self":[{"href":"http:\/\/www.tvturk.com\/index.php\/wp-json\/wp\/v2\/posts\/182070","targetHints":{"allow":["GET"]}}],"collection":[{"href":"http:\/\/www.tvturk.com\/index.php\/wp-json\/wp\/v2\/posts"}],"about":[{"href":"http:\/\/www.tvturk.com\/index.php\/wp-json\/wp\/v2\/types\/post"}],"author":[{"embeddable":true,"href":"http:\/\/www.tvturk.com\/index.php\/wp-json\/wp\/v2\/users\/1"}],"replies":[{"embeddable":true,"href":"http:\/\/www.tvturk.com\/index.php\/wp-json\/wp\/v2\/comments?post=182070"}],"version-history":[{"count":0,"href":"http:\/\/www.tvturk.com\/index.php\/wp-json\/wp\/v2\/posts\/182070\/revisions"}],"wp:featuredmedia":[{"embeddable":true,"href":"http:\/\/www.tvturk.com\/index.php\/wp-json\/wp\/v2\/media\/182071"}],"wp:attachment":[{"href":"http:\/\/www.tvturk.com\/index.php\/wp-json\/wp\/v2\/media?parent=182070"}],"wp:term":[{"taxonomy":"category","embeddable":true,"href":"http:\/\/www.tvturk.com\/index.php\/wp-json\/wp\/v2\/categories?post=182070"},{"taxonomy":"post_tag","embeddable":true,"href":"http:\/\/www.tvturk.com\/index.php\/wp-json\/wp\/v2\/tags?post=182070"}],"curies":[{"name":"wp","href":"https:\/\/api.w.org\/{rel}","templated":true}]}}