{"id":182076,"date":"2019-07-14T23:16:30","date_gmt":"2019-07-14T20:16:30","guid":{"rendered":"http:\/\/www.tvturk.com\/index.php\/haydarpasa-garinin-yuzeyine-15-temmuz-sehitlerin-fotograflari-yansitildi\/"},"modified":"2019-07-14T23:16:30","modified_gmt":"2019-07-14T20:16:30","slug":"haydarpasa-garinin-yuzeyine-15-temmuz-sehitlerin-fotograflari-yansitildi","status":"publish","type":"post","link":"http:\/\/www.tvturk.com\/index.php\/haydarpasa-garinin-yuzeyine-15-temmuz-sehitlerin-fotograflari-yansitildi\/","title":{"rendered":"Haydarpa\u015fa Gar\u0131\u2019n\u0131n y\u00fczeyine 15 Temmuz \u015fehitlerin foto\u011fraflar\u0131 yans\u0131t\u0131ld\u0131"},"content":{"rendered":"<p>Cumhurba\u015fkanl\u0131\u011f\u0131 \u0130leti\u015fim Ba\u015fkanl\u0131\u011f\u0131nca 15 Temmuz \u015fehit ve gazilerin an\u0131s\u0131na Haydarpa\u015fa Gar binas\u0131n\u0131n Kad\u0131k\u00f6y\u2019e bakan y\u00fcz\u00fcnde 7 dakika s\u00fcren bir mapping g\u00f6sterisi ger\u00e7ekle\u015ftirildi.<\/p>\n<p>Etkinliklikte 15 Temmuz \u015fehitlerinin foto\u011fraflar\u0131 gar y\u00fczeyine yans\u0131t\u0131l\u0131rken, duygusal anlar\u0131n ya\u015fand\u0131\u011f\u0131 g\u00f6steri havadan g\u00f6r\u00fcnt\u00fclendi. Cumhurba\u015fkanl\u0131\u011f\u0131 \u0130leti\u015fim Ba\u015fkanl\u0131\u011f\u0131nca 15 Temmuz \u015fehit ve gazilerinin an\u0131s\u0131na bu ak\u015fam Haydarpa\u015fa gar\u0131nda bir mapping g\u00f6sterisi ger\u00e7ekle\u015ftirildi.Etkinlik saatinden 15 dakika \u00f6nce y\u00fczeye UNUTMA yaz\u0131s\u0131 yans\u0131t\u0131ld\u0131. Ard\u0131ndan geri  say\u0131m ba\u015flad\u0131.7 dakikal\u0131k g\u00f6sterinin ard\u0131ndan t\u00fcm 15 Temmuz \u015fehitlerinin foto\u011fraflar\u0131 ve isimleri  tek tek 25 dakika boyunca gar binas\u0131 y\u00fczeyinde akmaya devam etti. Haydarpa\u015fa Gar\u2019\u0131ndaki unutulmaz an ise havadan g\u00f6r\u00fcnt\u00fclendi.<\/p>\n","protected":false},"excerpt":{"rendered":"<p>CUMHURBA\u015eKANLI\u011eI \u0130LET\u0130\u015e\u0130M BA\u015eKANLI\u011eINCA 15 TEMMUZ \u015eEH\u0130T VE GAZ\u0130LER\u0130N ANISINA HAYDARPA\u015eA GAR B\u0130NASININ KADIK\u00d6Y\u2019E BAKAN Y\u00dcZ\u00dcNDE 7 DAK\u0130KA S\u00dcREN B\u0130R MAPP\u0130NG G\u00d6STER\u0130S\u0130 GER\u00c7EKLE\u015eT\u0130R\u0130LD\u0130.<\/p>\n","protected":false},"author":1,"featured_media":182077,"comment_status":"closed","ping_status":"open","sticky":false,"template":"","format":"standard","meta":{"jetpack_post_was_ever_published":false,"_jetpack_newsletter_access":"","_jetpack_dont_email_post_to_subs":false,"_jetpack_newsletter_tier_id":0,"_jetpack_memberships_contains_paywalled_content":false,"_jetpack_memberships_contains_paid_content":false,"footnotes":"","jetpack_publicize_message":"","jetpack_publicize_feature_enabled":true,"jetpack_social_post_already_shared":true,"jetpack_social_options":{"image_generator_settings":{"template":"highway","default_image_id":0,"font":"","enabled":false},"version":2}},"categories":[1],"tags":[30128,5062,43678,4489,1148,44949,44948],"class_list":["post-182076","post","type-post","status-publish","format-standard","has-post-thumbnail","hentry","category-genel","tag-haydarpasa","tag-fotograflari","tag-garinin","tag-sehitlerin","tag-temmuz","tag-yansitildi","tag-yuzeyine"],"jetpack_publicize_connections":[],"jetpack_featured_media_url":"https:\/\/i0.wp.com\/www.tvturk.com\/wp-content\/uploads\/2019\/07\/haydarpasa-garinin-yuzeyine-15-temmuz-sehitlerin-fotograflari-yansitildi_2eca050.jpg?fit=1000%2C562","jetpack_sharing_enabled":true,"jetpack_shortlink":"https:\/\/wp.me\/paKIfm-LmI","_links":{"self":[{"href":"http:\/\/www.tvturk.com\/index.php\/wp-json\/wp\/v2\/posts\/182076","targetHints":{"allow":["GET"]}}],"collection":[{"href":"http:\/\/www.tvturk.com\/index.php\/wp-json\/wp\/v2\/posts"}],"about":[{"href":"http:\/\/www.tvturk.com\/index.php\/wp-json\/wp\/v2\/types\/post"}],"author":[{"embeddable":true,"href":"http:\/\/www.tvturk.com\/index.php\/wp-json\/wp\/v2\/users\/1"}],"replies":[{"embeddable":true,"href":"http:\/\/www.tvturk.com\/index.php\/wp-json\/wp\/v2\/comments?post=182076"}],"version-history":[{"count":0,"href":"http:\/\/www.tvturk.com\/index.php\/wp-json\/wp\/v2\/posts\/182076\/revisions"}],"wp:featuredmedia":[{"embeddable":true,"href":"http:\/\/www.tvturk.com\/index.php\/wp-json\/wp\/v2\/media\/182077"}],"wp:attachment":[{"href":"http:\/\/www.tvturk.com\/index.php\/wp-json\/wp\/v2\/media?parent=182076"}],"wp:term":[{"taxonomy":"category","embeddable":true,"href":"http:\/\/www.tvturk.com\/index.php\/wp-json\/wp\/v2\/categories?post=182076"},{"taxonomy":"post_tag","embeddable":true,"href":"http:\/\/www.tvturk.com\/index.php\/wp-json\/wp\/v2\/tags?post=182076"}],"curies":[{"name":"wp","href":"https:\/\/api.w.org\/{rel}","templated":true}]}}