{"id":182116,"date":"2019-07-15T10:31:47","date_gmt":"2019-07-15T07:31:47","guid":{"rendered":"http:\/\/www.tvturk.com\/index.php\/sehit-sevda-gungor-hatiralariyla-yasiyor\/"},"modified":"2019-07-15T10:31:47","modified_gmt":"2019-07-15T07:31:47","slug":"sehit-sevda-gungor-hatiralariyla-yasiyor","status":"publish","type":"post","link":"http:\/\/www.tvturk.com\/index.php\/sehit-sevda-gungor-hatiralariyla-yasiyor\/","title":{"rendered":"\u015eehit Sevda G\u00fcng\u00f6r hat\u0131ralar\u0131yla ya\u015f\u0131yor"},"content":{"rendered":"<p>Fetullah\u00e7\u0131 Ter\u00f6r \u00d6rg\u00fct\u00fc (FET\u00d6) taraf\u0131ndan ger\u00e7ekle\u015ftirilen 15 Temmuz darbe giri\u015fimi s\u0131ras\u0131nda \u015fehit edilen polis memuru Sevda G\u00fcng\u00f6r\u2019\u00fcn anne ve babas\u0131 bir oday\u0131 k\u0131zlar\u0131n\u0131n foto\u011fraflar\u0131yla donat\u0131p onun hat\u0131ras\u0131yla ya\u015f\u0131yor.<\/p>\n<p>15 Temmuz darbe giri\u015fimi s\u0131ras\u0131nda Ankara G\u00f6lba\u015f\u0131 \u00d6zel Harekat Dairesi Ba\u015fkanl\u0131\u011f\u0131nda FET\u00d6 militanlar\u0131 taraf\u0131ndan at\u0131lan bombalar sonucunda \u015fehit olan Sevda G\u00fcng\u00f6r\u2019\u00fcn annesi Nural (60) ve babas\u0131 Mehmet G\u00fcng\u00f6r (67), k\u0131zlar\u0131n\u0131n \u015fehit olmas\u0131n\u0131n \u00fczerinden 3 y\u0131l ge\u00e7mesine ra\u011fmen onu hi\u00e7 unutmuyor. Anne ve baba bir oday\u0131 k\u0131zlar\u0131n\u0131n foto\u011fraflar\u0131yla donat\u0131p onun hat\u0131ras\u0131yla ya\u015fat\u0131yor. Anne G\u00fcng\u00f6r, k\u0131zlar\u0131n\u0131n hayat\u0131n\u0131 kaybetmesinin \u00fczerinden 3 y\u0131l ge\u00e7ti\u011fini ancak d\u00fcn gibi ac\u0131s\u0131n\u0131n hi\u00e7 ge\u00e7medi\u011fini, tek tesellisinin vatan i\u00e7in \u015fehit olmas\u0131nda buldu\u011funu belirterek, &#8220;Ne s\u00f6yleyece\u011fimi bilmiyorum bunu yapanlar\u0131n Allah belas\u0131n\u0131 versin. Herkes etti\u011finin cezas\u0131n\u0131 \u00e7eksin ba\u015fka da bir \u015fey demiyorum&#8221; dedi. G\u00fcng\u00f6r, k\u0131z\u0131n\u0131n b\u00fct\u00fcn foto\u011fraflar\u0131n\u0131 bir odada toplayarak onun hat\u0131ras\u0131n\u0131 ya\u015fatmaya \u00e7al\u0131\u015ft\u0131klar\u0131n\u0131, o hi\u00e7 \u00f6lmemi\u015f gibi davrand\u0131klar\u0131n\u0131 da s\u00f6yledi.<\/p>\n<p>Baba Mehmet G\u00fcng\u00f6r de duygusal anlar ya\u015fayarak, &#8220;Kelimeler bo\u011faz\u0131ma d\u00fc\u011f\u00fcmleniyor, \u00f6ncelikle vatan\u0131m\u0131z sa\u011f olsun&#8221; diye konu\u015ftu.<\/p>\n<p>Aile, 15 Temmuz\u2019un sene-i devriyesi i\u00e7in \u00c7atalan Mahallesi\u2019ndeki evin \u00f6n\u00fcnde mevlit okuttu. Mevlide polis ve jandarma ekiplerinin yan\u0131 s\u0131rada Adana \u0130l Gen\u00e7lik ve Spor M\u00fcd\u00fcrl\u00fc\u011f\u00fcndeki g\u00f6revliler de kat\u0131ld\u0131. \u0130l Gen\u00e7lik ve Spor M\u00fcd\u00fcrl\u00fc\u011f\u00fcndeki g\u00f6revliler anne ve babayla yak\u0131ndan ilgilenip onlar\u0131n ac\u0131lar\u0131n\u0131 payla\u015ft\u0131.<\/p>\n","protected":false},"excerpt":{"rendered":"<p>FETULLAH\u00c7I TER\u00d6R \u00d6RG\u00dcT\u00dc (FET\u00d6) TARAFINDAN GER\u00c7EKLE\u015eT\u0130R\u0130LEN 15 TEMMUZ DARBE G\u0130R\u0130\u015e\u0130M\u0130 SIRASINDA \u015eEH\u0130T ED\u0130LEN POL\u0130S MEMURU SEVDA G\u00d6NG\u00dcR&#8217;\u00dcN ANNE VE BABASI B\u0130R ODAYI KIZLARININ FOTO\u011eRAFLARIYLA DONATIP ONUN HATIRASIYLA YA\u015eIYOR<\/p>\n","protected":false},"author":1,"featured_media":182117,"comment_status":"closed","ping_status":"open","sticky":false,"template":"","format":"standard","meta":{"jetpack_post_was_ever_published":false,"_jetpack_newsletter_access":"","_jetpack_dont_email_post_to_subs":false,"_jetpack_newsletter_tier_id":0,"_jetpack_memberships_contains_paywalled_content":false,"_jetpack_memberships_contains_paid_content":false,"footnotes":"","jetpack_publicize_message":"","jetpack_publicize_feature_enabled":true,"jetpack_social_post_already_shared":true,"jetpack_social_options":{"image_generator_settings":{"template":"highway","default_image_id":0,"font":"","enabled":false},"version":2}},"categories":[1],"tags":[33500,4016,44957,237,6174],"class_list":["post-182116","post","type-post","status-publish","format-standard","has-post-thumbnail","hentry","category-genel","tag-sevda","tag-gungor","tag-hatiralariyla","tag-sehit","tag-yasiyor"],"jetpack_publicize_connections":[],"jetpack_featured_media_url":"https:\/\/i0.wp.com\/www.tvturk.com\/wp-content\/uploads\/2019\/07\/sehit-sevda-gungor-hatiralariyla-yasiyor_8d6a2e2.jpg?fit=1000%2C750","jetpack_sharing_enabled":true,"jetpack_shortlink":"https:\/\/wp.me\/paKIfm-Lnm","_links":{"self":[{"href":"http:\/\/www.tvturk.com\/index.php\/wp-json\/wp\/v2\/posts\/182116","targetHints":{"allow":["GET"]}}],"collection":[{"href":"http:\/\/www.tvturk.com\/index.php\/wp-json\/wp\/v2\/posts"}],"about":[{"href":"http:\/\/www.tvturk.com\/index.php\/wp-json\/wp\/v2\/types\/post"}],"author":[{"embeddable":true,"href":"http:\/\/www.tvturk.com\/index.php\/wp-json\/wp\/v2\/users\/1"}],"replies":[{"embeddable":true,"href":"http:\/\/www.tvturk.com\/index.php\/wp-json\/wp\/v2\/comments?post=182116"}],"version-history":[{"count":0,"href":"http:\/\/www.tvturk.com\/index.php\/wp-json\/wp\/v2\/posts\/182116\/revisions"}],"wp:featuredmedia":[{"embeddable":true,"href":"http:\/\/www.tvturk.com\/index.php\/wp-json\/wp\/v2\/media\/182117"}],"wp:attachment":[{"href":"http:\/\/www.tvturk.com\/index.php\/wp-json\/wp\/v2\/media?parent=182116"}],"wp:term":[{"taxonomy":"category","embeddable":true,"href":"http:\/\/www.tvturk.com\/index.php\/wp-json\/wp\/v2\/categories?post=182116"},{"taxonomy":"post_tag","embeddable":true,"href":"http:\/\/www.tvturk.com\/index.php\/wp-json\/wp\/v2\/tags?post=182116"}],"curies":[{"name":"wp","href":"https:\/\/api.w.org\/{rel}","templated":true}]}}