{"id":182142,"date":"2019-07-15T11:31:41","date_gmt":"2019-07-15T08:31:41","guid":{"rendered":"http:\/\/www.tvturk.com\/index.php\/15-temmuz-sehitleri-karsiyaka-mezarliginda-anildi\/"},"modified":"2019-07-15T11:31:41","modified_gmt":"2019-07-15T08:31:41","slug":"15-temmuz-sehitleri-karsiyaka-mezarliginda-anildi","status":"publish","type":"post","link":"http:\/\/www.tvturk.com\/index.php\/15-temmuz-sehitleri-karsiyaka-mezarliginda-anildi\/","title":{"rendered":"15 Temmuz \u015fehitleri Kar\u015f\u0131yaka Mezarl\u0131\u011f\u0131\u2019nda an\u0131ld\u0131"},"content":{"rendered":"<p>TBMM Ba\u015fkan\u0131 Mustafa \u015eentop, &#8220;\u0130stikbalimize, vatan\u0131m\u0131za, milletimize kast edenlere bu topraklarda hayat hakk\u0131 g\u00f6stermi\u015ftik, tekrar g\u00f6stermeyece\u011fimizi de b\u00fct\u00fcn d\u00fcnyaya hayk\u0131r\u0131yoruz&#8221; dedi.<\/p>\n<p>T\u00fcrkiye B\u00fcy\u00fck Millet Meclisi (TBMM) Ba\u015fkan\u0131 Mustafa \u015eentop, aralar\u0131nda \u0130\u00e7i\u015fleri Bakan\u0131 S\u00fcleyman Soylu\u2019nun da bulundu\u011fu heyetle birlikte Fetullah\u00e7\u0131 Ter\u00f6r \u00d6rg\u00fct\u00fc\u2019n\u00fcn (FET\u00d6) 3 y\u0131l \u00f6nce kalk\u0131\u015ft\u0131\u011f\u0131 darbe giri\u015fiminde \u015fehit d\u00fc\u015fenlerin Kar\u015f\u0131yaka Mezarl\u0131\u011f\u0131 15 Temmuz \u015eehitli\u011fi\u2019ndeki kabirlerini ziyaret etti. Ard\u0131ndan Kar\u015f\u0131yaka Mezarl\u0131\u011f\u0131 Polis \u015eehitli\u011fi\u2019ne ge\u00e7en heyet, Kur\u2019an-\u0131 Kerim tilaveti sonras\u0131 \u015fehit kabirlerine karanfil b\u0131rakarak, \u015fehit yak\u0131nlar\u0131yla g\u00f6r\u00fc\u015ft\u00fc.<\/p>\n<p>Kar\u015f\u0131yaka Mezarl\u0131\u011f\u0131 \u00e7\u0131k\u0131\u015f\u0131nda k\u0131sa bir a\u00e7\u0131klama yapan TBMM Ba\u015fkan\u0131 \u015eentop, &#8220;Bug\u00fcn 15 Temmuz hain darbe giri\u015fiminin 3\u2019\u00fcnc\u00fc y\u0131l d\u00f6n\u00fcm\u00fc. Bizim tarihimizin en karanl\u0131k g\u00fcn\u00fc ve gecesiydi. O ya\u015fananlar\u0131 hem hainlerin yapt\u0131klar\u0131n\u0131 hem de hainlere kar\u015f\u0131 milletimizin g\u00f6stermi\u015f oldu\u011fu direni\u015fi, asil duru\u015fu tekrar tekrar hat\u0131rlamam\u0131z laz\u0131m. Bug\u00fcn ona vesile oluyor. Bug\u00fcn biz istikbalimize, vatan\u0131m\u0131za, milletimize kast edenlere bu topraklarda hayat hakk\u0131 g\u00f6stermi\u015ftik, tekrar g\u00f6stermeyece\u011fimizi de b\u00fct\u00fcn d\u00fcnyaya hayk\u0131r\u0131yoruz. Bunlar\u0131 hat\u0131rlamam\u0131z, haf\u0131zam\u0131zda s\u00fcrekli canl\u0131 tutmam\u0131z gerekiyor. Bu vesileyle 15 Temmuz\u2019da \u015fehit olan karde\u015flerimizin kabirlerini ziyaret ederek dualar ettik. Burada ba\u015flang\u0131\u00e7 yapm\u0131\u015f olduk. Bug\u00fcn bir\u00e7ok program var. Meclisimizde de Cumhurba\u015fkanl\u0131\u011f\u0131m\u0131z\u0131n tertip etti\u011fi programlar var. Ben Cenab-\u0131 Hakk\u2019tan milletimize bir daha bu \u015fekilde bir karanl\u0131\u011f\u0131, bir g\u00fcn\u00fc ve geceyi ya\u015fatmamas\u0131 i\u00e7in dua ediyorum. Milletimizden, \u015fehitlerimizden, gazilerimizden Cenab-\u0131 Hakk raz\u0131 olsun&#8221; \u015feklinde konu\u015ftu.<\/p>\n<p>&#8220;Bug\u00fcn hal dili&#8221;<\/p>\n<p>\u0130\u00e7i\u015fleri Bakan\u0131 S\u00fcleyman Soylu ise kabir ziyaretlerinin ard\u0131ndan, &#8220;Bug\u00fcn s\u00f6ylenecek pek bir \u015fey yok. Hocalar\u0131m\u0131z bug\u00fcn s\u00f6yleyecek her \u015feyi s\u00f6ylediler. Bug\u00fcn hal dili&#8221; dedi.<\/p>\n<p>Kar\u015f\u0131yaka Mezarl\u0131\u011f\u0131 15 Temmuz \u015eehitli\u011fi\u2019ndeki programa TBMM Ba\u015fkan\u0131 Mustafa \u015eentop ve \u0130\u00e7i\u015fleri Bakan\u0131 S\u00fcleyman Soylu\u2019nun yan\u0131 s\u0131ra; TBMM Ba\u015fkan Vekili S\u00fcreyya Sadi Bilgi\u00e7, Ankara Valisi Vasip \u015eahin, Ankara B\u00fcy\u00fck\u015fehir Belediye Ba\u015fkan\u0131 Mansur Yava\u015f, AK Parti Genel Sekreteri Fatih \u015eahin, ATO Ba\u015fkan\u0131 G\u00fcrsel Baran, milletvekilleri ve \u015fehit aile ve yak\u0131nlar\u0131 kat\u0131ld\u0131.<\/p>\n","protected":false},"excerpt":{"rendered":"<p>T\u00dcRK\u0130YE B\u00dcY\u00dcK M\u0130LLET MECL\u0130S\u0130 (TBMM) BA\u015eKANI MUSTAFA \u015eENTOP, ARALARINDA \u0130\u00c7\u0130\u015eLER\u0130 BAKANI S\u00dcLEYMAN SOYLU&#8217;NUN DA BULUNDU\u011eU HEYETLE B\u0130RL\u0130KTE FETULLAH\u00c7I TER\u00d6R \u00d6RG\u00dcT\u00dc&#8217;N\u00dcN (FET\u00d6) 3 YIL \u00d6NCE KALKI\u015eTI\u011eI DARBE G\u0130R\u0130\u015e\u0130M\u0130NDE \u015eEH\u0130T D\u00dc\u015eENLER\u0130N KAR\u015eIYAKA MEZARLI\u011eI 15 TEMMUZ \u015eEH\u0130TL\u0130\u011e\u0130&#8217;NDEK\u0130 KAB\u0130RLER\u0130N\u0130 Z\u0130YARET ETT\u0130. ARDINDAN KAR\u015eIYAKA MEZARLI\u011eI POL\u0130S \u015eEH\u0130TL\u0130\u011e\u0130&#8217;NE GE\u00c7EN HEYET, KUR&#8217;AN-I KER\u0130M T\u0130LAVET\u0130 SONRASI \u015eEH\u0130T KAB\u0130RLER\u0130NE KARANF\u0130L BIRAKARAK, \u015eEH\u0130T YAKINLARIYLA G\u00d6R\u00dc\u015eT\u00dc.<\/p>\n","protected":false},"author":1,"featured_media":182143,"comment_status":"closed","ping_status":"open","sticky":false,"template":"","format":"standard","meta":{"jetpack_post_was_ever_published":false,"_jetpack_newsletter_access":"","_jetpack_dont_email_post_to_subs":false,"_jetpack_newsletter_tier_id":0,"_jetpack_memberships_contains_paywalled_content":false,"_jetpack_memberships_contains_paid_content":false,"footnotes":"","jetpack_publicize_message":"","jetpack_publicize_feature_enabled":true,"jetpack_social_post_already_shared":true,"jetpack_social_options":{"image_generator_settings":{"template":"highway","default_image_id":0,"font":"","enabled":false},"version":2}},"categories":[1],"tags":[241,3878,25158,9758,1148],"class_list":["post-182142","post","type-post","status-publish","format-standard","has-post-thumbnail","hentry","category-genel","tag-anildi","tag-karsiyaka","tag-mezarliginda","tag-sehitleri","tag-temmuz"],"jetpack_publicize_connections":[],"jetpack_featured_media_url":"https:\/\/i0.wp.com\/www.tvturk.com\/wp-content\/uploads\/2019\/07\/15-temmuz-sehitleri-karsiyaka-mezarliginda-anildi_0c97d09.jpg?fit=1000%2C712","jetpack_sharing_enabled":true,"jetpack_shortlink":"https:\/\/wp.me\/paKIfm-LnM","_links":{"self":[{"href":"http:\/\/www.tvturk.com\/index.php\/wp-json\/wp\/v2\/posts\/182142","targetHints":{"allow":["GET"]}}],"collection":[{"href":"http:\/\/www.tvturk.com\/index.php\/wp-json\/wp\/v2\/posts"}],"about":[{"href":"http:\/\/www.tvturk.com\/index.php\/wp-json\/wp\/v2\/types\/post"}],"author":[{"embeddable":true,"href":"http:\/\/www.tvturk.com\/index.php\/wp-json\/wp\/v2\/users\/1"}],"replies":[{"embeddable":true,"href":"http:\/\/www.tvturk.com\/index.php\/wp-json\/wp\/v2\/comments?post=182142"}],"version-history":[{"count":0,"href":"http:\/\/www.tvturk.com\/index.php\/wp-json\/wp\/v2\/posts\/182142\/revisions"}],"wp:featuredmedia":[{"embeddable":true,"href":"http:\/\/www.tvturk.com\/index.php\/wp-json\/wp\/v2\/media\/182143"}],"wp:attachment":[{"href":"http:\/\/www.tvturk.com\/index.php\/wp-json\/wp\/v2\/media?parent=182142"}],"wp:term":[{"taxonomy":"category","embeddable":true,"href":"http:\/\/www.tvturk.com\/index.php\/wp-json\/wp\/v2\/categories?post=182142"},{"taxonomy":"post_tag","embeddable":true,"href":"http:\/\/www.tvturk.com\/index.php\/wp-json\/wp\/v2\/tags?post=182142"}],"curies":[{"name":"wp","href":"https:\/\/api.w.org\/{rel}","templated":true}]}}