{"id":182146,"date":"2019-07-15T11:31:59","date_gmt":"2019-07-15T08:31:59","guid":{"rendered":"http:\/\/www.tvturk.com\/index.php\/alexandra-ceylandan-boks-organizatoru-esine-dev-destek\/"},"modified":"2019-07-15T11:31:59","modified_gmt":"2019-07-15T08:31:59","slug":"alexandra-ceylandan-boks-organizatoru-esine-dev-destek","status":"publish","type":"post","link":"http:\/\/www.tvturk.com\/index.php\/alexandra-ceylandan-boks-organizatoru-esine-dev-destek\/","title":{"rendered":"Alexandra Ceylan\u2019dan boks organizat\u00f6r\u00fc e\u015fine dev destek"},"content":{"rendered":"<p>Almanya\u2019n\u0131n Hamburg kentinde faaliyetlerine devam eden EC Boxing\u2019in \u0130stanbul ofisi a\u00e7\u0131l\u0131yor.  EC Boxing\u2019in \u0130stanbul ofisinin dizayn ve detaylar\u0131n\u0131 ise Erol Ceylan\u2019\u0131n e\u015fi Alexandra Ceylan y\u00fcr\u00fct\u00fcyor.<\/p>\n<p>EC Boxing \u0130stanbul ofisi a\u00e7\u0131l\u0131yor. 2013\u2019ten beri Almanya\u2019n\u0131\u0131n Hamburg kentinde faaliyetlerini s\u00fcrd\u00fcren ve 45 boks organizasyonuna imza atan EC Boxing \u00e7al\u0131\u015fmalar\u0131na \u0130stanbul\u2019da da devam edecek. EC Boxing patronu Erol Ceylan, \u0130stanbul\u2019da a\u00e7\u0131l\u0131\u015f\u0131 yap\u0131lacak Levent\u2019teki yeni binan\u0131n tamamlanmak \u00fczere oldu\u011funu duyurdu.<\/p>\n<p>Erol Ceylan\u2019a e\u015f deste\u011fi<\/p>\n<p>Ceylan, model ve dizayner olan e\u015fi Alexandra Ceylan\u2019\u0131n yeni ofisi dizayn etti\u011fini ve t\u00fcm \u00e7al\u0131\u015fmalarla e\u015finin ilgilendi\u011fini iletti. Avustralya\u2019da Fatih Kele\u015f\u2019in, Almanya\u2019da Sebastian Formella\u2019n\u0131n, Fransa\u2019da Alexander Dimitrenko\u2019nun ve 21 Temmuz\u2019da Ali Eren Demirezen\u2019in Las Vegas ma\u00e7lar\u0131 i\u00e7in seyahatlerde bulundu\u011funu ve T\u00fcrkiye projesinin ba\u015f\u0131nda e\u015fi Alexandra Ceylan\u2019\u0131n oldu\u011funu s\u00f6yledi.<\/p>\n<p>Alexandra Ceylan: \u201cE\u015fim T\u00fcrk boksuna b\u00fcy\u00fck yat\u0131r\u0131m pe\u015finde\u201d<\/p>\n<p>Alexandra Ceylan, yapt\u0131\u011f\u0131 a\u00e7\u0131klamada, \u201c\u00c7ok uzun \u00e7al\u0131\u015fmalar sonras\u0131nda ofisimiz tamamlanmak \u00fczere. Yap\u0131lanma devam ediyor. E\u015fimin T\u00fcrk boksuna yapaca\u011f\u0131 b\u00fcy\u00fck yat\u0131r\u0131mlar\u0131na minik de olsa katk\u0131 yapmak istedim\u201d ifadelerini kulland\u0131.<\/p>\n<p>Premier 25 Ekim\u2019de Volkswagen Arena\u2019da<\/p>\n<p>Yak\u0131nda a\u00e7\u0131l\u0131\u015f\u0131 yap\u0131lacak \u0130stanbul ofisinin ilk \u00e7al\u0131\u015fmas\u0131 olarak 25 Ekim\u2019de Volkswagen Arena\u2019da ger\u00e7ekle\u015fecek dev gece g\u00f6sterildi. EC Boxing\u2019in \u0130stanbul\u2019daki ilk boks gecesi i\u00e7in ma\u00e7 kart\u0131 \u00e7al\u0131\u015fmalar\u0131 da ba\u015flad\u0131. Temmuz ay\u0131 sonunda ma\u00e7 kart\u0131n\u0131n \u015fekillenmeye ba\u015flayaca\u011f\u0131 \u00f6\u011frenildi.<\/p>\n<p>Ceylan: &#8220;Yeni Ali Erenler ar\u0131yoruz&#8221;<\/p>\n<p>Erol Ceylan, d\u00fcnyaca \u00fcnl\u00fc y\u0131ld\u0131zlar\u0131n ringe \u00e7\u0131kaca\u011f\u0131 premier i\u00e7in haz\u0131rl\u0131klar\u0131n ba\u015flad\u0131\u011f\u0131n\u0131 ve mekan\u0131n kiraland\u0131\u011f\u0131n\u0131 ifade etti. 25 Ekim Cuma ak\u015fam\u0131 yap\u0131lacak b\u00fcy\u00fck boks resitalinde 2 d\u00fcnya \u015fampiyonluk ma\u00e7\u0131n\u0131n yer alaca\u011f\u0131n\u0131 a\u00e7\u0131klayan Yozgatl\u0131 T\u00fcrk promot\u00f6r Erol Ceylan, \u201cT\u00fcrk boks\u00f6rlerimizi de \u00e7ok ama \u00e7ok zorlu ma\u00e7lar bekliyor. Gelecek vaat eden T\u00fcrk boks\u00f6rleri d\u00fcnya arenas\u0131na \u00e7\u0131karmak i\u00e7in de \u00e7al\u0131\u015fmalar\u0131m\u0131z var. Yeni Ali Erenler ar\u0131yoruz\u201d dedi.<\/p>\n<p>Jimmy Lennon Jr. s\u00fcrprizi<\/p>\n<p>\u0130stanbul\u2019da yap\u0131lacak tarihi boks gecesi i\u00e7in geri say\u0131m s\u00fcrerken, ring anons\u00f6r\u00fc olarak showtime lakapl\u0131 d\u00fcnyaca \u00fcnl\u00fc s\u00fcper star Jimmy Lennon Jr. g\u00f6rev yapacak.<\/p>\n<p>Bilet sat\u0131\u015f\u0131n\u0131n ise 1 A\u011fustos\u2019tan itibaren ba\u015flayaca\u011f\u0131 da gelen haberler aras\u0131nda.<\/p>\n","protected":false},"excerpt":{"rendered":"<p>ALMANYA\u2019NIN HAMBURG KENT\u0130NDE FAAL\u0130YETLER\u0130NE DEVAM EDEN EC BOX\u0130NG&#8217;\u0130N \u0130STANBUL OF\u0130S\u0130 A\u00c7ILIYOR. EC BOX\u0130NG&#8217;\u0130N \u0130STANBUL OF\u0130S\u0130N\u0130N D\u0130ZAYN VE DETAYLARINI \u0130SE EROL CEYLAN&#8217;IN E\u015e\u0130 ALEXANDRA CEYLAN Y\u00dcR\u00dcT\u00dcYOR.<\/p>\n","protected":false},"author":1,"featured_media":182147,"comment_status":"closed","ping_status":"open","sticky":false,"template":"","format":"standard","meta":{"jetpack_post_was_ever_published":false,"_jetpack_newsletter_access":"","_jetpack_dont_email_post_to_subs":false,"_jetpack_newsletter_tier_id":0,"_jetpack_memberships_contains_paywalled_content":false,"_jetpack_memberships_contains_paid_content":false,"footnotes":"","jetpack_publicize_message":"","jetpack_publicize_feature_enabled":true,"jetpack_social_post_already_shared":true,"jetpack_social_options":{"image_generator_settings":{"template":"highway","default_image_id":0,"font":"","enabled":false},"version":2}},"categories":[657],"tags":[44965,13404,44966,61,3017,7071,25793],"class_list":["post-182146","post","type-post","status-publish","format-standard","has-post-thumbnail","hentry","category-spor","tag-alexandra","tag-boks","tag-ceylandan","tag-destek","tag-dev","tag-esine","tag-organizatoru"],"jetpack_publicize_connections":[],"jetpack_featured_media_url":"https:\/\/i0.wp.com\/www.tvturk.com\/wp-content\/uploads\/2019\/07\/alexandra-ceylandan-boks-organizatoru-esine-dev-destek_045f8c6.jpg?fit=768%2C502","jetpack_sharing_enabled":true,"jetpack_shortlink":"https:\/\/wp.me\/paKIfm-LnQ","_links":{"self":[{"href":"http:\/\/www.tvturk.com\/index.php\/wp-json\/wp\/v2\/posts\/182146","targetHints":{"allow":["GET"]}}],"collection":[{"href":"http:\/\/www.tvturk.com\/index.php\/wp-json\/wp\/v2\/posts"}],"about":[{"href":"http:\/\/www.tvturk.com\/index.php\/wp-json\/wp\/v2\/types\/post"}],"author":[{"embeddable":true,"href":"http:\/\/www.tvturk.com\/index.php\/wp-json\/wp\/v2\/users\/1"}],"replies":[{"embeddable":true,"href":"http:\/\/www.tvturk.com\/index.php\/wp-json\/wp\/v2\/comments?post=182146"}],"version-history":[{"count":0,"href":"http:\/\/www.tvturk.com\/index.php\/wp-json\/wp\/v2\/posts\/182146\/revisions"}],"wp:featuredmedia":[{"embeddable":true,"href":"http:\/\/www.tvturk.com\/index.php\/wp-json\/wp\/v2\/media\/182147"}],"wp:attachment":[{"href":"http:\/\/www.tvturk.com\/index.php\/wp-json\/wp\/v2\/media?parent=182146"}],"wp:term":[{"taxonomy":"category","embeddable":true,"href":"http:\/\/www.tvturk.com\/index.php\/wp-json\/wp\/v2\/categories?post=182146"},{"taxonomy":"post_tag","embeddable":true,"href":"http:\/\/www.tvturk.com\/index.php\/wp-json\/wp\/v2\/tags?post=182146"}],"curies":[{"name":"wp","href":"https:\/\/api.w.org\/{rel}","templated":true}]}}