{"id":182194,"date":"2019-07-15T12:46:29","date_gmt":"2019-07-15T09:46:29","guid":{"rendered":"http:\/\/www.tvturk.com\/index.php\/metin-dogan-6-yasinda-ogrendigim-cesaretle-15-temmuz-gecesi-tankin-altina-yattim\/"},"modified":"2019-07-15T12:46:29","modified_gmt":"2019-07-15T09:46:29","slug":"metin-dogan-6-yasinda-ogrendigim-cesaretle-15-temmuz-gecesi-tankin-altina-yattim","status":"publish","type":"post","link":"http:\/\/www.tvturk.com\/index.php\/metin-dogan-6-yasinda-ogrendigim-cesaretle-15-temmuz-gecesi-tankin-altina-yattim\/","title":{"rendered":"Metin Do\u011fan: &#8220;6 ya\u015f\u0131nda \u00f6\u011frendi\u011fim cesaretle 15 Temmuz gecesi tank\u0131n alt\u0131na yatt\u0131m&#8221;"},"content":{"rendered":"<p>FET\u00d6\u2019n\u00fcn ihanet kalk\u0131\u015fmas\u0131nda Atat\u00fcrk Havaliman\u0131\u2019nda tank\u0131n alt\u0131na yatan Metin Do\u011fan, cesareti ilk kez 6 ya\u015f\u0131nda \u00f6\u011frendi\u011fini ifade ederek, 15 Temmuz gecesinde de ayn\u0131 cesaretle o tank\u0131n alt\u0131na yatt\u0131\u011f\u0131n\u0131 dile getirdi.<\/p>\n<p>Y\u0131ld\u0131r\u0131m Belediyesi \u00f6nc\u00fcl\u00fc\u011f\u00fcnde Kent Konseyi taraf\u0131ndan 15 Temmuz hain darbe giri\u015fiminin 3. y\u0131l\u0131nda &#8220;15 Temmuz Milli Birlik G\u00fcn\u00fc&#8221; konulu program tertiplendi. Bar\u0131\u015f Man\u00e7o K\u00fclt\u00fcr Merkezi\u2019ndeki programa AK Parti Bursa Milletvekili Muhammed M\u00fcfit Ayd\u0131n, Y\u0131ld\u0131r\u0131m Belediye Ba\u015fkan\u0131 Oktay Y\u0131lmaz, Kent Konseyi Ba\u015fkan\u0131 Mehmet Akif Bing\u00f6l, AK Parti Y\u0131ld\u0131r\u0131m te\u015fkilat\u0131 \u00fcyeleri, STK\u2019lar, muhtarlar ve \u00e7ok say\u0131da vatanda\u015f kat\u0131ld\u0131. Program \u0130stiklal Mar\u015f\u0131 ard\u0131ndan Kur\u2019an-\u0131 kerim tilaveti ile ba\u015flarken a\u00e7\u0131l\u0131\u015f konu\u015fmas\u0131n\u0131 Bing\u00f6l ger\u00e7ekle\u015ftirdi. Ba\u015fkan Y\u0131lmaz ise, 15 Temmuz gecesini hat\u0131rlat\u0131p, birlik ve beraberlik vurgusu yapt\u0131.<\/p>\n<p>Milletvekili Ayd\u0131n da, 15 Temmuz gecesinin \u015fuurunu hat\u0131rlatarak, bu milletin o gece tanklara, toplara kar\u015f\u0131 y\u00fcr\u00fcd\u00fc\u011f\u00fcn\u00fc ifade etti. Ayd\u0131n, 15 Temmuz gecesinin bir daha tekerr\u00fcr etmemesi temennisinde bulunarak \u015fehitlere rahmet diledi.<\/p>\n<p>Protokol konu\u015fmalar\u0131n\u0131n ard\u0131ndan 15 Temmuz hain darbe te\u015febb\u00fcs\u00fcn\u00fc anlatan bir sinevizyon g\u00f6sterimi yap\u0131ld\u0131. 15 Temmuz\u2019u anlatan klip yay\u0131nland\u0131.<\/p>\n<p>15 Temmuz gecesi kendini tank alt\u0131na atan Metin Do\u011fan da bir konu\u015fma yapt\u0131. Do\u011fan, hayat\u0131ndan \u00f6rnekler vererek cesareti ilk kez 6 ya\u015f\u0131nda \u00f6\u011frendi\u011fini, 15 Temmuz gecesinde de ayn\u0131 cesaretle o tank\u0131n alt\u0131na yatt\u0131\u011f\u0131n\u0131 dile getirdi.<\/p>\n<p>Program sonunda \u00e7i\u00e7ek taktimi ve foto\u011fraf \u00e7ekimi ger\u00e7ekle\u015ftirildi.<\/p>\n","protected":false},"excerpt":{"rendered":"<p>YILDIRIM BELED\u0130YES\u0130 \u00d6NC\u00dcL\u00dc\u011e\u00dcNDE YILDIRIM KENT KONSEY\u0130 TARAFINDAN 15 TEMMUZ HA\u0130N DARBE G\u0130R\u0130\u015e\u0130M\u0130N\u0130N 3. YILINDA &#8220;15 TEMMUZ M\u0130LL\u0130 B\u0130RL\u0130K G\u00dcN\u00dc&#8221; KONULU PROGRAMI BARI\u015e MAN\u00c7O K\u00dcLT\u00dcR MERKEZ\u0130NDE D\u00dcZENLEND\u0130.<\/p>\n","protected":false},"author":1,"featured_media":182195,"comment_status":"closed","ping_status":"open","sticky":false,"template":"","format":"standard","meta":{"jetpack_post_was_ever_published":false,"_jetpack_newsletter_access":"","_jetpack_dont_email_post_to_subs":false,"_jetpack_newsletter_tier_id":0,"_jetpack_memberships_contains_paywalled_content":false,"_jetpack_memberships_contains_paid_content":false,"footnotes":"","jetpack_publicize_message":"","jetpack_publicize_feature_enabled":true,"jetpack_social_post_already_shared":true,"jetpack_social_options":{"image_generator_settings":{"template":"highway","default_image_id":0,"font":"","enabled":false},"version":2}},"categories":[1],"tags":[1186,44988,574,3456,6345,44987,44989,1148,2487,44990],"class_list":["post-182194","post","type-post","status-publish","format-standard","has-post-thumbnail","hentry","category-genel","tag-altina","tag-cesaretle","tag-dogan","tag-gecesi","tag-metin","tag-ogrendigim","tag-tankin","tag-temmuz","tag-yasinda","tag-yattim"],"jetpack_publicize_connections":[],"jetpack_featured_media_url":"https:\/\/i0.wp.com\/www.tvturk.com\/wp-content\/uploads\/2019\/07\/metin-dogan-6-yasinda-ogrendigim-cesaretle-15-temmuz-gecesi-tankin-altina-yattim_9bbbf98.jpg?fit=1000%2C662","jetpack_sharing_enabled":true,"jetpack_shortlink":"https:\/\/wp.me\/paKIfm-LoC","_links":{"self":[{"href":"http:\/\/www.tvturk.com\/index.php\/wp-json\/wp\/v2\/posts\/182194","targetHints":{"allow":["GET"]}}],"collection":[{"href":"http:\/\/www.tvturk.com\/index.php\/wp-json\/wp\/v2\/posts"}],"about":[{"href":"http:\/\/www.tvturk.com\/index.php\/wp-json\/wp\/v2\/types\/post"}],"author":[{"embeddable":true,"href":"http:\/\/www.tvturk.com\/index.php\/wp-json\/wp\/v2\/users\/1"}],"replies":[{"embeddable":true,"href":"http:\/\/www.tvturk.com\/index.php\/wp-json\/wp\/v2\/comments?post=182194"}],"version-history":[{"count":0,"href":"http:\/\/www.tvturk.com\/index.php\/wp-json\/wp\/v2\/posts\/182194\/revisions"}],"wp:featuredmedia":[{"embeddable":true,"href":"http:\/\/www.tvturk.com\/index.php\/wp-json\/wp\/v2\/media\/182195"}],"wp:attachment":[{"href":"http:\/\/www.tvturk.com\/index.php\/wp-json\/wp\/v2\/media?parent=182194"}],"wp:term":[{"taxonomy":"category","embeddable":true,"href":"http:\/\/www.tvturk.com\/index.php\/wp-json\/wp\/v2\/categories?post=182194"},{"taxonomy":"post_tag","embeddable":true,"href":"http:\/\/www.tvturk.com\/index.php\/wp-json\/wp\/v2\/tags?post=182194"}],"curies":[{"name":"wp","href":"https:\/\/api.w.org\/{rel}","templated":true}]}}