{"id":182234,"date":"2019-07-15T13:31:47","date_gmt":"2019-07-15T10:31:47","guid":{"rendered":"http:\/\/www.tvturk.com\/index.php\/gaziosmanpasada-15-temmuz-sehitlerini-anma-toreni-duzenlendi\/"},"modified":"2019-07-15T13:31:47","modified_gmt":"2019-07-15T10:31:47","slug":"gaziosmanpasada-15-temmuz-sehitlerini-anma-toreni-duzenlendi","status":"publish","type":"post","link":"http:\/\/www.tvturk.com\/index.php\/gaziosmanpasada-15-temmuz-sehitlerini-anma-toreni-duzenlendi\/","title":{"rendered":"Gaziosmanpa\u015fa\u2019da 15 Temmuz \u015fehitlerini anma t\u00f6reni d\u00fczenlendi"},"content":{"rendered":"<p>Gaziosmanpa\u015fa Belediyesi, milletin vatan\u0131na sahip \u00e7\u0131karak destan yazd\u0131\u011f\u0131 15 Temmuz direni\u015finin 3\u2019\u00fcnc\u00fc y\u0131l d\u00f6n\u00fcm\u00fcnde \u015fehit aileleri ve gazileri bulu\u015fturdu. Programa kat\u0131lan vatanda\u015flar 251 \u015fehidin isminin yer ald\u0131\u011f\u0131 15 Temmuz \u015eehitler An\u0131t\u0131\u2019na karanfil b\u0131rakt\u0131.<\/p>\n<p>Gaziosmanpa\u015fa\u2019da 15 Temmuz Demokrasi ve Milli Birlik G\u00fcn\u00fc dolay\u0131s\u0131yla anma program\u0131 d\u00fczenlendi. Programa Gaziosmanpa\u015fa Kaymakam\u0131 Numan Hatipo\u011flu, Gaziosmanpa\u015fa Belediye Ba\u015fkan\u0131 Hasan Tahsin Usta, Gaziosmanpa\u015fa Cumhuriyet Ba\u015fsavc\u0131s\u0131 Haydar Memi\u015f, Gaziosmanpa\u015fa \u0130l\u00e7e Emniyet M\u00fcd\u00fcr\u00fc Kenan \u015eaban S\u00fczg\u00fcn, Gaziosmanpa\u015fa \u0130l\u00e7e M\u00fcft\u00fcs\u00fc Osman \u015een ve 15 Temmuz \u015fehit aileleri ile gaziler kat\u0131ld\u0131. Yap\u0131lan kahvalt\u0131n\u0131n ard\u0131ndan \u015fehit aileleri ve gazilere plaket takdimi yap\u0131ld\u0131. 251 \u015fehidin isimlerinin yaz\u0131l\u0131 oldu\u011fu 15 Temmuz \u015eehitler An\u0131t\u0131\u2019nda devam eden programda edilen dualar\u0131n ard\u0131ndan an\u0131tlara karanfil b\u0131rak\u0131ld\u0131.<\/p>\n<p>\u015eehitlere rahmet dileyen Gaziosmanpa\u015fa Kaymakam\u0131 Numan Hatipo\u011flu, \u201c\u0130stanbul 15 Temmuz hain darbe giri\u015fiminin en yo\u011fun ya\u015fand\u0131\u011f\u0131 ama ayn\u0131 zamanda milli iradenin, milletimizin g\u00f6\u011fs\u00fcn\u00fc a\u00e7\u0131k\u00e7a siper etti\u011fi \u00e7ok \u00f6nemli noktalardan birisi. O anlamda ben hem \u0130stanbul hem Gaziosmanpa\u015fa\u2019da bu \u00f6nemli hain kalk\u0131\u015fmaya kar\u015f\u0131 g\u00f6\u011fs\u00fcn\u00fc siper eden t\u00fcm gazilerimizi, ebediyete intikal etmi\u015f \u015fehitlerimizi rahmetle an\u0131yorum\u201d diye konu\u015ftu.<\/p>\n<p>\u201c15 Temmuz bu millete yap\u0131lan ihanetlerin ortaya \u00e7\u0131kt\u0131\u011f\u0131 g\u00fcnd\u00fcr\u201d<\/p>\n<p>15 Temmuz\u2019u unutturmayacaklar\u0131n\u0131 ve unutturmak isteyenlere de izin vermeyeceklerini s\u00f6yleyen Gaziosmanpa\u015fa Belediye Ba\u015fkan\u0131 Hasan Tahsin Usta, \u201cHer \u015feyden \u00f6nce 15 Temmuz\u2019un \u00fc\u00e7\u00fcnc\u00fc seneyi devriyesi m\u00fcnasebetiyle t\u00fcm \u015fehitlerimiz rahmetle yad ediyor, gazilerimize huzurlu ya\u015famlar diliyoruz.  Bug\u00fcn burada millet olarak bu g\u00fcn\u00fc tekrar anabiliyorsak, tekrar \u015f\u00fckrediyoruz. Tabi ki 15 Temmuz unutmayaca\u011f\u0131m\u0131z unutamayaca\u011f\u0131m\u0131z, unutturmayaca\u011f\u0131m\u0131z anlaml\u0131, \u00f6nemli bir g\u00fcn. Ayn\u0131 zamanda unutturmak isteyenlere, bu i\u015fi bir senaryo, tiyatro olarak g\u00f6renlere, 15 Temmuz ruhuna kar\u015f\u0131 direnenlere, 15 Temmuz\u2019da verdi\u011fimiz \u015fehitleri hi\u00e7e sayanlara kar\u015f\u0131 da direni\u015fimiz devam edecek. Onlara da unutturmayaca\u011f\u0131z. 15 Temmuz bizim tarihimizde ya\u015famad\u0131\u011f\u0131m\u0131z, ya\u015famak istemedi\u011fimiz, millet ad\u0131na da utan\u00e7 duydu\u011fumuz T\u00fcrk ordusunu karalamaya \u00e7al\u0131\u015fan, milleti yok etmeye \u00e7al\u0131\u015fan \u00f6nemli bir operasyonun sonucudur. 15 Temmuz asl\u0131nda bu zamana kadar bu millete yap\u0131lan ihanetlerin ortaya \u00e7\u0131kt\u0131\u011f\u0131 \u00f6nemli bir g\u00fcnd\u00fcr\u201d dedi.<\/p>\n<p>\u201cDuyar duymaz soka\u011fa \u00e7\u0131kt\u0131\u201d<\/p>\n<p>15 Temmuz gecesi \u015fehit olan Servet Asmaz\u2019\u0131n e\u015fi Sema Asmaz, \u201cEvde beraberdik. Haberlerde izledi. Duyar duymaz soka\u011fa \u00e7\u0131kt\u0131. \u00c7\u0131kar \u00e7\u0131kmaz da zaten vurulmu\u015f. Polislere yard\u0131m ederken kar\u015f\u0131 \u00e7\u0131kt\u0131lar diye vurulmu\u015f\u201d \u015feklinde konu\u015ftu.<\/p>\n<p>\u201cKanlar\u0131n \u00fczerine basarak geziyorduk\u201d<\/p>\n<p>Sara\u00e7hane\u2019de o gece vurulan ve hastanede ya\u015fad\u0131klar\u0131n\u0131 unutamad\u0131\u011f\u0131n\u0131 belirten 15 Temmuz gazisi \u0130smail \u00c7imen, \u201cBen o gece \u0130stanbul B\u00fcy\u00fck\u015fehir Belediyesi Sara\u00e7hane\u2019ye gittim. \u00d6nce Vatan\u2019a gidiyorduk. Sonra Belediyede s\u0131k\u0131nt\u0131 oldu\u011funu duyduk oraya gittik. O gece ben Sara\u00e7hane\u2019de vuruldum. O gece vurulduktan sonra hastanenin acil servisine gittik. Oray\u0131 hi\u00e7 unutam\u0131yorum. Orada yerler kand\u0131. Kanlar\u0131n \u00fczerine basarak geziyorduk. \u0130nsanlar sa\u011fa sola ko\u015fu\u015fturuyordu. S\u00fcrekli dua eden insanlar vard\u0131. Vurulup da \u015fehit olan insanlar, yaral\u0131 olan insanlar, o an\u0131 hi\u00e7 unutam\u0131yorum. 15 Temmuz\u2019u gelecek nesillere \u00e7ok g\u00fczel aktarmak laz\u0131m, unutturmamak laz\u0131m\u201d ifadelerini kulland\u0131.<\/p>\n","protected":false},"excerpt":{"rendered":"<p>GAZ\u0130OSMANPA\u015eA BELED\u0130YES\u0130, M\u0130LLET\u0130N VATANINA SAH\u0130P \u00c7IKARAK DESTAN YAZDI\u011eI 15 TEMMUZ D\u0130REN\u0130\u015e\u0130N\u0130N 3&#8217;\u00dcNC\u00dc YIL D\u00d6N\u00dcM\u00dcNDE \u015eEH\u0130T A\u0130LELER\u0130 VE GAZ\u0130LER\u0130 BULU\u015eTURDU. PROGRAMA KATILAN VATANDA\u015eLAR 251 \u015eEH\u0130D\u0130N \u0130SM\u0130N\u0130N YER ALDI\u011eI 15 TEMMUZ \u015eEH\u0130TLER ANITI\u2019NA KARANF\u0130L BIRAKTI.<\/p>\n","protected":false},"author":1,"featured_media":182235,"comment_status":"closed","ping_status":"open","sticky":false,"template":"","format":"standard","meta":{"jetpack_post_was_ever_published":false,"_jetpack_newsletter_access":"","_jetpack_dont_email_post_to_subs":false,"_jetpack_newsletter_tier_id":0,"_jetpack_memberships_contains_paywalled_content":false,"_jetpack_memberships_contains_paid_content":false,"footnotes":"","jetpack_publicize_message":"","jetpack_publicize_feature_enabled":true,"jetpack_social_post_already_shared":true,"jetpack_social_options":{"image_generator_settings":{"template":"highway","default_image_id":0,"font":"","enabled":false},"version":2}},"categories":[1],"tags":[10306,2202,9950,22726,1148,187],"class_list":["post-182234","post","type-post","status-publish","format-standard","has-post-thumbnail","hentry","category-genel","tag-anma","tag-duzenlendi","tag-gaziosmanpasada","tag-sehitlerini","tag-temmuz","tag-toreni"],"jetpack_publicize_connections":[],"jetpack_featured_media_url":"https:\/\/i0.wp.com\/www.tvturk.com\/wp-content\/uploads\/2019\/07\/gaziosmanpasada-15-temmuz-sehitlerini-anma-toreni-duzenlendi_1c54814.jpg?fit=1000%2C666","jetpack_sharing_enabled":true,"jetpack_shortlink":"https:\/\/wp.me\/paKIfm-Lpg","_links":{"self":[{"href":"http:\/\/www.tvturk.com\/index.php\/wp-json\/wp\/v2\/posts\/182234","targetHints":{"allow":["GET"]}}],"collection":[{"href":"http:\/\/www.tvturk.com\/index.php\/wp-json\/wp\/v2\/posts"}],"about":[{"href":"http:\/\/www.tvturk.com\/index.php\/wp-json\/wp\/v2\/types\/post"}],"author":[{"embeddable":true,"href":"http:\/\/www.tvturk.com\/index.php\/wp-json\/wp\/v2\/users\/1"}],"replies":[{"embeddable":true,"href":"http:\/\/www.tvturk.com\/index.php\/wp-json\/wp\/v2\/comments?post=182234"}],"version-history":[{"count":0,"href":"http:\/\/www.tvturk.com\/index.php\/wp-json\/wp\/v2\/posts\/182234\/revisions"}],"wp:featuredmedia":[{"embeddable":true,"href":"http:\/\/www.tvturk.com\/index.php\/wp-json\/wp\/v2\/media\/182235"}],"wp:attachment":[{"href":"http:\/\/www.tvturk.com\/index.php\/wp-json\/wp\/v2\/media?parent=182234"}],"wp:term":[{"taxonomy":"category","embeddable":true,"href":"http:\/\/www.tvturk.com\/index.php\/wp-json\/wp\/v2\/categories?post=182234"},{"taxonomy":"post_tag","embeddable":true,"href":"http:\/\/www.tvturk.com\/index.php\/wp-json\/wp\/v2\/tags?post=182234"}],"curies":[{"name":"wp","href":"https:\/\/api.w.org\/{rel}","templated":true}]}}