{"id":182252,"date":"2019-07-15T14:01:58","date_gmt":"2019-07-15T11:01:58","guid":{"rendered":"http:\/\/www.tvturk.com\/index.php\/duzcede-15-temmuz-etkinligi\/"},"modified":"2019-07-15T14:01:58","modified_gmt":"2019-07-15T11:01:58","slug":"duzcede-15-temmuz-etkinligi","status":"publish","type":"post","link":"http:\/\/www.tvturk.com\/index.php\/duzcede-15-temmuz-etkinligi\/","title":{"rendered":"D\u00fczce\u2019de 15 Temmuz etkinli\u011fi"},"content":{"rendered":"<p>15 Temmuz hain kalk\u0131\u015fman\u0131n 3\u2019\u00fcnc\u00fc y\u0131l d\u00f6n\u00fcm\u00fc dolay\u0131s\u0131yla D\u00fczce\u2019de etkinlik d\u00fczenlendi. \u0130lk t\u00f6ren D\u00fczce \u015fehitli\u011finde yap\u0131ld\u0131. Burada \u015fehitler i\u00e7in dua edildi sonras\u0131nda 15 Temmuz \u015eehidi Emniyet M\u00fcd\u00fcr\u00fc Ufuk Baysan\u2019\u0131n kabri ziyaret edildi.<\/p>\n<p>D\u00fczce\u2019de 15 Temmuz Demokrasi ve Milli Birlik G\u00fcn\u00fc dolay\u0131s\u0131yla \u00e7e\u015fitli etkinlikler d\u00fczenleniyor. D\u00fczce Valili\u011fi taraf\u0131ndan d\u00fczenlenen etkinliklerin ilki D\u00fczce \u015eehitli\u011finde ger\u00e7ekle\u015ftirildi. Yo\u011fun kat\u0131l\u0131m\u0131n oldu\u011fu program sayg\u0131 duru\u015funda bulunulmas\u0131 ve \u0130stiklal Mar\u015f\u0131n\u0131n okunmas\u0131 ile ba\u015flad\u0131 Kur\u2019an-\u0131 Kerim tilaveti ile devam etti. Okunan dualar\u0131n ard\u0131ndan ise \u015fehit kabirleri ziyaret edildi karanfil b\u0131rak\u0131ld\u0131.<\/p>\n<p>15 Temmuz \u015eehidinin kabri ziyaret edildi<\/p>\n<p>FET\u00d6\/PDY \u00fcyeleri taraf\u0131ndan 15 Temmuz darbe kalk\u0131\u015fmas\u0131 s\u0131ras\u0131nda Ankara G\u00f6lba\u015f\u0131\u2019nda bulunan \u00d6zel Harekat Daire Ba\u015fkanl\u0131\u011f\u0131n\u0131n bombalanmas\u0131 sonucu \u015fehit d\u00fc\u015fen 4. S\u0131n\u0131f Emniyet M\u00fcd\u00fcr\u00fc Ufuk Baysan\u2019\u0131n kabrinde Kur\u2019an-\u0131 Kerim okunda dualar edildi. \u015eehit Emniyet M\u00fcd\u00fcr\u00fcn\u00fcn Annesi Hanife Baysal ile Babas\u0131 Ramazan Baysal\u2019\u0131n kat\u0131ld\u0131\u011f\u0131 kabir ziyareti s\u0131ras\u0131nda duygusal anlar ya\u015fand\u0131.<\/p>\n<p>15 Temmuz \u015eehitleri an\u0131s\u0131na fidan dikildi<\/p>\n<p>Beyk\u00f6y Beldesinde bulunan ve 15 Temmuz hain darbe kalk\u0131\u015fmas\u0131 sonras\u0131nda FET\u00d6\/PDY ile ba\u011flant\u0131l\u0131 oldu\u011fu i\u00e7in devlet taraf\u0131ndan el konulan ismi Mehmet Akif \u0130nan Haf\u0131z \u0130mam Hatip Ortaokulu olarak de\u011fi\u015ftirilen okulun bah\u00e7esine 15 Temmuz \u015fehitleri an\u0131s\u0131na \u00f6\u011frencilerin de kat\u0131ld\u0131\u011f\u0131 t\u00f6renle fidan dikildi.<\/p>\n","protected":false},"excerpt":{"rendered":"<p>15 TEMMUZ HA\u0130N KALKI\u015eMANIN 3&#8217;\u00dcNC\u00dc YILD\u00d6N\u00dcM\u00dc DOLAYISIYLA D\u00dcZCE\u2019DE ETK\u0130NL\u0130K D\u00dcZENLEND\u0130. \u0130LK T\u00d6REN D\u00dcZCE \u015eEH\u0130TL\u0130\u011e\u0130NDE YAPILDI. BURADA \u015eEH\u0130TLER \u0130\u00c7\u0130N DUA ED\u0130LD\u0130 SONRASINDA 15 TEMMUZ \u015eEH\u0130D\u0130 EMN\u0130YET M\u00dcD\u00dcR\u00dc UFUK BAYSAN\u2019IN KABR\u0130 Z\u0130YARET ED\u0130LD\u0130.<\/p>\n","protected":false},"author":1,"featured_media":182253,"comment_status":"closed","ping_status":"open","sticky":false,"template":"","format":"standard","meta":{"jetpack_post_was_ever_published":false,"_jetpack_newsletter_access":"","_jetpack_dont_email_post_to_subs":false,"_jetpack_newsletter_tier_id":0,"_jetpack_memberships_contains_paywalled_content":false,"_jetpack_memberships_contains_paid_content":false,"footnotes":"","jetpack_publicize_message":"","jetpack_publicize_feature_enabled":true,"jetpack_social_post_already_shared":true,"jetpack_social_options":{"image_generator_settings":{"template":"highway","default_image_id":0,"font":"","enabled":false},"version":2}},"categories":[1],"tags":[6824,69,1148],"class_list":["post-182252","post","type-post","status-publish","format-standard","has-post-thumbnail","hentry","category-genel","tag-duzcede","tag-etkinligi","tag-temmuz"],"jetpack_publicize_connections":[],"jetpack_featured_media_url":"https:\/\/i0.wp.com\/www.tvturk.com\/wp-content\/uploads\/2019\/07\/duzcede-15-temmuz-etkinligi_4e5d9b4.jpg?fit=1000%2C666","jetpack_sharing_enabled":true,"jetpack_shortlink":"https:\/\/wp.me\/paKIfm-Lpy","_links":{"self":[{"href":"http:\/\/www.tvturk.com\/index.php\/wp-json\/wp\/v2\/posts\/182252","targetHints":{"allow":["GET"]}}],"collection":[{"href":"http:\/\/www.tvturk.com\/index.php\/wp-json\/wp\/v2\/posts"}],"about":[{"href":"http:\/\/www.tvturk.com\/index.php\/wp-json\/wp\/v2\/types\/post"}],"author":[{"embeddable":true,"href":"http:\/\/www.tvturk.com\/index.php\/wp-json\/wp\/v2\/users\/1"}],"replies":[{"embeddable":true,"href":"http:\/\/www.tvturk.com\/index.php\/wp-json\/wp\/v2\/comments?post=182252"}],"version-history":[{"count":0,"href":"http:\/\/www.tvturk.com\/index.php\/wp-json\/wp\/v2\/posts\/182252\/revisions"}],"wp:featuredmedia":[{"embeddable":true,"href":"http:\/\/www.tvturk.com\/index.php\/wp-json\/wp\/v2\/media\/182253"}],"wp:attachment":[{"href":"http:\/\/www.tvturk.com\/index.php\/wp-json\/wp\/v2\/media?parent=182252"}],"wp:term":[{"taxonomy":"category","embeddable":true,"href":"http:\/\/www.tvturk.com\/index.php\/wp-json\/wp\/v2\/categories?post=182252"},{"taxonomy":"post_tag","embeddable":true,"href":"http:\/\/www.tvturk.com\/index.php\/wp-json\/wp\/v2\/tags?post=182252"}],"curies":[{"name":"wp","href":"https:\/\/api.w.org\/{rel}","templated":true}]}}