{"id":182262,"date":"2019-07-15T14:16:48","date_gmt":"2019-07-15T11:16:48","guid":{"rendered":"http:\/\/www.tvturk.com\/index.php\/giresundaki-kazada-hayatini-kaybeden-anne-ve-oglu-son-yolculuguna-ugurlandi\/"},"modified":"2019-07-15T14:16:48","modified_gmt":"2019-07-15T11:16:48","slug":"giresundaki-kazada-hayatini-kaybeden-anne-ve-oglu-son-yolculuguna-ugurlandi","status":"publish","type":"post","link":"http:\/\/www.tvturk.com\/index.php\/giresundaki-kazada-hayatini-kaybeden-anne-ve-oglu-son-yolculuguna-ugurlandi\/","title":{"rendered":"Giresun\u2019daki kazada hayat\u0131n\u0131 kaybeden anne ve o\u011flu son yolculu\u011funa u\u011furland\u0131"},"content":{"rendered":"<p>Giresun\u2019un Espiye il\u00e7esine ba\u011fl\u0131 Ericek k\u00f6y\u00fcnde minib\u00fcs\u00fcn \u015farampole yuvarlanmas\u0131 sonucu hayat\u0131n\u0131 kaybeden anne ve o\u011flu son yolculu\u011funa u\u011furland\u0131.<\/p>\n<p>Espiye il\u00e7esi Ericek k\u00f6y\u00fcn\u00fcn \u00c7ak\u0131l-Karaovac\u0131k Yaylas\u0131 \u00fczerindeki Ye\u015filvadi \u00c7ardakg\u00fcni mevkiinde Mustafa A. y\u00f6netimindeki 28 M 9338 plakal\u0131 minib\u00fcs, d\u00fcn saat 15.00 s\u0131ralar\u0131nda s\u00fcr\u00fcc\u00fcs\u00fcn\u00fcn direksiyon hakimiyetini kaybetmesi sonucu \u015farampole yuvarland\u0131. Kazada hayat\u0131n\u0131 kaybeden T\u00fclay A\u015fkar (45) ve o\u011flu Arda A\u015fkar (13) i\u00e7in Espiye il\u00e7esi Ulucami\u2019nde \u00f6\u011fle namaz\u0131na m\u00fcteakip cenaze namaz\u0131 k\u0131l\u0131nd\u0131. Cenaze namaz\u0131na   Kaymakam vekili Erdo\u011fan Turan Ermi\u015f, Belediye Ba\u015fkan\u0131 Mustafa Karadere, \u0130l\u00e7e M\u00fcft\u00fcs\u00fc Yavuz Ko\u00e7ak, siyasi parti temsilcileri, ailesi ve vatanda\u015flar kat\u0131ld\u0131. Anne ve o\u011flu k\u0131l\u0131nan cenaze namaz\u0131n\u0131n ard\u0131ndan \u00c7\u0131narl\u0131k mezarl\u0131\u011f\u0131nda yan yana topra\u011fa verildi. Ayn\u0131 kazada yaralanan baba Celasin A\u015fkar ve o\u011flu An\u0131l A\u015fkar\u2019\u0131n ise hastanedeki tedavileri s\u00fcr\u00fcyor.<\/p>\n<p>Ayn\u0131 kazada hayat\u0131n\u0131 kaybeden Osman Kurt ise Ericek k\u00f6y\u00fcnde k\u0131l\u0131nan cenaze namaz\u0131n\u0131n ard\u0131ndan aile kabristanl\u0131\u011f\u0131nda topra\u011fa verildi.<\/p>\n<p>Ya\u015fanan kazada hayat\u0131n\u0131 kaybeden di\u011fer 3 ki\u015fiden Osman ve Zekiye Y\u0131ld\u0131z \u00e7iftinin cenazesi yar\u0131n G\u00fcce il\u00e7esi \u0130lit k\u00f6y\u00fcnde topra\u011fa verilece\u011fi \u00f6\u011frenildi. \u00d6te yandan, 3 ay \u00f6nce kaza yapan arac\u0131n s\u00fcr\u00fcc\u00fcs\u00fc Mustafa Ay ile evlenerek il\u00e7eye ba\u011fl\u0131 G\u00fczelyurt k\u00f6y\u00fcne yerle\u015fen Endonezyal\u0131 Rina Stivwati Ay\u2019\u0131n cenazesinin ise Endonezya\u2019daki ailesi ile yap\u0131lacak g\u00f6r\u00fc\u015fmenin ard\u0131ndan nerede topra\u011fa verilece\u011fi netlik kazanaca\u011f\u0131 belirtildi.<\/p>\n","protected":false},"excerpt":{"rendered":"<p>G\u0130RESUN\u2019UN ESP\u0130YE \u0130L\u00c7ES\u0130NE BA\u011eLI ER\u0130CEK K\u00d6Y\u00dcNDE M\u0130N\u0130B\u00dcS\u00dcN \u015eARAMPOLE YUVARLANMASI SONUCU HAYATINI KAYBEDEN 6 K\u0130\u015e\u0130DEN \u00dc\u00c7\u00dc BUG\u00dcN TOPRA\u011eA VER\u0130LD\u0130.<\/p>\n","protected":false},"author":1,"featured_media":182263,"comment_status":"closed","ping_status":"open","sticky":false,"template":"","format":"standard","meta":{"jetpack_post_was_ever_published":false,"_jetpack_newsletter_access":"","_jetpack_dont_email_post_to_subs":false,"_jetpack_newsletter_tier_id":0,"_jetpack_memberships_contains_paywalled_content":false,"_jetpack_memberships_contains_paid_content":false,"footnotes":"","jetpack_publicize_message":"","jetpack_publicize_feature_enabled":true,"jetpack_social_post_already_shared":true,"jetpack_social_options":{"image_generator_settings":{"template":"highway","default_image_id":0,"font":"","enabled":false},"version":2}},"categories":[1],"tags":[5582,45007,848,1211,1210,6650,1240,2516,2515],"class_list":["post-182262","post","type-post","status-publish","format-standard","has-post-thumbnail","hentry","category-genel","tag-anne","tag-giresundaki","tag-hayatini","tag-kaybeden","tag-kazada","tag-oglu","tag-son","tag-ugurlandi","tag-yolculuguna"],"jetpack_publicize_connections":[],"jetpack_featured_media_url":"https:\/\/i0.wp.com\/www.tvturk.com\/wp-content\/uploads\/2019\/07\/giresundaki-kazada-hayatini-kaybeden-anne-ve-oglu-son-yolculuguna-ugurlandi_6bd6d8e.jpg?fit=1000%2C667","jetpack_sharing_enabled":true,"jetpack_shortlink":"https:\/\/wp.me\/paKIfm-LpI","_links":{"self":[{"href":"http:\/\/www.tvturk.com\/index.php\/wp-json\/wp\/v2\/posts\/182262","targetHints":{"allow":["GET"]}}],"collection":[{"href":"http:\/\/www.tvturk.com\/index.php\/wp-json\/wp\/v2\/posts"}],"about":[{"href":"http:\/\/www.tvturk.com\/index.php\/wp-json\/wp\/v2\/types\/post"}],"author":[{"embeddable":true,"href":"http:\/\/www.tvturk.com\/index.php\/wp-json\/wp\/v2\/users\/1"}],"replies":[{"embeddable":true,"href":"http:\/\/www.tvturk.com\/index.php\/wp-json\/wp\/v2\/comments?post=182262"}],"version-history":[{"count":0,"href":"http:\/\/www.tvturk.com\/index.php\/wp-json\/wp\/v2\/posts\/182262\/revisions"}],"wp:featuredmedia":[{"embeddable":true,"href":"http:\/\/www.tvturk.com\/index.php\/wp-json\/wp\/v2\/media\/182263"}],"wp:attachment":[{"href":"http:\/\/www.tvturk.com\/index.php\/wp-json\/wp\/v2\/media?parent=182262"}],"wp:term":[{"taxonomy":"category","embeddable":true,"href":"http:\/\/www.tvturk.com\/index.php\/wp-json\/wp\/v2\/categories?post=182262"},{"taxonomy":"post_tag","embeddable":true,"href":"http:\/\/www.tvturk.com\/index.php\/wp-json\/wp\/v2\/tags?post=182262"}],"curies":[{"name":"wp","href":"https:\/\/api.w.org\/{rel}","templated":true}]}}