{"id":182266,"date":"2019-07-15T14:17:06","date_gmt":"2019-07-15T11:17:06","guid":{"rendered":"http:\/\/www.tvturk.com\/index.php\/trabzonspor-kuvvet-depoladi-2\/"},"modified":"2019-07-15T14:17:06","modified_gmt":"2019-07-15T11:17:06","slug":"trabzonspor-kuvvet-depoladi-2","status":"publish","type":"post","link":"http:\/\/www.tvturk.com\/index.php\/trabzonspor-kuvvet-depoladi-2\/","title":{"rendered":"Trabzonspor kuvvet depolad\u0131"},"content":{"rendered":"<p>Trabzonspor, yeni sezon haz\u0131rl\u0131klar\u0131 kapsam\u0131nda kuvvet ve dayan\u0131kl\u0131l\u0131k \u00e7al\u0131\u015fmas\u0131 yapt\u0131.<\/p>\n<p>Mehmet Ali Y\u0131lmaz Tesislerinde, Teknik Direkt\u00f6r \u00dcnal Karaman, y\u00f6netiminde yeni sezon haz\u0131rl\u0131klar\u0131n\u0131 s\u00fcrd\u00fcren bordo-mavililer kuvvet ve dayan\u0131kl\u0131l\u0131k \u00e7al\u0131\u015fmas\u0131 ger\u00e7ekle\u015ftirdi. Bas\u0131na ve taraftara kapal\u0131 olarak ger\u00e7ekle\u015ftirilen antrenmanda Onazi ve Hosseini tak\u0131mdan ayr\u0131 olarak bireysel \u00e7al\u0131\u015fma ger\u00e7ekle\u015ftirdi.<\/p>\n<p>Bordo-mavililer yeni sezon haz\u0131rl\u0131klar\u0131n\u0131 bug\u00fcn saat 18:00\u2019de yapaca\u011f\u0131 antrenmanla s\u00fcrd\u00fcrecek.<\/p>\n","protected":false},"excerpt":{"rendered":"<p>TRABZONSPOR, YEN\u0130 SEZON HAZIRLIKLARINI S\u00dcRD\u00dcRD\u00dc<\/p>\n","protected":false},"author":1,"featured_media":182267,"comment_status":"closed","ping_status":"open","sticky":false,"template":"","format":"standard","meta":{"jetpack_post_was_ever_published":false,"_jetpack_newsletter_access":"","_jetpack_dont_email_post_to_subs":false,"_jetpack_newsletter_tier_id":0,"_jetpack_memberships_contains_paywalled_content":false,"_jetpack_memberships_contains_paid_content":false,"footnotes":"","jetpack_publicize_message":"","jetpack_publicize_feature_enabled":true,"jetpack_social_post_already_shared":true,"jetpack_social_options":{"image_generator_settings":{"template":"highway","default_image_id":0,"font":"","enabled":false},"version":2}},"categories":[657],"tags":[2473,10539,916],"class_list":["post-182266","post","type-post","status-publish","format-standard","has-post-thumbnail","hentry","category-spor","tag-depoladi","tag-kuvvet","tag-trabzonspor"],"jetpack_publicize_connections":[],"jetpack_featured_media_url":"https:\/\/i0.wp.com\/www.tvturk.com\/wp-content\/uploads\/2019\/07\/trabzonspor-kuvvet-depoladi_9e5f8b3.jpg?fit=1000%2C696","jetpack_sharing_enabled":true,"jetpack_shortlink":"https:\/\/wp.me\/paKIfm-LpM","_links":{"self":[{"href":"http:\/\/www.tvturk.com\/index.php\/wp-json\/wp\/v2\/posts\/182266","targetHints":{"allow":["GET"]}}],"collection":[{"href":"http:\/\/www.tvturk.com\/index.php\/wp-json\/wp\/v2\/posts"}],"about":[{"href":"http:\/\/www.tvturk.com\/index.php\/wp-json\/wp\/v2\/types\/post"}],"author":[{"embeddable":true,"href":"http:\/\/www.tvturk.com\/index.php\/wp-json\/wp\/v2\/users\/1"}],"replies":[{"embeddable":true,"href":"http:\/\/www.tvturk.com\/index.php\/wp-json\/wp\/v2\/comments?post=182266"}],"version-history":[{"count":0,"href":"http:\/\/www.tvturk.com\/index.php\/wp-json\/wp\/v2\/posts\/182266\/revisions"}],"wp:featuredmedia":[{"embeddable":true,"href":"http:\/\/www.tvturk.com\/index.php\/wp-json\/wp\/v2\/media\/182267"}],"wp:attachment":[{"href":"http:\/\/www.tvturk.com\/index.php\/wp-json\/wp\/v2\/media?parent=182266"}],"wp:term":[{"taxonomy":"category","embeddable":true,"href":"http:\/\/www.tvturk.com\/index.php\/wp-json\/wp\/v2\/categories?post=182266"},{"taxonomy":"post_tag","embeddable":true,"href":"http:\/\/www.tvturk.com\/index.php\/wp-json\/wp\/v2\/tags?post=182266"}],"curies":[{"name":"wp","href":"https:\/\/api.w.org\/{rel}","templated":true}]}}