{"id":182268,"date":"2019-07-15T14:31:45","date_gmt":"2019-07-15T11:31:45","guid":{"rendered":"http:\/\/www.tvturk.com\/index.php\/cumhurbaskani-basdanismani-yalcin-topcu-ozbeksitanda\/"},"modified":"2019-07-15T14:31:45","modified_gmt":"2019-07-15T11:31:45","slug":"cumhurbaskani-basdanismani-yalcin-topcu-ozbeksitanda","status":"publish","type":"post","link":"http:\/\/www.tvturk.com\/index.php\/cumhurbaskani-basdanismani-yalcin-topcu-ozbeksitanda\/","title":{"rendered":"Cumhurba\u015fkan\u0131 Ba\u015fdan\u0131\u015fman\u0131 Yal\u00e7\u0131n Top\u00e7u, \u00d6zbeksitan\u2019da"},"content":{"rendered":"<p>Cumhurba\u015fkan\u0131 Ba\u015fdan\u0131\u015fman\u0131 Yal\u00e7\u0131n Top\u00e7u 15 Temmuz darbe giri\u015fiminin y\u0131ld\u00f6n\u00fcm\u00fcnde \u00d6zbekistan\u2019\u0131n ba\u015fkenti Ta\u015fkent\u2019te d\u00fczenlenecek etkinlikler \u00e7er\u00e7evesinde B\u00fcy\u00fckel\u00e7i Mehmet S\u00fcreyya Er\u2019in daveti \u00fczerine \u00d6zbekistan\u2019a gitti.<\/p>\n<p>\u00d6zbekistan kurucu Cumhurba\u015fkan\u0131 merhum \u0130slam Kerimov an\u0131s\u0131na kurulan \u0130slam Kerimov An\u0131t M\u00fczesi\u2019ni ziyaret eden Top\u00e7u \u0130slam Kerimov an\u0131t\u0131na da  \u00e7elenk b\u0131rakt\u0131. Cumhurba\u015fkan\u0131 Ba\u015fdan\u0131\u015fman\u0131 Top\u00e7u\u2019ya \u00d6zbekistan \u0130slam Kerimov M\u00fczeler M\u00fcd\u00fcr\u00fc ve K\u00fclt\u00fcr Eski Bakan\u0131 Tursunali Kuziev, T\u00fcrkiye Cumhuriyeti Cumhurba\u015fkanl\u0131\u011f\u0131 G\u00fcvenlik ve D\u0131\u015f Politikalar Kurulu \u00dcyesi Mehmet Akif Kire\u00e7\u00e7i ve T\u00fcrkiye \u00d6zbekistan B\u00fcy\u00fckel\u00e7isi Mehmet S\u00fcreyya Er e\u015flik etti.<\/p>\n<p>\u201c\u00d6z karde\u015flerimiz d\u00fcnya d\u00f6nd\u00fck\u00e7e h\u00fcr, m\u00fcstakil ve refah i\u00e7inde olsunlar\u201d<\/p>\n<p>\u00d6zbekistan kurucu Cumhurba\u015fkan\u0131 \u0130slam Kerimov\u2019u rahmetle anan Top\u00e7u \u201cAta yurdumuz \u00d6zbekistan\u2019\u0131n kurucu Cumhurba\u015fkan\u0131 merhum \u0130slam Kerimov\u2019un k\u00fclliyesinde bulunmaktan, T\u00fcrk d\u00fcnyas\u0131n\u0131n k\u0131ymetli devlet adam\u0131n\u0131n ya\u015fam \u00f6yk\u00fcs\u00fcn\u00fc anlatan hat\u0131ralar\u0131n\u0131 g\u00f6rmekten bahtiyar oldum. Emir Timur Han\u2019\u0131n evlatlar\u0131, \u0130slam Kerimov\u2019un karde\u015fleri T\u00fcrklerin ata yurdu \u00d6zbekistan ve \u00f6z karde\u015flerimiz \u00d6zbekler d\u00fcnya d\u00f6nd\u00fck\u00e7e h\u00fcr, m\u00fcstakil, ve refah i\u00e7inde olsunlar\u201d dedi.<\/p>\n<p>T\u00fcrkiye-\u00d6zbekistan ili\u015fkilerine de\u011finen Cumhurba\u015fkan\u0131 Ba\u015fdan\u0131\u015fman\u0131 Top\u00e7u \u201cHer iki karde\u015f \u00fclkenin Cumhurba\u015fkanlar\u0131 Say\u0131n Mirziyoyev ve Say\u0131n Erdo\u011fan\u2019\u0131n de\u011ferli katk\u0131lar\u0131 ile iki \u00fclke ili\u015fkileri en \u00fcst seviyede ilerlemektedir. T\u00fcrkiye-\u00d6zbekistan aras\u0131ndaki iyi ili\u015fkiler hem iki \u00fclkenin hem de b\u00f6lge \u00fclkelerinin \u00e7\u0131karlar\u0131na b\u00fcy\u00fck katk\u0131s\u0131 olacakt\u0131r\u201d de\u011ferlendirmesinde bulundu.<\/p>\n<p>Ziyaret sonras\u0131 \u0130slam Kerimov\u2019un e\u015fi Tatyana Kerimova\u2019n\u0131n kendi el yaz\u0131s\u0131 ve imzas\u0131n\u0131n bulundu\u011fu \u0130slam Kerimov M\u00fczesi\u2019ni anlatan kitap, Cumhurba\u015fkan\u0131 Recep Tayyip Erdo\u011fan\u2019a iletilmek \u00fczere m\u00fcze m\u00fcd\u00fcr\u00fc ve \u00d6zbekistan K\u00fclt\u00fcr eski Bakan\u0131 Tursunali Kuziev taraf\u0131ndan Yal\u00e7\u0131n Top\u00e7u\u2019ya takdim edildi.<\/p>\n","protected":false},"excerpt":{"rendered":"<p>CUMHURBA\u015eKANI BA\u015eDANI\u015eMANI YAL\u00c7IN TOP\u00c7U, B\u00dcY\u00dcKEL\u00c7\u0130 MEHMET S\u00dcREYYA ER\u2019\u0130N DAVET\u0130 \u00dcZER\u0130NE \u00d6ZBEK\u0130STAN\u2019A GELD\u0130<\/p>\n","protected":false},"author":1,"featured_media":182269,"comment_status":"closed","ping_status":"open","sticky":false,"template":"","format":"standard","meta":{"jetpack_post_was_ever_published":false,"_jetpack_newsletter_access":"","_jetpack_dont_email_post_to_subs":false,"_jetpack_newsletter_tier_id":0,"_jetpack_memberships_contains_paywalled_content":false,"_jetpack_memberships_contains_paid_content":false,"footnotes":"","jetpack_publicize_message":"","jetpack_publicize_feature_enabled":true,"jetpack_social_post_already_shared":true,"jetpack_social_options":{"image_generator_settings":{"template":"highway","default_image_id":0,"font":"","enabled":false},"version":2}},"categories":[1],"tags":[13536,503,45008,13537,4888],"class_list":["post-182268","post","type-post","status-publish","format-standard","has-post-thumbnail","hentry","category-genel","tag-basdanismani","tag-cumhurbaskani","tag-ozbeksitanda","tag-topcu","tag-yalcin"],"jetpack_publicize_connections":[],"jetpack_featured_media_url":"https:\/\/i0.wp.com\/www.tvturk.com\/wp-content\/uploads\/2019\/07\/cumhurbaskani-basdanismani-yalcin-topcu-ozbeksitanda_5ff09dd.jpg?fit=1000%2C841","jetpack_sharing_enabled":true,"jetpack_shortlink":"https:\/\/wp.me\/paKIfm-LpO","_links":{"self":[{"href":"http:\/\/www.tvturk.com\/index.php\/wp-json\/wp\/v2\/posts\/182268","targetHints":{"allow":["GET"]}}],"collection":[{"href":"http:\/\/www.tvturk.com\/index.php\/wp-json\/wp\/v2\/posts"}],"about":[{"href":"http:\/\/www.tvturk.com\/index.php\/wp-json\/wp\/v2\/types\/post"}],"author":[{"embeddable":true,"href":"http:\/\/www.tvturk.com\/index.php\/wp-json\/wp\/v2\/users\/1"}],"replies":[{"embeddable":true,"href":"http:\/\/www.tvturk.com\/index.php\/wp-json\/wp\/v2\/comments?post=182268"}],"version-history":[{"count":0,"href":"http:\/\/www.tvturk.com\/index.php\/wp-json\/wp\/v2\/posts\/182268\/revisions"}],"wp:featuredmedia":[{"embeddable":true,"href":"http:\/\/www.tvturk.com\/index.php\/wp-json\/wp\/v2\/media\/182269"}],"wp:attachment":[{"href":"http:\/\/www.tvturk.com\/index.php\/wp-json\/wp\/v2\/media?parent=182268"}],"wp:term":[{"taxonomy":"category","embeddable":true,"href":"http:\/\/www.tvturk.com\/index.php\/wp-json\/wp\/v2\/categories?post=182268"},{"taxonomy":"post_tag","embeddable":true,"href":"http:\/\/www.tvturk.com\/index.php\/wp-json\/wp\/v2\/tags?post=182268"}],"curies":[{"name":"wp","href":"https:\/\/api.w.org\/{rel}","templated":true}]}}