{"id":182276,"date":"2019-07-15T14:46:35","date_gmt":"2019-07-15T11:46:35","guid":{"rendered":"http:\/\/www.tvturk.com\/index.php\/afyonkarahisarda-15-temmuz-etkinlikleri\/"},"modified":"2019-07-15T14:46:35","modified_gmt":"2019-07-15T11:46:35","slug":"afyonkarahisarda-15-temmuz-etkinlikleri","status":"publish","type":"post","link":"http:\/\/www.tvturk.com\/index.php\/afyonkarahisarda-15-temmuz-etkinlikleri\/","title":{"rendered":"Afyonkarahisar\u2019da 15 Temmuz etkinlikleri"},"content":{"rendered":"<p>15 Temmuz Demokrasi ve Milli Birlik g\u00fcn\u00fc kapsam\u0131nda Afyonkarahisar il K\u00fclt\u00fcr ve Turizm M\u00fcd\u00fcrl\u00fc\u011f\u00fc taraf\u0131ndan Esma-ul H\u00fcsna modernize hat sergisi a\u00e7\u0131ld\u0131.<\/p>\n<p>15 Temmuz Demokrasi ve Milli Birlik g\u00fcn\u00fc etkinlikleri kapsam\u0131nda ilk t\u00f6ren hava ve polis \u015fehitli\u011fine ziyaretle ba\u015flad\u0131. Sayg\u0131 duru\u015fu ve istiklal mar\u015f\u0131n\u0131n okunmas\u0131yla ba\u015flayan anma etkinli\u011fi Kur-an\u0131 kerim tilavetiyle devam etti. Vali Mustafa Tutulmaz\u2019\u0131n da kat\u0131ld\u0131\u011f\u0131 etkinlikte \u015fehit mezarl\u0131klar\u0131 ziyaret edilerek, karanfil b\u0131rak\u0131ld\u0131.<\/p>\n<p>Anma etkinlikleri Ta\u015f Medrese\u2019de devam etti. Ya\u015far Yap\u0131c\u0131 Nalc\u0131 taraf\u0131ndan 7 y\u0131lda modernize hat sanat\u0131yla haz\u0131rlanan Allah\u2019\u0131n 99 ismi Esma-\u00fcl H\u00fcsna tablolar\u0131 be\u011feniye sunuldu. Ta\u015f Medresede a\u00e7\u0131l\u0131\u015f ger\u00e7ekle\u015ftirilen sergiye Vali Mustafa Tutulmaz\u2019\u0131n yan\u0131 s\u0131ra Belediye Ba\u015fkan\u0131 Mehmet Zeybek, Afyon Kocatepe \u00dcniversitesi (AK\u00dc) Rekt\u00f6r\u00fc Prof. Dr. Mehmet Karaka\u015f, \u0130l Genel Meclisi Ba\u015fkan\u0131 Burhanettin \u00c7oban, il m\u00fcd\u00fcrler, STK temsilcileri ve vatanda\u015flar kat\u0131ld\u0131.<\/p>\n<p>\u0130l K\u00fclt\u00fcr ve Turizm M\u00fcd\u00fcr\u00fc Mehmet Tan\u0131r yapt\u0131\u011f\u0131 a\u00e7\u0131klama da, \u015fehitleri anmak amac\u0131yla b\u00f6yle bir sergi a\u00e7t\u0131klar\u0131n\u0131 belirtti. Tan\u0131r \u015f\u00f6yle devam etti:<\/p>\n<p>\u201c15 Temmuz\u2019da 248 \u015fehit 2 bin 196 yaral\u0131 ve gazisiyle bu millet ya\u015fanm\u0131\u015f olan bu sald\u0131r\u0131da dimdik ayakta durmu\u015f ve bu milli m\u00fccadeleyi zaferle sonu\u00e7land\u0131rm\u0131\u015ft\u0131r. Sanat, duyu\u015f, hissedi\u015f ve tasavvuru bir yap\u0131ta d\u00f6n\u00fc\u015ft\u00fcrmektir. \u0130\u015fte bir taraftan \u015fehitlerimizi anmak amac\u0131yla bir taraftan da sanat\u0131 ve sanatkar\u0131 \u00f6ne \u00e7\u0131kartmak amac\u0131yla bu sergiyi d\u00fczenledik. Sergide Allah\u2019\u0131n 99 ismi ve 4 eser yer al\u0131yor. \u00c7ocuklar\u0131m\u0131z\u0131 ve gen\u00e7lerimizi kendi tarihimizle bulu\u015fturabilmemiz ad\u0131na sanat eserleri bizlere g\u00fczel f\u0131rsatlar sunuyor. Sanatla onlar\u0131n d\u00fcnyalar\u0131na girebilece\u011fimizi d\u00fc\u015f\u00fcn\u00fcyoruz\u201d.<\/p>\n<p>M\u00fcd\u00fcr Tan\u0131r\u2019\u0131n konu\u015fmas\u0131n\u0131n ard\u0131ndan serginin a\u00e7\u0131l\u0131\u015f\u0131 ger\u00e7ekle\u015ftirildi. Vali Mustafa Tutulmaz ise, bug\u00fcn\u00fc \u00f6nemli bir g\u00fcn olarak kabul ettiklerini belirterek, \u201cMilli birlik ve demokrasi g\u00fcn\u00fcm\u00fcz\u00fc hem \u015fehitlerimizi anma hem de bug\u00fcn\u00fc de\u011ferlendirme gelece\u011fe bak\u0131\u015f a\u00e7\u0131s\u0131ndan yap\u0131land\u0131rma ad\u0131na \u00f6nemli bir g\u00fcn olarak kabul ediyoruz. Bug\u00fcn\u00fc de\u011fi\u015fik etikliklerle kutluyoruz, \u015fehitlerimizi an\u0131yoruz\u201d dedi.<\/p>\n<p>Konu\u015fmalar\u0131n ard\u0131ndan serginin a\u00e7\u0131l\u0131\u015f\u0131 ger\u00e7ekle\u015ftirildi. Sergiyi gezen protokol \u00fcyeleri Ya\u015far Yap\u0131c\u0131 Nalc\u0131\u2019dan eserler hakk\u0131nda bilgi ald\u0131.<\/p>\n","protected":false},"excerpt":{"rendered":"<p>15 TEMMUZ DEMOKRAS\u0130 VE M\u0130LL\u0130 B\u0130RL\u0130K G\u00dcN\u00dc KAPSAMINDA AFYONKARAH\u0130SAR \u0130L K\u00dcLT\u00dcR VE TUR\u0130ZM M\u00dcD\u00dcRL\u00dc\u011e\u00dc TARAFINDAN ESMA-UL H\u00dcSNA MODERN\u0130ZE HAT SERG\u0130S\u0130 A\u00c7ILDI.<\/p>\n","protected":false},"author":1,"featured_media":182277,"comment_status":"closed","ping_status":"open","sticky":false,"template":"","format":"standard","meta":{"jetpack_post_was_ever_published":false,"_jetpack_newsletter_access":"","_jetpack_dont_email_post_to_subs":false,"_jetpack_newsletter_tier_id":0,"_jetpack_memberships_contains_paywalled_content":false,"_jetpack_memberships_contains_paid_content":false,"footnotes":"","jetpack_publicize_message":"","jetpack_publicize_feature_enabled":true,"jetpack_social_post_already_shared":true,"jetpack_social_options":{"image_generator_settings":{"template":"highway","default_image_id":0,"font":"","enabled":false},"version":2}},"categories":[1],"tags":[894,2129,1148],"class_list":["post-182276","post","type-post","status-publish","format-standard","has-post-thumbnail","hentry","category-genel","tag-afyonkarahisarda","tag-etkinlikleri","tag-temmuz"],"jetpack_publicize_connections":[],"jetpack_featured_media_url":"https:\/\/i0.wp.com\/www.tvturk.com\/wp-content\/uploads\/2019\/07\/afyonkarahisarda-15-temmuz-etkinlikleri_f4db68f.jpg?fit=1000%2C664","jetpack_sharing_enabled":true,"jetpack_shortlink":"https:\/\/wp.me\/paKIfm-LpW","_links":{"self":[{"href":"http:\/\/www.tvturk.com\/index.php\/wp-json\/wp\/v2\/posts\/182276","targetHints":{"allow":["GET"]}}],"collection":[{"href":"http:\/\/www.tvturk.com\/index.php\/wp-json\/wp\/v2\/posts"}],"about":[{"href":"http:\/\/www.tvturk.com\/index.php\/wp-json\/wp\/v2\/types\/post"}],"author":[{"embeddable":true,"href":"http:\/\/www.tvturk.com\/index.php\/wp-json\/wp\/v2\/users\/1"}],"replies":[{"embeddable":true,"href":"http:\/\/www.tvturk.com\/index.php\/wp-json\/wp\/v2\/comments?post=182276"}],"version-history":[{"count":0,"href":"http:\/\/www.tvturk.com\/index.php\/wp-json\/wp\/v2\/posts\/182276\/revisions"}],"wp:featuredmedia":[{"embeddable":true,"href":"http:\/\/www.tvturk.com\/index.php\/wp-json\/wp\/v2\/media\/182277"}],"wp:attachment":[{"href":"http:\/\/www.tvturk.com\/index.php\/wp-json\/wp\/v2\/media?parent=182276"}],"wp:term":[{"taxonomy":"category","embeddable":true,"href":"http:\/\/www.tvturk.com\/index.php\/wp-json\/wp\/v2\/categories?post=182276"},{"taxonomy":"post_tag","embeddable":true,"href":"http:\/\/www.tvturk.com\/index.php\/wp-json\/wp\/v2\/tags?post=182276"}],"curies":[{"name":"wp","href":"https:\/\/api.w.org\/{rel}","templated":true}]}}