{"id":182304,"date":"2019-07-15T15:16:59","date_gmt":"2019-07-15T12:16:59","guid":{"rendered":"http:\/\/www.tvturk.com\/index.php\/besiktasin-mac-programi-belli-oldu\/"},"modified":"2019-07-15T15:16:59","modified_gmt":"2019-07-15T12:16:59","slug":"besiktasin-mac-programi-belli-oldu","status":"publish","type":"post","link":"http:\/\/www.tvturk.com\/index.php\/besiktasin-mac-programi-belli-oldu\/","title":{"rendered":"Be\u015fikta\u015f\u2019\u0131n ma\u00e7 program\u0131 belli oldu"},"content":{"rendered":"<p>Yeni sezon haz\u0131rl\u0131klar\u0131na Riva\u2019da devam eden Be\u015fikta\u015f\u2019\u0131n \u0130stanbul\u2019da oynayaca\u011f\u0131 haz\u0131rl\u0131k ma\u00e7lar\u0131 da belli oldu. Siyah-beyazl\u0131lar; Pendikspor, Kocaelispor ve Panathinaikos\u2019la kar\u015f\u0131 kar\u015f\u0131ya gelecek.<\/p>\n<p>Yeni sezon haz\u0131rl\u0131klar\u0131na 8 Temmuz\u2019da Riva Hasan Do\u011fan Milli Tak\u0131mlar Kamp ve E\u011fitim Merkezi\u2019nde ba\u015flayan ve o tarihten bu yana haz\u0131rl\u0131klar\u0131na burada devam eden Be\u015fikta\u015f\u2019\u0131n haz\u0131rl\u0131k ma\u00e7\u0131 program\u0131 da belli oldu. 23 Temmuz\u2019a kadar Riva\u2019da haz\u0131rl\u0131klar\u0131n\u0131 s\u00fcrd\u00fcrecek olan, 24 Temmuz-4 A\u011fustos tarihleri aras\u0131nda da Avusturya\u2019da kamp yapacak olan Be\u015fikta\u015f, ilk haz\u0131rl\u0131k ma\u00e7\u0131n\u0131 17 Temmuz \u00c7ar\u015famba g\u00fcn\u00fc saat 18.30\u2019da Pendikspor ile Riva\u2019da oynayacak. Siyah-beyazl\u0131lar\u0131n ikinci kar\u015f\u0131la\u015fmas\u0131 da Riva\u2019da olacak. 21 Temmuz Pazar g\u00fcn\u00fc saat 18.30\u2019da Kocaelispor\u2019la oynayacak olan Be\u015fikta\u015f, 23 Temmuz\u2019da ilk etap \u00e7al\u0131\u015fmalar\u0131n\u0131 tamamlayacak. Avusturya\u2019da yapaca\u011f\u0131 ma\u00e7lar\u0131n programlar\u0131 a\u00e7\u0131klanmayan siyah-beyazl\u0131lar, \u0130stanbul\u2019a d\u00f6nd\u00fckten sonra da Yunanistan ekibi Panathinaikos\u2019la kar\u015f\u0131 kar\u015f\u0131ya gelecek. Be\u015fikta\u015f, Panathinaikos\u2019la 10 A\u011fustos Cumartesi saat 20.00\u2019de Atat\u00fcrk Olimpiyat Stad\u0131\u2019nda kar\u015f\u0131la\u015facak. 14 A\u011fustos\u2019ta Chelsea ile Liverpool aras\u0131nda Vodafone Park\u2019ta oynanacak olan UEFA S\u00fcper Kupa Finali nedeniyle Panathinaikos kar\u015f\u0131la\u015fmas\u0131 Olimpiyat Stad\u0131\u2019nda oynanacak.<\/p>\n","protected":false},"excerpt":{"rendered":"<p>YEN\u0130 SEZON HAZIRLIKLARINA R\u0130VA&#8217;DA DEVAM EDEN BE\u015e\u0130KTA\u015e&#8217;IN \u0130STANBUL&#8217;DA OYNAYACA\u011eI HAZIRLIK MA\u00c7LARI DA BELL\u0130 OLDU. S\u0130YAH-BEYAZLILAR; PEND\u0130KSPOR, KOCAEL\u0130SPOR VE PANATH\u0130NA\u0130KOS&#8217;LA KAR\u015eI KAR\u015eIYA GELECEK.<\/p>\n","protected":false},"author":1,"featured_media":182305,"comment_status":"closed","ping_status":"open","sticky":false,"template":"","format":"standard","meta":{"jetpack_post_was_ever_published":false,"_jetpack_newsletter_access":"","_jetpack_dont_email_post_to_subs":false,"_jetpack_newsletter_tier_id":0,"_jetpack_memberships_contains_paywalled_content":false,"_jetpack_memberships_contains_paid_content":false,"footnotes":"","jetpack_publicize_message":"","jetpack_publicize_feature_enabled":true,"jetpack_social_post_already_shared":true,"jetpack_social_options":{"image_generator_settings":{"template":"highway","default_image_id":0,"font":"","enabled":false},"version":2}},"categories":[657],"tags":[944,612,25298,77,1999],"class_list":["post-182304","post","type-post","status-publish","format-standard","has-post-thumbnail","hentry","category-spor","tag-mac","tag-belli","tag-besiktasin","tag-oldu","tag-programi"],"jetpack_publicize_connections":[],"jetpack_featured_media_url":"https:\/\/i0.wp.com\/www.tvturk.com\/wp-content\/uploads\/2019\/07\/besiktasin-mac-programi-belli-oldu_b2a746e.jpg?fit=1000%2C670","jetpack_sharing_enabled":true,"jetpack_shortlink":"https:\/\/wp.me\/paKIfm-Lqo","_links":{"self":[{"href":"http:\/\/www.tvturk.com\/index.php\/wp-json\/wp\/v2\/posts\/182304","targetHints":{"allow":["GET"]}}],"collection":[{"href":"http:\/\/www.tvturk.com\/index.php\/wp-json\/wp\/v2\/posts"}],"about":[{"href":"http:\/\/www.tvturk.com\/index.php\/wp-json\/wp\/v2\/types\/post"}],"author":[{"embeddable":true,"href":"http:\/\/www.tvturk.com\/index.php\/wp-json\/wp\/v2\/users\/1"}],"replies":[{"embeddable":true,"href":"http:\/\/www.tvturk.com\/index.php\/wp-json\/wp\/v2\/comments?post=182304"}],"version-history":[{"count":0,"href":"http:\/\/www.tvturk.com\/index.php\/wp-json\/wp\/v2\/posts\/182304\/revisions"}],"wp:featuredmedia":[{"embeddable":true,"href":"http:\/\/www.tvturk.com\/index.php\/wp-json\/wp\/v2\/media\/182305"}],"wp:attachment":[{"href":"http:\/\/www.tvturk.com\/index.php\/wp-json\/wp\/v2\/media?parent=182304"}],"wp:term":[{"taxonomy":"category","embeddable":true,"href":"http:\/\/www.tvturk.com\/index.php\/wp-json\/wp\/v2\/categories?post=182304"},{"taxonomy":"post_tag","embeddable":true,"href":"http:\/\/www.tvturk.com\/index.php\/wp-json\/wp\/v2\/tags?post=182304"}],"curies":[{"name":"wp","href":"https:\/\/api.w.org\/{rel}","templated":true}]}}