{"id":182326,"date":"2019-07-15T16:16:34","date_gmt":"2019-07-15T13:16:34","guid":{"rendered":"http:\/\/www.tvturk.com\/index.php\/mardinde-15-temmuz-etkinlikleri\/"},"modified":"2019-07-15T16:16:34","modified_gmt":"2019-07-15T13:16:34","slug":"mardinde-15-temmuz-etkinlikleri","status":"publish","type":"post","link":"http:\/\/www.tvturk.com\/index.php\/mardinde-15-temmuz-etkinlikleri\/","title":{"rendered":"Mardin\u2019de 15 Temmuz etkinlikleri"},"content":{"rendered":"<p>15 Temmuz Demokrasi ve Milli Birlik G\u00fcn\u00fc dolay\u0131s\u0131yla Mardin Garnizon \u015eehitli\u011fi\u2019nde t\u00f6ren d\u00fczenlendi.<\/p>\n<p>Mardin\u2019de 15 Temmuz Demokrasi ve Milli Birlik G\u00fcn\u00fc dolay\u0131s\u0131 ile Mardin Valili\u011fi taraf\u0131ndan d\u00fczenlenen etkinlikler Mardin Garnizon \u015eehitli\u011fi\u2019nde d\u00fczenlenen t\u00f6renle ba\u015flad\u0131. \u015eehitlikte d\u00fczenlenen t\u00f6ren sayg\u0131 duru\u015fu ve \u0130stiklal Mar\u015f\u0131 okunarak ba\u015fland\u0131. T\u00f6rende Kur\u2019an-\u0131 Kerim tilavetinin ard\u0131ndan \u0130l M\u00fcft\u00fcs\u00fc \u0130smail \u00c7i\u00e7ek taraf\u0131ndan \u015fehitler i\u00e7in dua edildi.<\/p>\n<p>\u015eehit mezarlar\u0131na karanfil b\u0131rakan Vali Yaman ve protokol \u00fcyeleri ard\u0131ndan \u015eakir Nuho\u011flu Camii\u2019nde d\u00fczenlenen mevlit program\u0131na kat\u0131ld\u0131. \u015eehitlerin an\u0131ld\u0131\u011f\u0131 programda \u00fclkenin birlik ve b\u00fct\u00fcnl\u00fc\u011f\u00fc i\u00e7in dualar edildi.<\/p>\n<p>T\u00f6rene, Mardin Valisi Mustafa Yaman, 70. Mekanize Piyade Tugay Komutan\u0131 Tu\u011fgeneral Fedai \u00dcnsal, Mardin Cumhuriyet Ba\u015fsavc\u0131s\u0131 Ahmet Bekta\u015f, \u0130l Jandarma Komutan\u0131 Tu\u011fgeneral Yusuf Kenan Top\u00e7u, \u0130l Emniyet M\u00fcd\u00fcr\u00fc Hasan Onar, Artuklu Belediye Ba\u015fkan\u0131 Abdulkadir Tuta\u015f\u0131, AK Parti \u0130l Ba\u015fkan\u0131 Faruk K\u0131l\u0131\u00e7, Aile \u00c7al\u0131\u015fma ve Sosyal Hizmetler \u0130l M\u00fcd\u00fcr\u00fc H\u00fcsn\u00fc Bengin Efet\u00fcrk, 15 Temmuz Demokrasi \u015eehitleri, Gazi ve Ter\u00f6r Ma\u011fdurlar\u0131 Derne\u011fi Ba\u015fkan\u0131 Hatice Turan Kandemir, T\u00fcrkiye G\u00fcvenlik Korucular\u0131 ve \u015eehit Aileleri Federasyonu Ba\u015fkan\u0131 Orhan Kandemir ile g\u00fcvenlik g\u00fc\u00e7leri ve \u015fehit yak\u0131nlar\u0131 kat\u0131ld\u0131.<\/p>\n","protected":false},"excerpt":{"rendered":"<p>VAL\u0130 YAMAN VE PROTOKOL \u00dcYELER\u0130, \u015eEH\u0130T MEZARLARINA KARANF\u0130L BIRTI<\/p>\n","protected":false},"author":1,"featured_media":182327,"comment_status":"closed","ping_status":"open","sticky":false,"template":"","format":"standard","meta":{"jetpack_post_was_ever_published":false,"_jetpack_newsletter_access":"","_jetpack_dont_email_post_to_subs":false,"_jetpack_newsletter_tier_id":0,"_jetpack_memberships_contains_paywalled_content":false,"_jetpack_memberships_contains_paid_content":false,"footnotes":"","jetpack_publicize_message":"","jetpack_publicize_feature_enabled":true,"jetpack_social_post_already_shared":true,"jetpack_social_options":{"image_generator_settings":{"template":"highway","default_image_id":0,"font":"","enabled":false},"version":2}},"categories":[1],"tags":[2129,1837,1148],"class_list":["post-182326","post","type-post","status-publish","format-standard","has-post-thumbnail","hentry","category-genel","tag-etkinlikleri","tag-mardinde","tag-temmuz"],"jetpack_publicize_connections":[],"jetpack_featured_media_url":"https:\/\/i0.wp.com\/www.tvturk.com\/wp-content\/uploads\/2019\/07\/mardinde-15-temmuz-etkinlikleri_02fc328.jpg?fit=360%2C308","jetpack_sharing_enabled":true,"jetpack_shortlink":"https:\/\/wp.me\/paKIfm-LqK","_links":{"self":[{"href":"http:\/\/www.tvturk.com\/index.php\/wp-json\/wp\/v2\/posts\/182326","targetHints":{"allow":["GET"]}}],"collection":[{"href":"http:\/\/www.tvturk.com\/index.php\/wp-json\/wp\/v2\/posts"}],"about":[{"href":"http:\/\/www.tvturk.com\/index.php\/wp-json\/wp\/v2\/types\/post"}],"author":[{"embeddable":true,"href":"http:\/\/www.tvturk.com\/index.php\/wp-json\/wp\/v2\/users\/1"}],"replies":[{"embeddable":true,"href":"http:\/\/www.tvturk.com\/index.php\/wp-json\/wp\/v2\/comments?post=182326"}],"version-history":[{"count":0,"href":"http:\/\/www.tvturk.com\/index.php\/wp-json\/wp\/v2\/posts\/182326\/revisions"}],"wp:featuredmedia":[{"embeddable":true,"href":"http:\/\/www.tvturk.com\/index.php\/wp-json\/wp\/v2\/media\/182327"}],"wp:attachment":[{"href":"http:\/\/www.tvturk.com\/index.php\/wp-json\/wp\/v2\/media?parent=182326"}],"wp:term":[{"taxonomy":"category","embeddable":true,"href":"http:\/\/www.tvturk.com\/index.php\/wp-json\/wp\/v2\/categories?post=182326"},{"taxonomy":"post_tag","embeddable":true,"href":"http:\/\/www.tvturk.com\/index.php\/wp-json\/wp\/v2\/tags?post=182326"}],"curies":[{"name":"wp","href":"https:\/\/api.w.org\/{rel}","templated":true}]}}