{"id":182336,"date":"2019-07-15T16:31:56","date_gmt":"2019-07-15T13:31:56","guid":{"rendered":"http:\/\/www.tvturk.com\/index.php\/sirnakta-15-temmuz-etkinlikleri\/"},"modified":"2019-07-15T16:31:56","modified_gmt":"2019-07-15T13:31:56","slug":"sirnakta-15-temmuz-etkinlikleri","status":"publish","type":"post","link":"http:\/\/www.tvturk.com\/index.php\/sirnakta-15-temmuz-etkinlikleri\/","title":{"rendered":"\u015e\u0131rnak\u2019ta 15 Temmuz etkinlikleri"},"content":{"rendered":"<p>\u015e\u0131rnak\u2019ta, 15 Temmuz darbe giri\u015fimin y\u0131l d\u00f6n\u00fcm\u00fc nedeni ile \u00e7e\u015fitli etkinlikler d\u00fczenlendi.<\/p>\n<p>15 Temmuz darbe giri\u015fimin y\u0131l d\u00f6n\u00fcm\u00fc etkinlikleri kapsam\u0131nda \u015e\u0131rnak 23. Piyade T\u00fcmen Komutanl\u0131\u011f\u0131 \u015eehitlik An\u0131t\u0131 \u00f6n\u00fcnde darbe giri\u015fiminde \u015fehit olanlar an\u0131ld\u0131. Programa, \u015e\u0131rnak Valisi Mehmet Akta\u015f, 23. Piyade T\u00fcmen Komutan\u0131 Tu\u011fgeneral Halil Soysal, \u0130l Jandarma Komutan\u0131 Tu\u011fgeneral Sel\u00e7uk Y\u0131ld\u0131r\u0131m, \u0130l Emniyet M\u00fcd\u00fcr\u00fc \u00d6mer Uslusoy, \u015e\u0131rnak Belediye Ba\u015fkan\u0131 Mehmet Yarka, kurum m\u00fcd\u00fcrleri ve vatanda\u015flar kat\u0131ld\u0131. Program, Kur\u2019an-\u0131 Kerim tilaveti ve dualar\u0131n okunmas\u0131yla devam etti. Daha sonra program \u015e\u0131rnak 23. Piyade T\u00fcmen Komutanl\u0131\u011f\u0131 \u015eehitlik An\u0131t\u0131n\u0131n gezilmesiyle sona erdi.<\/p>\n<p>\u015eehitler i\u00e7in mevlit okutuldu<\/p>\n<p>\u015e\u0131rnak Valili\u011fi taraf\u0131ndan Yeni Mahalle\u2019de bulunan Geylani Camii\u2019nde \u015fehitler i\u00e7in mevlit program\u0131 d\u00fczenlendi. Programa Vali Mehmet Akta\u015f, 23. Piyade T\u00fcmen Komutan\u0131 Tu\u011fgeneral Halil Sosysal, \u0130l Jandarma Komutan\u0131 Tu\u011fgeneral Sel\u00e7uk Y\u0131ld\u0131r\u0131m, \u0130l Emniyet M\u00fcd\u00fcr\u00fc \u00d6mer Uslusoy, \u015e\u0131rnak Belediye Ba\u015fkan\u0131 Mehmet Yarka, kurum amirleri ve \u00e7ok say\u0131da vatanda\u015f kat\u0131ld\u0131. Kur\u2019an-\u0131 Kerim tilavetiyle ba\u015flayan program Mevlid-i \u015eerif ve ilahilerin okunmas\u0131yla devam etti. \u0130l M\u00fcft\u00fcs\u00fc Ramazan Tolan ise \u015fehitler i\u00e7in dua etti.<\/p>\n<p>Cami \u00e7\u0131k\u0131\u015f\u0131nda mevlit program\u0131na kat\u0131lanlara tatl\u0131 ikram edildi.<\/p>\n","protected":false},"excerpt":{"rendered":"<p>\u015eIRNAK&#8217;TA, 15 TEMMUZ DARBE G\u0130R\u0130\u015e\u0130M\u0130N YIL D\u00d6N\u00dcM\u00dc NEDEN\u0130 \u0130LE \u00c7E\u015e\u0130TL\u0130 ETK\u0130NL\u0130KLER D\u00dcZENLEND\u0130.<\/p>\n","protected":false},"author":1,"featured_media":182337,"comment_status":"closed","ping_status":"open","sticky":false,"template":"","format":"standard","meta":{"jetpack_post_was_ever_published":false,"_jetpack_newsletter_access":"","_jetpack_dont_email_post_to_subs":false,"_jetpack_newsletter_tier_id":0,"_jetpack_memberships_contains_paywalled_content":false,"_jetpack_memberships_contains_paid_content":false,"footnotes":"","jetpack_publicize_message":"","jetpack_publicize_feature_enabled":true,"jetpack_social_post_already_shared":true,"jetpack_social_options":{"image_generator_settings":{"template":"highway","default_image_id":0,"font":"","enabled":false},"version":2}},"categories":[1],"tags":[2129,2002,1148],"class_list":["post-182336","post","type-post","status-publish","format-standard","has-post-thumbnail","hentry","category-genel","tag-etkinlikleri","tag-sirnakta","tag-temmuz"],"jetpack_publicize_connections":[],"jetpack_featured_media_url":"https:\/\/i0.wp.com\/www.tvturk.com\/wp-content\/uploads\/2019\/07\/sirnakta-15-temmuz-etkinlikleri_e96fcc4.jpg?fit=1000%2C664","jetpack_sharing_enabled":true,"jetpack_shortlink":"https:\/\/wp.me\/paKIfm-LqU","_links":{"self":[{"href":"http:\/\/www.tvturk.com\/index.php\/wp-json\/wp\/v2\/posts\/182336","targetHints":{"allow":["GET"]}}],"collection":[{"href":"http:\/\/www.tvturk.com\/index.php\/wp-json\/wp\/v2\/posts"}],"about":[{"href":"http:\/\/www.tvturk.com\/index.php\/wp-json\/wp\/v2\/types\/post"}],"author":[{"embeddable":true,"href":"http:\/\/www.tvturk.com\/index.php\/wp-json\/wp\/v2\/users\/1"}],"replies":[{"embeddable":true,"href":"http:\/\/www.tvturk.com\/index.php\/wp-json\/wp\/v2\/comments?post=182336"}],"version-history":[{"count":0,"href":"http:\/\/www.tvturk.com\/index.php\/wp-json\/wp\/v2\/posts\/182336\/revisions"}],"wp:featuredmedia":[{"embeddable":true,"href":"http:\/\/www.tvturk.com\/index.php\/wp-json\/wp\/v2\/media\/182337"}],"wp:attachment":[{"href":"http:\/\/www.tvturk.com\/index.php\/wp-json\/wp\/v2\/media?parent=182336"}],"wp:term":[{"taxonomy":"category","embeddable":true,"href":"http:\/\/www.tvturk.com\/index.php\/wp-json\/wp\/v2\/categories?post=182336"},{"taxonomy":"post_tag","embeddable":true,"href":"http:\/\/www.tvturk.com\/index.php\/wp-json\/wp\/v2\/tags?post=182336"}],"curies":[{"name":"wp","href":"https:\/\/api.w.org\/{rel}","templated":true}]}}