{"id":182346,"date":"2019-07-15T17:16:28","date_gmt":"2019-07-15T14:16:28","guid":{"rendered":"http:\/\/www.tvturk.com\/index.php\/basaksehir-15-temmuzu-unutmadi\/"},"modified":"2019-07-15T17:16:28","modified_gmt":"2019-07-15T14:16:28","slug":"basaksehir-15-temmuzu-unutmadi","status":"publish","type":"post","link":"http:\/\/www.tvturk.com\/index.php\/basaksehir-15-temmuzu-unutmadi\/","title":{"rendered":"Ba\u015fak\u015fehir 15 Temmuz\u2019u unutmad\u0131"},"content":{"rendered":"<p>Fetullah\u00e7\u0131 Ter\u00f6r \u00d6rg\u00fct\u00fc (FET\u00d6) \u00fcyelerinin 15 Temmuz 2016\u2019da kalk\u0131\u015ft\u0131klar\u0131 darbe giri\u015fimin 3\u2019\u00fcnc\u00fc y\u0131l d\u00f6n\u00fcm\u00fcnde 15 Temmuz \u015fehitleri t\u00fcm yurtta oldu\u011fu gibi Ba\u015fak\u015fehir\u2019de de etkinliklerle an\u0131ld\u0131. Hain darbe giri\u015fiminde Sara\u00e7hane\u2019de \u015fehit d\u00fc\u015fen Haki Aras, Ba\u015fak\u015fehir\u2019deki kabri ba\u015f\u0131nda dualarla yad edildi.<\/p>\n<p>Ba\u015fak\u015fehir Belediye Ba\u015fkan\u0131 Yasin Karto\u011flu, sabah saatlerinde il\u00e7e protokol\u00fcyle birlikte \u015eehit Haki Aras\u2019\u0131n Alt\u0131n\u015fehir Mezarl\u0131\u011f\u0131\u2019ndaki kabrine geldi. \u015eehidin ailesine ba\u015fsa\u011fl\u0131\u011f\u0131 dileyen Karto\u011flu ve beraberindekiler buradan hain bir ter\u00f6r sald\u0131r\u0131s\u0131nda \u015fehit olan Komiser Yard\u0131mc\u0131s\u0131 Erdem \u00d6z\u00e7elik\u2019in kabrine ge\u00e7tiler. Ba\u015fak\u015fehir \u0130l\u00e7e M\u00fcft\u00fcs\u00fc Necdet Arman\u2019\u0131n \u015fehitler i\u00e7in okudu\u011fu dualara hep bir a\u011f\u0131zdan \u201cAmin\u201d diyen heyet \u015fehit aileleriyle bir s\u00fcre sohbet etti.<\/p>\n<p>\u201cAc\u0131s\u0131 d\u00fcn gibi y\u00fcre\u011fimde\u201d<\/p>\n<p>15 Temmuz \u015eehidi Haki Aras\u2019\u0131n karde\u015fi Emrah Aras, \u201cA\u011fabeyimi sanki d\u00fcn kaybetmi\u015fim ayn\u0131 ac\u0131y\u0131 i\u00e7imde ta\u015f\u0131yorum. Rabbim; a\u011fabeyim ba\u015fta olmak \u00fczere bu vatan, bayrak ve ezan i\u00e7in \u015fehit olmu\u015f b\u00fct\u00fcn \u015fehitlerimizi Peygamberimize (sallallah\u00fc aleyhi ve sellem) kom\u015fu eylesin\u201d dedi.<\/p>\n<p>Mevlit okutuldu, lokum da\u011f\u0131t\u0131ld\u0131<\/p>\n<p>Ba\u015fak\u015fehir Belediye Ba\u015fkan\u0131 Yasin Karto\u011flu, kabir ziyaretlerinin ard\u0131ndan \u201c15 Temmuz Demokrasi ve Milli Birlik G\u00fcn\u00fc\u201d kapsam\u0131nda Ba\u015fak\u015fehir \u0130mam-\u0131 Azam Camii\u2019nde d\u00fczenlenen mevlit program\u0131na kat\u0131ld\u0131. Ba\u015fak\u015fehir Belediyesi, mevlit program\u0131 sonunda vatanda\u015flara lokum ikram\u0131nda bulundu.<\/p>\n<p>An\u0131 defterine ilk yaz\u0131 Ba\u015fkan Karto\u011flu\u2019ndan<\/p>\n<p>Ba\u015fak\u015fehir \u0130l\u00e7e Emniyet M\u00fcd\u00fcrl\u00fc\u011f\u00fc bah\u00e7esine konulan \u201c15 Temmuz An\u0131 Defteri\u201dne ilk yaz\u0131y\u0131 Ba\u015fak\u015fehir Belediye Ba\u015fkan\u0131 Yasin Karto\u011flu yazd\u0131. Karto\u011flu, an\u0131 defterine \u015funlar\u0131 kaydetti: \u201cTarihin en b\u00fcy\u00fck ihanetine \u015fahitlik etti\u011fimiz 15 Temmuz\u2019un \u00fczerinden \u00fc\u00e7 y\u0131l ge\u00e7ti. Canlar\u0131yla, kanlar\u0131yla o karanl\u0131k geceden ayd\u0131nl\u0131\u011fa \u00e7\u0131kmam\u0131z\u0131 sa\u011flayan 251 aziz \u015fehidimizin ac\u0131s\u0131 hala y\u00fcreklerimizde tazeli\u011fini koruyor. Cumhurba\u015fkan\u0131m\u0131z ve Ba\u015fkomutan\u0131m\u0131z Say\u0131n Recep Tayyip Erdo\u011fan\u2019\u0131n feraseti ile ya\u015fl\u0131s\u0131 genci, kad\u0131n\u0131 erke\u011fi hep birlikte tek y\u00fcrek olarak yazd\u0131\u011f\u0131m\u0131z destan\u0131 d\u00fcnyaya bir kez daha hayk\u0131r\u0131yoruz ve diyoruz ki; 15 Temmuz\u2019u unutmad\u0131k ve unutmayaca\u011f\u0131z\u201d dedi.<\/p>\n<p>Atat\u00fcrk Havaliman\u0131\u2019na \u00fccretsiz servis<\/p>\n<p>Ba\u015fak\u015fehir Belediyesi, bu y\u0131l ilk kez Atat\u00fcrk Havaliman\u0131\u2019nda d\u00fczenlenecek \u201815 Temmuz Demokrasi ve Milli Birlik G\u00fcn\u00fc\u2019 etkinlikleri i\u00e7in il\u00e7enin \u00e7e\u015fitli noktalar\u0131ndan servisler kald\u0131rd\u0131. \u0130l\u00e7e sakinlerinin daha rahat ve huzurlu bir yolculuk yapabilmesi i\u00e7in t\u00fcm imkanlar\u0131 seferber eden belediye ekipleri farkl\u0131 mahallelerden 47 servisle Ba\u015fak\u015fehirlileri etkinlik alan\u0131na ta\u015f\u0131d\u0131.<\/p>\n","protected":false},"excerpt":{"rendered":"<p>15 TEMMUZ \u015eEH\u0130TLER\u0130 BA\u015eAK\u015eEH\u0130R\u2019DE KAB\u0130RLER\u0130 BA\u015eINDA DUALARLA YAD ED\u0130LD\u0130. PROGRAMA BA\u015eAK\u015eEH\u0130R BELED\u0130YE BA\u015eKANI YAS\u0130N KARTO\u011eLU DA KATILDI.<\/p>\n","protected":false},"author":1,"featured_media":182347,"comment_status":"closed","ping_status":"open","sticky":false,"template":"","format":"standard","meta":{"jetpack_post_was_ever_published":false,"_jetpack_newsletter_access":"","_jetpack_dont_email_post_to_subs":false,"_jetpack_newsletter_tier_id":0,"_jetpack_memberships_contains_paywalled_content":false,"_jetpack_memberships_contains_paid_content":false,"footnotes":"","jetpack_publicize_message":"","jetpack_publicize_feature_enabled":true,"jetpack_social_post_already_shared":true,"jetpack_social_options":{"image_generator_settings":{"template":"highway","default_image_id":0,"font":"","enabled":false},"version":2}},"categories":[1],"tags":[6004,5114,5472],"class_list":["post-182346","post","type-post","status-publish","format-standard","has-post-thumbnail","hentry","category-genel","tag-basaksehir","tag-temmuzu","tag-unutmadi"],"jetpack_publicize_connections":[],"jetpack_featured_media_url":"https:\/\/i0.wp.com\/www.tvturk.com\/wp-content\/uploads\/2019\/07\/basaksehir-15-temmuzu-unutmadi_2be1c60.jpg?fit=1000%2C667","jetpack_sharing_enabled":true,"jetpack_shortlink":"https:\/\/wp.me\/paKIfm-Lr4","_links":{"self":[{"href":"http:\/\/www.tvturk.com\/index.php\/wp-json\/wp\/v2\/posts\/182346","targetHints":{"allow":["GET"]}}],"collection":[{"href":"http:\/\/www.tvturk.com\/index.php\/wp-json\/wp\/v2\/posts"}],"about":[{"href":"http:\/\/www.tvturk.com\/index.php\/wp-json\/wp\/v2\/types\/post"}],"author":[{"embeddable":true,"href":"http:\/\/www.tvturk.com\/index.php\/wp-json\/wp\/v2\/users\/1"}],"replies":[{"embeddable":true,"href":"http:\/\/www.tvturk.com\/index.php\/wp-json\/wp\/v2\/comments?post=182346"}],"version-history":[{"count":0,"href":"http:\/\/www.tvturk.com\/index.php\/wp-json\/wp\/v2\/posts\/182346\/revisions"}],"wp:featuredmedia":[{"embeddable":true,"href":"http:\/\/www.tvturk.com\/index.php\/wp-json\/wp\/v2\/media\/182347"}],"wp:attachment":[{"href":"http:\/\/www.tvturk.com\/index.php\/wp-json\/wp\/v2\/media?parent=182346"}],"wp:term":[{"taxonomy":"category","embeddable":true,"href":"http:\/\/www.tvturk.com\/index.php\/wp-json\/wp\/v2\/categories?post=182346"},{"taxonomy":"post_tag","embeddable":true,"href":"http:\/\/www.tvturk.com\/index.php\/wp-json\/wp\/v2\/tags?post=182346"}],"curies":[{"name":"wp","href":"https:\/\/api.w.org\/{rel}","templated":true}]}}