{"id":182354,"date":"2019-07-15T17:31:41","date_gmt":"2019-07-15T14:31:41","guid":{"rendered":"http:\/\/www.tvturk.com\/index.php\/sehit-ve-gazi-aileleri-ile-sehit-kabirleri-ziyaret-edildi\/"},"modified":"2019-07-15T17:31:41","modified_gmt":"2019-07-15T14:31:41","slug":"sehit-ve-gazi-aileleri-ile-sehit-kabirleri-ziyaret-edildi","status":"publish","type":"post","link":"http:\/\/www.tvturk.com\/index.php\/sehit-ve-gazi-aileleri-ile-sehit-kabirleri-ziyaret-edildi\/","title":{"rendered":"\u015eehit ve gazi aileleri ile \u015fehit kabirleri ziyaret edildi"},"content":{"rendered":"<p>15 Temmuz \u015eehitlerini anma Demokrasi ve Milli Birlik G\u00fcn\u00fc 3.y\u0131l d\u00f6n\u00fcm\u00fc nedeniyle Ordu\u2019nun Fatsa il\u00e7e \u015fehitli\u011finde anma program\u0131 d\u00fczenlendi.<\/p>\n<p>Sayg\u0131 duru\u015fu ve istiklal mar\u015f\u0131n\u0131n yap\u0131lmas\u0131 ile ba\u015flayan program\u0131n devam\u0131nda din g\u00f6revlisi taraf\u0131ndan kuran\u0131 kerim okundu. Program il\u00e7e m\u00fcft\u00fc vekili murat top taraf\u0131ndan yap\u0131lan dua ile sona erdi<\/p>\n<p>Programa AK Parti Ordu Milletvekili Erg\u00fcn Ta\u015f\u00e7\u0131,  Kaymakam Mehmet yap\u0131c\u0131, Belediye Ba\u015fkan\u0131 \u0130brahim Etem Kibar, resmi kurum m\u00fcd\u00fcrleri \u015fehit yak\u0131nlar\u0131 ve gaziler kat\u0131ld\u0131.<\/p>\n","protected":false},"excerpt":{"rendered":"<p>15 TEMMUZ \u015eEH\u0130TLER\u0130N\u0130 ANMA DEMOKRAS\u0130 VE M\u0130LL\u0130 B\u0130RL\u0130K G\u00dcN\u00dc 3.YIL D\u00d6N\u00dcM\u00dc NEDEN\u0130YLE ORDU\u2019NUN FATSA \u0130L\u00c7E \u015eEH\u0130TL\u0130\u011e\u0130NDE ANMA PROGRAMI D\u00dcZENLEND\u0130.<\/p>\n","protected":false},"author":1,"featured_media":182355,"comment_status":"closed","ping_status":"open","sticky":false,"template":"","format":"standard","meta":{"jetpack_post_was_ever_published":false,"_jetpack_newsletter_access":"","_jetpack_dont_email_post_to_subs":false,"_jetpack_newsletter_tier_id":0,"_jetpack_memberships_contains_paywalled_content":false,"_jetpack_memberships_contains_paid_content":false,"footnotes":"","jetpack_publicize_message":"","jetpack_publicize_feature_enabled":true,"jetpack_social_post_already_shared":true,"jetpack_social_options":{"image_generator_settings":{"template":"highway","default_image_id":0,"font":"","enabled":false},"version":2}},"categories":[1],"tags":[3097,9215,857,192,9226,237,150],"class_list":["post-182354","post","type-post","status-publish","format-standard","has-post-thumbnail","hentry","category-genel","tag-gazi","tag-aileleri","tag-edildi","tag-ile","tag-kabirleri","tag-sehit","tag-ziyaret"],"jetpack_publicize_connections":[],"jetpack_featured_media_url":"https:\/\/i0.wp.com\/www.tvturk.com\/wp-content\/uploads\/2019\/07\/sehit-ve-gazi-aileleri-ile-sehit-kabirleri-ziyaret-edildi_6b956a6.jpg?fit=920%2C431","jetpack_sharing_enabled":true,"jetpack_shortlink":"https:\/\/wp.me\/paKIfm-Lrc","_links":{"self":[{"href":"http:\/\/www.tvturk.com\/index.php\/wp-json\/wp\/v2\/posts\/182354","targetHints":{"allow":["GET"]}}],"collection":[{"href":"http:\/\/www.tvturk.com\/index.php\/wp-json\/wp\/v2\/posts"}],"about":[{"href":"http:\/\/www.tvturk.com\/index.php\/wp-json\/wp\/v2\/types\/post"}],"author":[{"embeddable":true,"href":"http:\/\/www.tvturk.com\/index.php\/wp-json\/wp\/v2\/users\/1"}],"replies":[{"embeddable":true,"href":"http:\/\/www.tvturk.com\/index.php\/wp-json\/wp\/v2\/comments?post=182354"}],"version-history":[{"count":0,"href":"http:\/\/www.tvturk.com\/index.php\/wp-json\/wp\/v2\/posts\/182354\/revisions"}],"wp:featuredmedia":[{"embeddable":true,"href":"http:\/\/www.tvturk.com\/index.php\/wp-json\/wp\/v2\/media\/182355"}],"wp:attachment":[{"href":"http:\/\/www.tvturk.com\/index.php\/wp-json\/wp\/v2\/media?parent=182354"}],"wp:term":[{"taxonomy":"category","embeddable":true,"href":"http:\/\/www.tvturk.com\/index.php\/wp-json\/wp\/v2\/categories?post=182354"},{"taxonomy":"post_tag","embeddable":true,"href":"http:\/\/www.tvturk.com\/index.php\/wp-json\/wp\/v2\/tags?post=182354"}],"curies":[{"name":"wp","href":"https:\/\/api.w.org\/{rel}","templated":true}]}}